{"id":305,"date":"2022-02-10T22:18:44","date_gmt":"2022-02-10T22:18:44","guid":{"rendered":"http:\/\/radionorte.cl\/?p=305"},"modified":"2022-02-10T22:18:45","modified_gmt":"2022-02-10T22:18:45","slug":"daniel-labarca","status":"publish","type":"post","link":"https:\/\/radionorte.cl\/?p=305","title":{"rendered":"Daniel Labarca"},"content":{"rendered":"\n<figure class=\"wp-block-gallery has-nested-images columns-default is-cropped wp-block-gallery-1 is-layout-flex wp-block-gallery-is-layout-flex\">\n<figure class=\"wp-block-image size-large\"><img data-recalc-dims=\"1\" loading=\"lazy\" decoding=\"async\" width=\"720\" height=\"480\" data-id=\"308\" src=\"https:\/\/i0.wp.com\/radionorte.cl\/wp-content\/uploads\/2022\/02\/WhatsApp-Image-2022-02-07-at-21.30.47-2.jpeg?resize=720%2C480\" alt=\"\" class=\"wp-image-308\" srcset=\"https:\/\/i0.wp.com\/radionorte.cl\/wp-content\/uploads\/2022\/02\/WhatsApp-Image-2022-02-07-at-21.30.47-2.jpeg?w=720&amp;ssl=1 720w, https:\/\/i0.wp.com\/radionorte.cl\/wp-content\/uploads\/2022\/02\/WhatsApp-Image-2022-02-07-at-21.30.47-2.jpeg?resize=300%2C200&amp;ssl=1 300w\" sizes=\"auto, (max-width: 720px) 100vw, 720px\" \/><\/figure>\n\n\n\n<figure class=\"wp-block-image size-large\"><img data-recalc-dims=\"1\" loading=\"lazy\" decoding=\"async\" width=\"720\" height=\"480\" data-id=\"306\" src=\"https:\/\/i0.wp.com\/radionorte.cl\/wp-content\/uploads\/2022\/02\/WhatsApp-Image-2022-02-07-at-21.29.59-4.jpeg?resize=720%2C480\" alt=\"\" class=\"wp-image-306\" srcset=\"https:\/\/i0.wp.com\/radionorte.cl\/wp-content\/uploads\/2022\/02\/WhatsApp-Image-2022-02-07-at-21.29.59-4.jpeg?w=720&amp;ssl=1 720w, https:\/\/i0.wp.com\/radionorte.cl\/wp-content\/uploads\/2022\/02\/WhatsApp-Image-2022-02-07-at-21.29.59-4.jpeg?resize=300%2C200&amp;ssl=1 300w\" sizes=\"auto, (max-width: 720px) 100vw, 720px\" \/><\/figure>\n\n\n\n<figure class=\"wp-block-image size-large\"><img data-recalc-dims=\"1\" loading=\"lazy\" decoding=\"async\" width=\"720\" height=\"960\" data-id=\"307\" src=\"https:\/\/i0.wp.com\/radionorte.cl\/wp-content\/uploads\/2022\/02\/WhatsApp-Image-2022-02-07-at-21.28.36-4.jpeg?resize=720%2C960\" alt=\"\" class=\"wp-image-307\" srcset=\"https:\/\/i0.wp.com\/radionorte.cl\/wp-content\/uploads\/2022\/02\/WhatsApp-Image-2022-02-07-at-21.28.36-4.jpeg?w=720&amp;ssl=1 720w, https:\/\/i0.wp.com\/radionorte.cl\/wp-content\/uploads\/2022\/02\/WhatsApp-Image-2022-02-07-at-21.28.36-4.jpeg?resize=225%2C300&amp;ssl=1 225w\" sizes=\"auto, (max-width: 720px) 100vw, 720px\" \/><\/figure>\n<\/figure>\n\n\n\n<p>Daniel Labarca es un m\u00fasico cantautor solista oriundo de la Perla del Norte. Comenz\u00f3 su carrera musical el a\u00f1o 2013 y comienza a presentarse en la bohemia estudiantil dentro de Antofagasta, donde recorri\u00f3 amplios escenarios y plataformas de difusi\u00f3n, como festivales de m\u00fasica, programas de radio y TV locales.<\/p>\n\n\n\n<p>Es el a\u00f1o 2018 que lanza su primer single \u201cbuenos d\u00edas mi amor\u201d-<br>El 2020 \u201cPlaneta azul\u201d<\/p>\n\n\n\n<p><br>2021 en medio de la pandemia lanza \u201cEquinoxio\u201d con la colaboracion de la cantante arique\u00f1a<br>Marisol Cartagena.<\/p>\n\n\n\n<p><br>Y el 2022 \u201cEl vac\u00edo\u201d con la destacada cantante Sandra Villacorta.<br>Su trabajo se encuentra disponible en sus redes sociales.<\/p>\n\n\n\n<p>Instagram:&nbsp;<a href=\"https:\/\/instagram.com\/dannomusique87?utm_medium=copy_link\">https:\/\/instagram.com\/dannomusique87?utm_medium=copy_link<\/a><\/p>\n\n\n\n<p>Youtube:&nbsp;<a href=\"https:\/\/youtube.com\/channel\/UCx4cAXSFF2qc03WbJEJ-6eg\">https:\/\/youtube.com\/channel\/UCx4cAXSFF2qc03WbJEJ-6eg<\/a><\/p>\n","protected":false},"excerpt":{"rendered":"<p>Daniel Labarca es un m\u00fasico cantautor solista oriundo de la Perla del Norte. Comenz\u00f3 su carrera musical el a\u00f1o 2013 y comienza a presentarse en la bohemia estudiantil dentro de Antofagasta, donde recorri\u00f3 amplios escenarios y plataformas de difusi\u00f3n, como festivales de m\u00fasica, programas de radio y TV locales. Es el a\u00f1o 2018 que lanza su primer single \u201cbuenos d\u00edas mi amor\u201d-El 2020 \u201cPlaneta azul\u201d 2021 en medio de la pandemia lanza \u201cEquinoxio\u201d con la colaboracion de la cantante arique\u00f1aMarisol Cartagena. Y el 2022 \u201cEl vac\u00edo\u201d con la destacada cantante Sandra Villacorta.Su trabajo se encuentra disponible en sus redes sociales. Instagram:&nbsp;https:\/\/instagram.com\/dannomusique87?utm_medium=copy_link Youtube:&nbsp;https:\/\/youtube.com\/channel\/UCx4cAXSFF2qc03WbJEJ-6eg<\/p>\n","protected":false},"author":1,"featured_media":306,"comment_status":"open","ping_status":"open","sticky":false,"template":"","format":"standard","meta":{"_jetpack_memberships_contains_paid_content":false,"footnotes":""},"categories":[149],"tags":[],"class_list":["post-305","post","type-post","status-publish","format-standard","has-post-thumbnail","hentry","category-escucha-online-aqui"],"yoast_head":"<!-- This site is optimized with the Yoast SEO plugin v27.4 - https:\/\/yoast.com\/product\/yoast-seo-wordpress\/ -->\n<title>Daniel Labarca -<\/title>\n<meta name=\"robots\" content=\"index, follow, max-snippet:-1, max-image-preview:large, max-video-preview:-1\" \/>\n<link rel=\"canonical\" href=\"https:\/\/radionorte.cl\/?p=305\" \/>\n<meta property=\"og:locale\" content=\"es_ES\" \/>\n<meta property=\"og:type\" content=\"article\" \/>\n<meta property=\"og:title\" content=\"Daniel Labarca -\" \/>\n<meta property=\"og:description\" content=\"Daniel Labarca es un m\u00fasico cantautor solista oriundo de la Perla del Norte. Comenz\u00f3 su carrera musical el a\u00f1o 2013 y comienza a presentarse en la bohemia estudiantil dentro de Antofagasta, donde recorri\u00f3 amplios escenarios y plataformas de difusi\u00f3n, como festivales de m\u00fasica, programas de radio y TV locales. Es el a\u00f1o 2018 que lanza su primer single \u201cbuenos d\u00edas mi amor\u201d-El 2020 \u201cPlaneta azul\u201d 2021 en medio de la pandemia lanza \u201cEquinoxio\u201d con la colaboracion de la cantante arique\u00f1aMarisol Cartagena. Y el 2022 \u201cEl vac\u00edo\u201d con la destacada cantante Sandra Villacorta.Su trabajo se encuentra disponible en sus redes sociales. Instagram:&nbsp;https:\/\/instagram.com\/dannomusique87?utm_medium=copy_link Youtube:&nbsp;https:\/\/youtube.com\/channel\/UCx4cAXSFF2qc03WbJEJ-6eg\" \/>\n<meta property=\"og:url\" content=\"https:\/\/radionorte.cl\/?p=305\" \/>\n<meta property=\"article:published_time\" content=\"2022-02-10T22:18:44+00:00\" \/>\n<meta property=\"article:modified_time\" content=\"2022-02-10T22:18:45+00:00\" \/>\n<meta property=\"og:image\" content=\"https:\/\/radionorte.cl\/wp-content\/uploads\/2022\/02\/WhatsApp-Image-2022-02-07-at-21.29.59-4.jpeg\" \/>\n\t<meta property=\"og:image:width\" content=\"720\" \/>\n\t<meta property=\"og:image:height\" content=\"480\" \/>\n\t<meta property=\"og:image:type\" content=\"image\/jpeg\" \/>\n<meta name=\"author\" content=\"carocklina\" \/>\n<meta name=\"twitter:card\" content=\"summary_large_image\" \/>\n<meta name=\"twitter:label1\" content=\"Escrito por\" \/>\n\t<meta name=\"twitter:data1\" content=\"carocklina\" \/>\n\t<meta name=\"twitter:label2\" content=\"Tiempo estimado de lectura\" \/>\n\t<meta name=\"twitter:data2\" content=\"2 minutos\" \/>\n<script type=\"application\/ld+json\" class=\"yoast-schema-graph\">{\"@context\":\"https:\\\/\\\/schema.org\",\"@graph\":[{\"@type\":\"Article\",\"@id\":\"https:\\\/\\\/radionorte.cl\\\/?p=305#article\",\"isPartOf\":{\"@id\":\"https:\\\/\\\/radionorte.cl\\\/?p=305\"},\"author\":{\"name\":\"carocklina\",\"@id\":\"https:\\\/\\\/radionorte.cl\\\/#\\\/schema\\\/person\\\/baacf6923dce8651ca2587cbf14dbef2\"},\"headline\":\"Daniel Labarca\",\"datePublished\":\"2022-02-10T22:18:44+00:00\",\"dateModified\":\"2022-02-10T22:18:45+00:00\",\"mainEntityOfPage\":{\"@id\":\"https:\\\/\\\/radionorte.cl\\\/?p=305\"},\"wordCount\":128,\"commentCount\":0,\"image\":{\"@id\":\"https:\\\/\\\/radionorte.cl\\\/?p=305#primaryimage\"},\"thumbnailUrl\":\"https:\\\/\\\/i0.wp.com\\\/radionorte.cl\\\/wp-content\\\/uploads\\\/2022\\\/02\\\/WhatsApp-Image-2022-02-07-at-21.29.59-4.jpeg?fit=720%2C480&ssl=1\",\"articleSection\":[\"Radio Norte\"],\"inLanguage\":\"es-CL\",\"potentialAction\":[{\"@type\":\"CommentAction\",\"name\":\"Comment\",\"target\":[\"https:\\\/\\\/radionorte.cl\\\/?p=305#respond\"]}]},{\"@type\":\"WebPage\",\"@id\":\"https:\\\/\\\/radionorte.cl\\\/?p=305\",\"url\":\"https:\\\/\\\/radionorte.cl\\\/?p=305\",\"name\":\"Daniel Labarca -\",\"isPartOf\":{\"@id\":\"https:\\\/\\\/radionorte.cl\\\/#website\"},\"primaryImageOfPage\":{\"@id\":\"https:\\\/\\\/radionorte.cl\\\/?p=305#primaryimage\"},\"image\":{\"@id\":\"https:\\\/\\\/radionorte.cl\\\/?p=305#primaryimage\"},\"thumbnailUrl\":\"https:\\\/\\\/i0.wp.com\\\/radionorte.cl\\\/wp-content\\\/uploads\\\/2022\\\/02\\\/WhatsApp-Image-2022-02-07-at-21.29.59-4.jpeg?fit=720%2C480&ssl=1\",\"datePublished\":\"2022-02-10T22:18:44+00:00\",\"dateModified\":\"2022-02-10T22:18:45+00:00\",\"author\":{\"@id\":\"https:\\\/\\\/radionorte.cl\\\/#\\\/schema\\\/person\\\/baacf6923dce8651ca2587cbf14dbef2\"},\"breadcrumb\":{\"@id\":\"https:\\\/\\\/radionorte.cl\\\/?p=305#breadcrumb\"},\"inLanguage\":\"es-CL\",\"potentialAction\":[{\"@type\":\"ReadAction\",\"target\":[\"https:\\\/\\\/radionorte.cl\\\/?p=305\"]}]},{\"@type\":\"ImageObject\",\"inLanguage\":\"es-CL\",\"@id\":\"https:\\\/\\\/radionorte.cl\\\/?p=305#primaryimage\",\"url\":\"https:\\\/\\\/i0.wp.com\\\/radionorte.cl\\\/wp-content\\\/uploads\\\/2022\\\/02\\\/WhatsApp-Image-2022-02-07-at-21.29.59-4.jpeg?fit=720%2C480&ssl=1\",\"contentUrl\":\"https:\\\/\\\/i0.wp.com\\\/radionorte.cl\\\/wp-content\\\/uploads\\\/2022\\\/02\\\/WhatsApp-Image-2022-02-07-at-21.29.59-4.jpeg?fit=720%2C480&ssl=1\",\"width\":720,\"height\":480,\"caption\":\"Daniel Labarca\"},{\"@type\":\"BreadcrumbList\",\"@id\":\"https:\\\/\\\/radionorte.cl\\\/?p=305#breadcrumb\",\"itemListElement\":[{\"@type\":\"ListItem\",\"position\":1,\"name\":\"Home\",\"item\":\"https:\\\/\\\/radionorte.cl\\\/\"},{\"@type\":\"ListItem\",\"position\":2,\"name\":\"Daniel Labarca\"}]},{\"@type\":\"WebSite\",\"@id\":\"https:\\\/\\\/radionorte.cl\\\/#website\",\"url\":\"https:\\\/\\\/radionorte.cl\\\/\",\"name\":\"\",\"description\":\"\",\"potentialAction\":[{\"@type\":\"SearchAction\",\"target\":{\"@type\":\"EntryPoint\",\"urlTemplate\":\"https:\\\/\\\/radionorte.cl\\\/?s={search_term_string}\"},\"query-input\":{\"@type\":\"PropertyValueSpecification\",\"valueRequired\":true,\"valueName\":\"search_term_string\"}}],\"inLanguage\":\"es-CL\"},{\"@type\":\"Person\",\"@id\":\"https:\\\/\\\/radionorte.cl\\\/#\\\/schema\\\/person\\\/baacf6923dce8651ca2587cbf14dbef2\",\"name\":\"carocklina\",\"image\":{\"@type\":\"ImageObject\",\"inLanguage\":\"es-CL\",\"@id\":\"https:\\\/\\\/secure.gravatar.com\\\/avatar\\\/9edc52d7207ebb4d2bce985a253a7e2e313a7e3ced068ec36b73c76301b89836?s=96&d=mm&r=g\",\"url\":\"https:\\\/\\\/secure.gravatar.com\\\/avatar\\\/9edc52d7207ebb4d2bce985a253a7e2e313a7e3ced068ec36b73c76301b89836?s=96&d=mm&r=g\",\"contentUrl\":\"https:\\\/\\\/secure.gravatar.com\\\/avatar\\\/9edc52d7207ebb4d2bce985a253a7e2e313a7e3ced068ec36b73c76301b89836?s=96&d=mm&r=g\",\"caption\":\"carocklina\"},\"sameAs\":[\"http:\\\/\\\/radionorte.cl\"],\"url\":\"https:\\\/\\\/radionorte.cl\\\/?author=1\"}]}<\/script>\n<!-- \/ Yoast SEO plugin. -->","yoast_head_json":{"title":"Daniel Labarca -","robots":{"index":"index","follow":"follow","max-snippet":"max-snippet:-1","max-image-preview":"max-image-preview:large","max-video-preview":"max-video-preview:-1"},"canonical":"https:\/\/radionorte.cl\/?p=305","og_locale":"es_ES","og_type":"article","og_title":"Daniel Labarca -","og_description":"Daniel Labarca es un m\u00fasico cantautor solista oriundo de la Perla del Norte. Comenz\u00f3 su carrera musical el a\u00f1o 2013 y comienza a presentarse en la bohemia estudiantil dentro de Antofagasta, donde recorri\u00f3 amplios escenarios y plataformas de difusi\u00f3n, como festivales de m\u00fasica, programas de radio y TV locales. Es el a\u00f1o 2018 que lanza su primer single \u201cbuenos d\u00edas mi amor\u201d-El 2020 \u201cPlaneta azul\u201d 2021 en medio de la pandemia lanza \u201cEquinoxio\u201d con la colaboracion de la cantante arique\u00f1aMarisol Cartagena. Y el 2022 \u201cEl vac\u00edo\u201d con la destacada cantante Sandra Villacorta.Su trabajo se encuentra disponible en sus redes sociales. Instagram:&nbsp;https:\/\/instagram.com\/dannomusique87?utm_medium=copy_link Youtube:&nbsp;https:\/\/youtube.com\/channel\/UCx4cAXSFF2qc03WbJEJ-6eg","og_url":"https:\/\/radionorte.cl\/?p=305","article_published_time":"2022-02-10T22:18:44+00:00","article_modified_time":"2022-02-10T22:18:45+00:00","og_image":[{"width":720,"height":480,"url":"https:\/\/radionorte.cl\/wp-content\/uploads\/2022\/02\/WhatsApp-Image-2022-02-07-at-21.29.59-4.jpeg","type":"image\/jpeg"}],"author":"carocklina","twitter_card":"summary_large_image","twitter_misc":{"Escrito por":"carocklina","Tiempo estimado de lectura":"2 minutos"},"schema":{"@context":"https:\/\/schema.org","@graph":[{"@type":"Article","@id":"https:\/\/radionorte.cl\/?p=305#article","isPartOf":{"@id":"https:\/\/radionorte.cl\/?p=305"},"author":{"name":"carocklina","@id":"https:\/\/radionorte.cl\/#\/schema\/person\/baacf6923dce8651ca2587cbf14dbef2"},"headline":"Daniel Labarca","datePublished":"2022-02-10T22:18:44+00:00","dateModified":"2022-02-10T22:18:45+00:00","mainEntityOfPage":{"@id":"https:\/\/radionorte.cl\/?p=305"},"wordCount":128,"commentCount":0,"image":{"@id":"https:\/\/radionorte.cl\/?p=305#primaryimage"},"thumbnailUrl":"https:\/\/i0.wp.com\/radionorte.cl\/wp-content\/uploads\/2022\/02\/WhatsApp-Image-2022-02-07-at-21.29.59-4.jpeg?fit=720%2C480&ssl=1","articleSection":["Radio Norte"],"inLanguage":"es-CL","potentialAction":[{"@type":"CommentAction","name":"Comment","target":["https:\/\/radionorte.cl\/?p=305#respond"]}]},{"@type":"WebPage","@id":"https:\/\/radionorte.cl\/?p=305","url":"https:\/\/radionorte.cl\/?p=305","name":"Daniel Labarca -","isPartOf":{"@id":"https:\/\/radionorte.cl\/#website"},"primaryImageOfPage":{"@id":"https:\/\/radionorte.cl\/?p=305#primaryimage"},"image":{"@id":"https:\/\/radionorte.cl\/?p=305#primaryimage"},"thumbnailUrl":"https:\/\/i0.wp.com\/radionorte.cl\/wp-content\/uploads\/2022\/02\/WhatsApp-Image-2022-02-07-at-21.29.59-4.jpeg?fit=720%2C480&ssl=1","datePublished":"2022-02-10T22:18:44+00:00","dateModified":"2022-02-10T22:18:45+00:00","author":{"@id":"https:\/\/radionorte.cl\/#\/schema\/person\/baacf6923dce8651ca2587cbf14dbef2"},"breadcrumb":{"@id":"https:\/\/radionorte.cl\/?p=305#breadcrumb"},"inLanguage":"es-CL","potentialAction":[{"@type":"ReadAction","target":["https:\/\/radionorte.cl\/?p=305"]}]},{"@type":"ImageObject","inLanguage":"es-CL","@id":"https:\/\/radionorte.cl\/?p=305#primaryimage","url":"https:\/\/i0.wp.com\/radionorte.cl\/wp-content\/uploads\/2022\/02\/WhatsApp-Image-2022-02-07-at-21.29.59-4.jpeg?fit=720%2C480&ssl=1","contentUrl":"https:\/\/i0.wp.com\/radionorte.cl\/wp-content\/uploads\/2022\/02\/WhatsApp-Image-2022-02-07-at-21.29.59-4.jpeg?fit=720%2C480&ssl=1","width":720,"height":480,"caption":"Daniel Labarca"},{"@type":"BreadcrumbList","@id":"https:\/\/radionorte.cl\/?p=305#breadcrumb","itemListElement":[{"@type":"ListItem","position":1,"name":"Home","item":"https:\/\/radionorte.cl\/"},{"@type":"ListItem","position":2,"name":"Daniel Labarca"}]},{"@type":"WebSite","@id":"https:\/\/radionorte.cl\/#website","url":"https:\/\/radionorte.cl\/","name":"","description":"","potentialAction":[{"@type":"SearchAction","target":{"@type":"EntryPoint","urlTemplate":"https:\/\/radionorte.cl\/?s={search_term_string}"},"query-input":{"@type":"PropertyValueSpecification","valueRequired":true,"valueName":"search_term_string"}}],"inLanguage":"es-CL"},{"@type":"Person","@id":"https:\/\/radionorte.cl\/#\/schema\/person\/baacf6923dce8651ca2587cbf14dbef2","name":"carocklina","image":{"@type":"ImageObject","inLanguage":"es-CL","@id":"https:\/\/secure.gravatar.com\/avatar\/9edc52d7207ebb4d2bce985a253a7e2e313a7e3ced068ec36b73c76301b89836?s=96&d=mm&r=g","url":"https:\/\/secure.gravatar.com\/avatar\/9edc52d7207ebb4d2bce985a253a7e2e313a7e3ced068ec36b73c76301b89836?s=96&d=mm&r=g","contentUrl":"https:\/\/secure.gravatar.com\/avatar\/9edc52d7207ebb4d2bce985a253a7e2e313a7e3ced068ec36b73c76301b89836?s=96&d=mm&r=g","caption":"carocklina"},"sameAs":["http:\/\/radionorte.cl"],"url":"https:\/\/radionorte.cl\/?author=1"}]}},"jetpack_featured_media_url":"https:\/\/i0.wp.com\/radionorte.cl\/wp-content\/uploads\/2022\/02\/WhatsApp-Image-2022-02-07-at-21.29.59-4.jpeg?fit=720%2C480&ssl=1","jetpack-related-posts":[{"id":367,"url":"https:\/\/radionorte.cl\/?p=367","url_meta":{"origin":305,"position":0},"title":"Sandy D","author":"carocklina","date":"Febrero 26, 2022","format":false,"excerpt":"Soy titulada de profesora b\u00e1sica con un post t\u00edtulo en ingl\u00e9s, capaz de dejar todo de lado por la m\u00fasica, apasionada y con la concepci\u00f3n de que en el canto hay que encontrar una voz propia que te diferenciede los dem\u00e1s y as\u00ed abordar una canci\u00f3n como v\u00eda de expresi\u00f3n\u2026","rel":"","context":"En &quot;Radio Norte&quot;","block_context":{"text":"Radio Norte","link":"https:\/\/radionorte.cl\/?cat=149"},"img":{"alt_text":"","src":"https:\/\/i0.wp.com\/radionorte.cl\/wp-content\/uploads\/2022\/02\/sandy-1.jpg?fit=480%2C480&ssl=1&resize=350%2C200","width":350,"height":200},"classes":[]},{"id":501,"url":"https:\/\/radionorte.cl\/?p=501","url_meta":{"origin":305,"position":1},"title":"Banda iquique\u00f1a Claustrofobia lanza sesi\u00f3n en vivo ad portas de su primer single","author":"carocklina","date":"Enero 3, 2023","format":false,"excerpt":"De esta manera la agrupaci\u00f3n musical liderada por la cantautora Claudia S\u00e1nchez se prepara para un 2023 cargado de novedades, entre ellas su primer disco de estudio y presentaciones musicales por otras ciudades de Chile. En Iquique, Regi\u00f3n de Tarapac\u00e1, nace la banda Claustrofobia, agrupaci\u00f3n musical que recientemente lanz\u00f3 una\u2026","rel":"","context":"En &quot;Radio Norte&quot;","block_context":{"text":"Radio Norte","link":"https:\/\/radionorte.cl\/?cat=149"},"img":{"alt_text":"","src":"https:\/\/i0.wp.com\/radionorte.cl\/wp-content\/uploads\/2023\/01\/01-1.png?fit=1024%2C614&ssl=1&resize=350%2C200","width":350,"height":200,"srcset":"https:\/\/i0.wp.com\/radionorte.cl\/wp-content\/uploads\/2023\/01\/01-1.png?fit=1024%2C614&ssl=1&resize=350%2C200 1x, https:\/\/i0.wp.com\/radionorte.cl\/wp-content\/uploads\/2023\/01\/01-1.png?fit=1024%2C614&ssl=1&resize=525%2C300 1.5x, https:\/\/i0.wp.com\/radionorte.cl\/wp-content\/uploads\/2023\/01\/01-1.png?fit=1024%2C614&ssl=1&resize=700%2C400 2x"},"classes":[]},{"id":456,"url":"https:\/\/radionorte.cl\/?p=456","url_meta":{"origin":305,"position":2},"title":"Gianinna Mutarello lanza su disco La Idea Original","author":"carocklina","date":"Noviembre 19, 2022","format":false,"excerpt":"Gianinna Mutarello Blues Band El Blues femenino se toma los escenarios antofagastinos Con un gran concierto a realizarse este 19 de Noviembre en el auditorio del museo Ruinas de Huanchaca, la cantautora del g\u00e9nero blues , Gianinna Mutarello, lanza su primer trabajo discogr\u00e1fico llamado \u201cLa idea Original\u201d, obra producida por\u2026","rel":"","context":"En &quot;Radio Norte&quot;","block_context":{"text":"Radio Norte","link":"https:\/\/radionorte.cl\/?cat=149"},"img":{"alt_text":"","src":"https:\/\/i0.wp.com\/radionorte.cl\/wp-content\/uploads\/2022\/11\/WhatsApp-Image-2022-11-19-at-10.11.26.jpeg?fit=960%2C1200&ssl=1&resize=350%2C200","width":350,"height":200,"srcset":"https:\/\/i0.wp.com\/radionorte.cl\/wp-content\/uploads\/2022\/11\/WhatsApp-Image-2022-11-19-at-10.11.26.jpeg?fit=960%2C1200&ssl=1&resize=350%2C200 1x, https:\/\/i0.wp.com\/radionorte.cl\/wp-content\/uploads\/2022\/11\/WhatsApp-Image-2022-11-19-at-10.11.26.jpeg?fit=960%2C1200&ssl=1&resize=525%2C300 1.5x, https:\/\/i0.wp.com\/radionorte.cl\/wp-content\/uploads\/2022\/11\/WhatsApp-Image-2022-11-19-at-10.11.26.jpeg?fit=960%2C1200&ssl=1&resize=700%2C400 2x"},"classes":[]},{"id":320,"url":"https:\/\/radionorte.cl\/?p=320","url_meta":{"origin":305,"position":3},"title":"Quienes Somos","author":"carocklina","date":"Febrero 10, 2022","format":false,"excerpt":"Radio Norte es una Radio seria, cuerda, con humor, diversi\u00f3n y mucha entretenci\u00f3n. Nace a partir de la experiencia de Carocklina (www.carocklina.cl) La Eterna Del Rock, plataforma que fue muy bien recibida por la comunidad y por ello nos quisimos ampliar en la gama musical no solo llegando a los\u2026","rel":"","context":"En &quot;Radio Norte&quot;","block_context":{"text":"Radio Norte","link":"https:\/\/radionorte.cl\/?cat=149"},"img":{"alt_text":"","src":"https:\/\/i0.wp.com\/radionorte.cl\/wp-content\/uploads\/2022\/02\/WhatsApp-Image-2022-02-06-at-10.58.59-2.jpeg?fit=1080%2C1054&ssl=1&resize=350%2C200","width":350,"height":200,"srcset":"https:\/\/i0.wp.com\/radionorte.cl\/wp-content\/uploads\/2022\/02\/WhatsApp-Image-2022-02-06-at-10.58.59-2.jpeg?fit=1080%2C1054&ssl=1&resize=350%2C200 1x, https:\/\/i0.wp.com\/radionorte.cl\/wp-content\/uploads\/2022\/02\/WhatsApp-Image-2022-02-06-at-10.58.59-2.jpeg?fit=1080%2C1054&ssl=1&resize=525%2C300 1.5x, https:\/\/i0.wp.com\/radionorte.cl\/wp-content\/uploads\/2022\/02\/WhatsApp-Image-2022-02-06-at-10.58.59-2.jpeg?fit=1080%2C1054&ssl=1&resize=700%2C400 2x, https:\/\/i0.wp.com\/radionorte.cl\/wp-content\/uploads\/2022\/02\/WhatsApp-Image-2022-02-06-at-10.58.59-2.jpeg?fit=1080%2C1054&ssl=1&resize=1050%2C600 3x"},"classes":[]},{"id":337,"url":"https:\/\/radionorte.cl\/?p=337","url_meta":{"origin":305,"position":4},"title":"Poputrash","author":"carocklina","date":"Febrero 25, 2022","format":false,"excerpt":"Percusionista, Armonicista y GuitarristaComenc\u00e9 en la m\u00fasica desde los 14 a\u00f1os con la bateria. Luego pas\u00e9 al Djembe, Cajon, y bongoes. Pas\u00e9 a un instrumento mel\u00f3dico con la arm\u00f3nica hace ya 4 a\u00f1os, interpretando mayormente blues, junto a algo de jazz. Recientemente comenc\u00e9 con una guitarra de fabricaci\u00f3n propia, inspirada\u2026","rel":"","context":"En &quot;Radio Norte&quot;","block_context":{"text":"Radio Norte","link":"https:\/\/radionorte.cl\/?cat=149"},"img":{"alt_text":"","src":"https:\/\/i0.wp.com\/radionorte.cl\/wp-content\/uploads\/2022\/02\/WhatsApp-Image-2022-02-24-at-18.06.42-1.jpeg?fit=1089%2C936&ssl=1&resize=350%2C200","width":350,"height":200,"srcset":"https:\/\/i0.wp.com\/radionorte.cl\/wp-content\/uploads\/2022\/02\/WhatsApp-Image-2022-02-24-at-18.06.42-1.jpeg?fit=1089%2C936&ssl=1&resize=350%2C200 1x, https:\/\/i0.wp.com\/radionorte.cl\/wp-content\/uploads\/2022\/02\/WhatsApp-Image-2022-02-24-at-18.06.42-1.jpeg?fit=1089%2C936&ssl=1&resize=525%2C300 1.5x, https:\/\/i0.wp.com\/radionorte.cl\/wp-content\/uploads\/2022\/02\/WhatsApp-Image-2022-02-24-at-18.06.42-1.jpeg?fit=1089%2C936&ssl=1&resize=700%2C400 2x, https:\/\/i0.wp.com\/radionorte.cl\/wp-content\/uploads\/2022\/02\/WhatsApp-Image-2022-02-24-at-18.06.42-1.jpeg?fit=1089%2C936&ssl=1&resize=1050%2C600 3x"},"classes":[]},{"id":300,"url":"https:\/\/radionorte.cl\/?p=300","url_meta":{"origin":305,"position":5},"title":"Carolina Reyes","author":"carocklina","date":"Febrero 10, 2022","format":false,"excerpt":"Carolina Reyes Herrera, es la Directora de Radio Norte, Sigue T\u00fa Norte. Carolina, es estudiante de Derecho en la Universidad de Antofagasta, comenz\u00f3 su carrera Radial el a\u00f1o 2009, en el programa \u201cLa Tardera\u201d, para continuar en la Radio Nuevo Mundo de la ciudad de Antofagasta, conduciendo el programa \u201cAl\u2026","rel":"","context":"En &quot;Radio Norte&quot;","block_context":{"text":"Radio Norte","link":"https:\/\/radionorte.cl\/?cat=149"},"img":{"alt_text":"","src":"https:\/\/i0.wp.com\/radionorte.cl\/wp-content\/uploads\/2022\/02\/WhatsApp-Image-2022-02-10-at-18.06.33.jpeg?fit=999%2C1200&ssl=1&resize=350%2C200","width":350,"height":200,"srcset":"https:\/\/i0.wp.com\/radionorte.cl\/wp-content\/uploads\/2022\/02\/WhatsApp-Image-2022-02-10-at-18.06.33.jpeg?fit=999%2C1200&ssl=1&resize=350%2C200 1x, https:\/\/i0.wp.com\/radionorte.cl\/wp-content\/uploads\/2022\/02\/WhatsApp-Image-2022-02-10-at-18.06.33.jpeg?fit=999%2C1200&ssl=1&resize=525%2C300 1.5x, https:\/\/i0.wp.com\/radionorte.cl\/wp-content\/uploads\/2022\/02\/WhatsApp-Image-2022-02-10-at-18.06.33.jpeg?fit=999%2C1200&ssl=1&resize=700%2C400 2x"},"classes":[]}],"jetpack_sharing_enabled":true,"_links":{"self":[{"href":"https:\/\/radionorte.cl\/index.php?rest_route=\/wp\/v2\/posts\/305","targetHints":{"allow":["GET"]}}],"collection":[{"href":"https:\/\/radionorte.cl\/index.php?rest_route=\/wp\/v2\/posts"}],"about":[{"href":"https:\/\/radionorte.cl\/index.php?rest_route=\/wp\/v2\/types\/post"}],"author":[{"embeddable":true,"href":"https:\/\/radionorte.cl\/index.php?rest_route=\/wp\/v2\/users\/1"}],"replies":[{"embeddable":true,"href":"https:\/\/radionorte.cl\/index.php?rest_route=%2Fwp%2Fv2%2Fcomments&post=305"}],"version-history":[{"count":1,"href":"https:\/\/radionorte.cl\/index.php?rest_route=\/wp\/v2\/posts\/305\/revisions"}],"predecessor-version":[{"id":309,"href":"https:\/\/radionorte.cl\/index.php?rest_route=\/wp\/v2\/posts\/305\/revisions\/309"}],"wp:featuredmedia":[{"embeddable":true,"href":"https:\/\/radionorte.cl\/index.php?rest_route=\/wp\/v2\/media\/306"}],"wp:attachment":[{"href":"https:\/\/radionorte.cl\/index.php?rest_route=%2Fwp%2Fv2%2Fmedia&parent=305"}],"wp:term":[{"taxonomy":"category","embeddable":true,"href":"https:\/\/radionorte.cl\/index.php?rest_route=%2Fwp%2Fv2%2Fcategories&post=305"},{"taxonomy":"post_tag","embeddable":true,"href":"https:\/\/radionorte.cl\/index.php?rest_route=%2Fwp%2Fv2%2Ftags&post=305"}],"curies":[{"name":"wp","href":"https:\/\/api.w.org\/{rel}","templated":true}]}}