{"id":337,"date":"2022-02-25T04:24:01","date_gmt":"2022-02-25T04:24:01","guid":{"rendered":"http:\/\/radionorte.cl\/?p=337"},"modified":"2022-02-25T04:25:02","modified_gmt":"2022-02-25T04:25:02","slug":"poputrash","status":"publish","type":"post","link":"https:\/\/radionorte.cl\/?p=337","title":{"rendered":"Poputrash"},"content":{"rendered":"\n<figure class=\"wp-block-gallery has-nested-images columns-default is-cropped wp-block-gallery-1 is-layout-flex wp-block-gallery-is-layout-flex\">\n<figure class=\"wp-block-image size-large\"><img data-recalc-dims=\"1\" loading=\"lazy\" decoding=\"async\" width=\"720\" height=\"480\" data-id=\"338\" src=\"https:\/\/i0.wp.com\/radionorte.cl\/wp-content\/uploads\/2022\/02\/WhatsApp-Image-2022-02-24-at-18.06.43.jpeg?resize=720%2C480\" alt=\"\" class=\"wp-image-338\" srcset=\"https:\/\/i0.wp.com\/radionorte.cl\/wp-content\/uploads\/2022\/02\/WhatsApp-Image-2022-02-24-at-18.06.43.jpeg?w=720&amp;ssl=1 720w, https:\/\/i0.wp.com\/radionorte.cl\/wp-content\/uploads\/2022\/02\/WhatsApp-Image-2022-02-24-at-18.06.43.jpeg?resize=300%2C200&amp;ssl=1 300w\" sizes=\"auto, (max-width: 720px) 100vw, 720px\" \/><\/figure>\n\n\n\n<figure class=\"wp-block-image size-large\"><img data-recalc-dims=\"1\" loading=\"lazy\" decoding=\"async\" width=\"960\" height=\"825\" data-id=\"339\" src=\"https:\/\/i0.wp.com\/radionorte.cl\/wp-content\/uploads\/2022\/02\/WhatsApp-Image-2022-02-24-at-18.06.42-1.jpeg?resize=960%2C825\" alt=\"\" class=\"wp-image-339\" srcset=\"https:\/\/i0.wp.com\/radionorte.cl\/wp-content\/uploads\/2022\/02\/WhatsApp-Image-2022-02-24-at-18.06.42-1.jpeg?resize=1024%2C880&amp;ssl=1 1024w, https:\/\/i0.wp.com\/radionorte.cl\/wp-content\/uploads\/2022\/02\/WhatsApp-Image-2022-02-24-at-18.06.42-1.jpeg?resize=300%2C258&amp;ssl=1 300w, https:\/\/i0.wp.com\/radionorte.cl\/wp-content\/uploads\/2022\/02\/WhatsApp-Image-2022-02-24-at-18.06.42-1.jpeg?resize=768%2C660&amp;ssl=1 768w, https:\/\/i0.wp.com\/radionorte.cl\/wp-content\/uploads\/2022\/02\/WhatsApp-Image-2022-02-24-at-18.06.42-1.jpeg?w=1089&amp;ssl=1 1089w\" sizes=\"auto, (max-width: 960px) 100vw, 960px\" \/><\/figure>\n\n\n\n<figure class=\"wp-block-image size-large\"><img data-recalc-dims=\"1\" loading=\"lazy\" decoding=\"async\" width=\"547\" height=\"343\" data-id=\"340\" src=\"https:\/\/i0.wp.com\/radionorte.cl\/wp-content\/uploads\/2022\/02\/WhatsApp-Image-2022-02-24-at-18.06.42.jpeg?resize=547%2C343\" alt=\"\" class=\"wp-image-340\" srcset=\"https:\/\/i0.wp.com\/radionorte.cl\/wp-content\/uploads\/2022\/02\/WhatsApp-Image-2022-02-24-at-18.06.42.jpeg?w=547&amp;ssl=1 547w, https:\/\/i0.wp.com\/radionorte.cl\/wp-content\/uploads\/2022\/02\/WhatsApp-Image-2022-02-24-at-18.06.42.jpeg?resize=300%2C188&amp;ssl=1 300w\" sizes=\"auto, (max-width: 547px) 100vw, 547px\" \/><\/figure>\n<\/figure>\n\n\n\n<p>Percusionista, Armonicista y Guitarrista<br>Comenc\u00e9 en la m\u00fasica desde los 14 a\u00f1os con la bateria. Luego pas\u00e9 al Djembe, Cajon, y bongoes. Pas\u00e9 a un instrumento mel\u00f3dico con la arm\u00f3nica hace ya 4 a\u00f1os, interpretando mayormente blues, junto a algo de jazz. Recientemente comenc\u00e9 con una guitarra de fabricaci\u00f3n propia, inspirada en los instrumentos del blues afroamericano de los a\u00f1os &#8217;30. Interpreto mayormente Chicago Blues, rock, y un poco de jazz y country.<br>Ahora trabajo como m\u00fasico callejero y he acompa\u00f1ado a artistas locales Feler y Gianinna Mutarello en varias presentaciones en Antofagasta y Mejillones.<\/p>\n\n\n\n<p>Instagram es @<a href=\"http:\/\/www.instagram.com\/victor_poputrash\">victor_poputrash<\/a><\/p>\n","protected":false},"excerpt":{"rendered":"<p>Percusionista, Armonicista y GuitarristaComenc\u00e9 en la m\u00fasica desde los 14 a\u00f1os con la bateria. Luego pas\u00e9 al Djembe, Cajon, y bongoes. Pas\u00e9 a un instrumento mel\u00f3dico con la arm\u00f3nica hace ya 4 a\u00f1os, interpretando mayormente blues, junto a algo de jazz. Recientemente comenc\u00e9 con una guitarra de fabricaci\u00f3n propia, inspirada en los instrumentos del blues afroamericano de los a\u00f1os &#8217;30. Interpreto mayormente Chicago Blues, rock, y un poco de jazz y country.Ahora trabajo como m\u00fasico callejero y he acompa\u00f1ado a artistas locales Feler y Gianinna Mutarello en varias presentaciones en Antofagasta y Mejillones. Instagram es @victor_poputrash<\/p>\n","protected":false},"author":1,"featured_media":339,"comment_status":"open","ping_status":"open","sticky":false,"template":"","format":"standard","meta":{"_jetpack_memberships_contains_paid_content":false,"footnotes":""},"categories":[149],"tags":[],"class_list":["post-337","post","type-post","status-publish","format-standard","has-post-thumbnail","hentry","category-escucha-online-aqui"],"yoast_head":"<!-- This site is optimized with the Yoast SEO plugin v27.4 - https:\/\/yoast.com\/product\/yoast-seo-wordpress\/ -->\n<title>Poputrash -<\/title>\n<meta name=\"robots\" content=\"index, follow, max-snippet:-1, max-image-preview:large, max-video-preview:-1\" \/>\n<link rel=\"canonical\" href=\"https:\/\/radionorte.cl\/?p=337\" \/>\n<meta property=\"og:locale\" content=\"es_ES\" \/>\n<meta property=\"og:type\" content=\"article\" \/>\n<meta property=\"og:title\" content=\"Poputrash -\" \/>\n<meta property=\"og:description\" content=\"Percusionista, Armonicista y GuitarristaComenc\u00e9 en la m\u00fasica desde los 14 a\u00f1os con la bateria. Luego pas\u00e9 al Djembe, Cajon, y bongoes. Pas\u00e9 a un instrumento mel\u00f3dico con la arm\u00f3nica hace ya 4 a\u00f1os, interpretando mayormente blues, junto a algo de jazz. Recientemente comenc\u00e9 con una guitarra de fabricaci\u00f3n propia, inspirada en los instrumentos del blues afroamericano de los a\u00f1os &#8217;30. Interpreto mayormente Chicago Blues, rock, y un poco de jazz y country.Ahora trabajo como m\u00fasico callejero y he acompa\u00f1ado a artistas locales Feler y Gianinna Mutarello en varias presentaciones en Antofagasta y Mejillones. Instagram es @victor_poputrash\" \/>\n<meta property=\"og:url\" content=\"https:\/\/radionorte.cl\/?p=337\" \/>\n<meta property=\"article:published_time\" content=\"2022-02-25T04:24:01+00:00\" \/>\n<meta property=\"article:modified_time\" content=\"2022-02-25T04:25:02+00:00\" \/>\n<meta property=\"og:image\" content=\"http:\/\/radionorte.cl\/wp-content\/uploads\/2022\/02\/WhatsApp-Image-2022-02-24-at-18.06.42-1.jpeg\" \/>\n\t<meta property=\"og:image:width\" content=\"1089\" \/>\n\t<meta property=\"og:image:height\" content=\"936\" \/>\n\t<meta property=\"og:image:type\" content=\"image\/jpeg\" \/>\n<meta name=\"author\" content=\"carocklina\" \/>\n<meta name=\"twitter:card\" content=\"summary_large_image\" \/>\n<meta name=\"twitter:label1\" content=\"Escrito por\" \/>\n\t<meta name=\"twitter:data1\" content=\"carocklina\" \/>\n\t<meta name=\"twitter:label2\" content=\"Tiempo estimado de lectura\" \/>\n\t<meta name=\"twitter:data2\" content=\"2 minutos\" \/>\n<script type=\"application\/ld+json\" class=\"yoast-schema-graph\">{\"@context\":\"https:\\\/\\\/schema.org\",\"@graph\":[{\"@type\":\"Article\",\"@id\":\"https:\\\/\\\/radionorte.cl\\\/?p=337#article\",\"isPartOf\":{\"@id\":\"https:\\\/\\\/radionorte.cl\\\/?p=337\"},\"author\":{\"name\":\"carocklina\",\"@id\":\"https:\\\/\\\/radionorte.cl\\\/#\\\/schema\\\/person\\\/baacf6923dce8651ca2587cbf14dbef2\"},\"headline\":\"Poputrash\",\"datePublished\":\"2022-02-25T04:24:01+00:00\",\"dateModified\":\"2022-02-25T04:25:02+00:00\",\"mainEntityOfPage\":{\"@id\":\"https:\\\/\\\/radionorte.cl\\\/?p=337\"},\"wordCount\":105,\"commentCount\":0,\"image\":{\"@id\":\"https:\\\/\\\/radionorte.cl\\\/?p=337#primaryimage\"},\"thumbnailUrl\":\"https:\\\/\\\/i0.wp.com\\\/radionorte.cl\\\/wp-content\\\/uploads\\\/2022\\\/02\\\/WhatsApp-Image-2022-02-24-at-18.06.42-1.jpeg?fit=1089%2C936&ssl=1\",\"articleSection\":[\"Radio Norte\"],\"inLanguage\":\"es-CL\",\"potentialAction\":[{\"@type\":\"CommentAction\",\"name\":\"Comment\",\"target\":[\"https:\\\/\\\/radionorte.cl\\\/?p=337#respond\"]}]},{\"@type\":\"WebPage\",\"@id\":\"https:\\\/\\\/radionorte.cl\\\/?p=337\",\"url\":\"https:\\\/\\\/radionorte.cl\\\/?p=337\",\"name\":\"Poputrash -\",\"isPartOf\":{\"@id\":\"https:\\\/\\\/radionorte.cl\\\/#website\"},\"primaryImageOfPage\":{\"@id\":\"https:\\\/\\\/radionorte.cl\\\/?p=337#primaryimage\"},\"image\":{\"@id\":\"https:\\\/\\\/radionorte.cl\\\/?p=337#primaryimage\"},\"thumbnailUrl\":\"https:\\\/\\\/i0.wp.com\\\/radionorte.cl\\\/wp-content\\\/uploads\\\/2022\\\/02\\\/WhatsApp-Image-2022-02-24-at-18.06.42-1.jpeg?fit=1089%2C936&ssl=1\",\"datePublished\":\"2022-02-25T04:24:01+00:00\",\"dateModified\":\"2022-02-25T04:25:02+00:00\",\"author\":{\"@id\":\"https:\\\/\\\/radionorte.cl\\\/#\\\/schema\\\/person\\\/baacf6923dce8651ca2587cbf14dbef2\"},\"breadcrumb\":{\"@id\":\"https:\\\/\\\/radionorte.cl\\\/?p=337#breadcrumb\"},\"inLanguage\":\"es-CL\",\"potentialAction\":[{\"@type\":\"ReadAction\",\"target\":[\"https:\\\/\\\/radionorte.cl\\\/?p=337\"]}]},{\"@type\":\"ImageObject\",\"inLanguage\":\"es-CL\",\"@id\":\"https:\\\/\\\/radionorte.cl\\\/?p=337#primaryimage\",\"url\":\"https:\\\/\\\/i0.wp.com\\\/radionorte.cl\\\/wp-content\\\/uploads\\\/2022\\\/02\\\/WhatsApp-Image-2022-02-24-at-18.06.42-1.jpeg?fit=1089%2C936&ssl=1\",\"contentUrl\":\"https:\\\/\\\/i0.wp.com\\\/radionorte.cl\\\/wp-content\\\/uploads\\\/2022\\\/02\\\/WhatsApp-Image-2022-02-24-at-18.06.42-1.jpeg?fit=1089%2C936&ssl=1\",\"width\":1089,\"height\":936},{\"@type\":\"BreadcrumbList\",\"@id\":\"https:\\\/\\\/radionorte.cl\\\/?p=337#breadcrumb\",\"itemListElement\":[{\"@type\":\"ListItem\",\"position\":1,\"name\":\"Home\",\"item\":\"https:\\\/\\\/radionorte.cl\\\/\"},{\"@type\":\"ListItem\",\"position\":2,\"name\":\"Poputrash\"}]},{\"@type\":\"WebSite\",\"@id\":\"https:\\\/\\\/radionorte.cl\\\/#website\",\"url\":\"https:\\\/\\\/radionorte.cl\\\/\",\"name\":\"\",\"description\":\"\",\"potentialAction\":[{\"@type\":\"SearchAction\",\"target\":{\"@type\":\"EntryPoint\",\"urlTemplate\":\"https:\\\/\\\/radionorte.cl\\\/?s={search_term_string}\"},\"query-input\":{\"@type\":\"PropertyValueSpecification\",\"valueRequired\":true,\"valueName\":\"search_term_string\"}}],\"inLanguage\":\"es-CL\"},{\"@type\":\"Person\",\"@id\":\"https:\\\/\\\/radionorte.cl\\\/#\\\/schema\\\/person\\\/baacf6923dce8651ca2587cbf14dbef2\",\"name\":\"carocklina\",\"image\":{\"@type\":\"ImageObject\",\"inLanguage\":\"es-CL\",\"@id\":\"https:\\\/\\\/secure.gravatar.com\\\/avatar\\\/9edc52d7207ebb4d2bce985a253a7e2e313a7e3ced068ec36b73c76301b89836?s=96&d=mm&r=g\",\"url\":\"https:\\\/\\\/secure.gravatar.com\\\/avatar\\\/9edc52d7207ebb4d2bce985a253a7e2e313a7e3ced068ec36b73c76301b89836?s=96&d=mm&r=g\",\"contentUrl\":\"https:\\\/\\\/secure.gravatar.com\\\/avatar\\\/9edc52d7207ebb4d2bce985a253a7e2e313a7e3ced068ec36b73c76301b89836?s=96&d=mm&r=g\",\"caption\":\"carocklina\"},\"sameAs\":[\"http:\\\/\\\/radionorte.cl\"],\"url\":\"https:\\\/\\\/radionorte.cl\\\/?author=1\"}]}<\/script>\n<!-- \/ Yoast SEO plugin. -->","yoast_head_json":{"title":"Poputrash -","robots":{"index":"index","follow":"follow","max-snippet":"max-snippet:-1","max-image-preview":"max-image-preview:large","max-video-preview":"max-video-preview:-1"},"canonical":"https:\/\/radionorte.cl\/?p=337","og_locale":"es_ES","og_type":"article","og_title":"Poputrash -","og_description":"Percusionista, Armonicista y GuitarristaComenc\u00e9 en la m\u00fasica desde los 14 a\u00f1os con la bateria. Luego pas\u00e9 al Djembe, Cajon, y bongoes. Pas\u00e9 a un instrumento mel\u00f3dico con la arm\u00f3nica hace ya 4 a\u00f1os, interpretando mayormente blues, junto a algo de jazz. Recientemente comenc\u00e9 con una guitarra de fabricaci\u00f3n propia, inspirada en los instrumentos del blues afroamericano de los a\u00f1os &#8217;30. Interpreto mayormente Chicago Blues, rock, y un poco de jazz y country.Ahora trabajo como m\u00fasico callejero y he acompa\u00f1ado a artistas locales Feler y Gianinna Mutarello en varias presentaciones en Antofagasta y Mejillones. Instagram es @victor_poputrash","og_url":"https:\/\/radionorte.cl\/?p=337","article_published_time":"2022-02-25T04:24:01+00:00","article_modified_time":"2022-02-25T04:25:02+00:00","og_image":[{"width":1089,"height":936,"url":"http:\/\/radionorte.cl\/wp-content\/uploads\/2022\/02\/WhatsApp-Image-2022-02-24-at-18.06.42-1.jpeg","type":"image\/jpeg"}],"author":"carocklina","twitter_card":"summary_large_image","twitter_misc":{"Escrito por":"carocklina","Tiempo estimado de lectura":"2 minutos"},"schema":{"@context":"https:\/\/schema.org","@graph":[{"@type":"Article","@id":"https:\/\/radionorte.cl\/?p=337#article","isPartOf":{"@id":"https:\/\/radionorte.cl\/?p=337"},"author":{"name":"carocklina","@id":"https:\/\/radionorte.cl\/#\/schema\/person\/baacf6923dce8651ca2587cbf14dbef2"},"headline":"Poputrash","datePublished":"2022-02-25T04:24:01+00:00","dateModified":"2022-02-25T04:25:02+00:00","mainEntityOfPage":{"@id":"https:\/\/radionorte.cl\/?p=337"},"wordCount":105,"commentCount":0,"image":{"@id":"https:\/\/radionorte.cl\/?p=337#primaryimage"},"thumbnailUrl":"https:\/\/i0.wp.com\/radionorte.cl\/wp-content\/uploads\/2022\/02\/WhatsApp-Image-2022-02-24-at-18.06.42-1.jpeg?fit=1089%2C936&ssl=1","articleSection":["Radio Norte"],"inLanguage":"es-CL","potentialAction":[{"@type":"CommentAction","name":"Comment","target":["https:\/\/radionorte.cl\/?p=337#respond"]}]},{"@type":"WebPage","@id":"https:\/\/radionorte.cl\/?p=337","url":"https:\/\/radionorte.cl\/?p=337","name":"Poputrash -","isPartOf":{"@id":"https:\/\/radionorte.cl\/#website"},"primaryImageOfPage":{"@id":"https:\/\/radionorte.cl\/?p=337#primaryimage"},"image":{"@id":"https:\/\/radionorte.cl\/?p=337#primaryimage"},"thumbnailUrl":"https:\/\/i0.wp.com\/radionorte.cl\/wp-content\/uploads\/2022\/02\/WhatsApp-Image-2022-02-24-at-18.06.42-1.jpeg?fit=1089%2C936&ssl=1","datePublished":"2022-02-25T04:24:01+00:00","dateModified":"2022-02-25T04:25:02+00:00","author":{"@id":"https:\/\/radionorte.cl\/#\/schema\/person\/baacf6923dce8651ca2587cbf14dbef2"},"breadcrumb":{"@id":"https:\/\/radionorte.cl\/?p=337#breadcrumb"},"inLanguage":"es-CL","potentialAction":[{"@type":"ReadAction","target":["https:\/\/radionorte.cl\/?p=337"]}]},{"@type":"ImageObject","inLanguage":"es-CL","@id":"https:\/\/radionorte.cl\/?p=337#primaryimage","url":"https:\/\/i0.wp.com\/radionorte.cl\/wp-content\/uploads\/2022\/02\/WhatsApp-Image-2022-02-24-at-18.06.42-1.jpeg?fit=1089%2C936&ssl=1","contentUrl":"https:\/\/i0.wp.com\/radionorte.cl\/wp-content\/uploads\/2022\/02\/WhatsApp-Image-2022-02-24-at-18.06.42-1.jpeg?fit=1089%2C936&ssl=1","width":1089,"height":936},{"@type":"BreadcrumbList","@id":"https:\/\/radionorte.cl\/?p=337#breadcrumb","itemListElement":[{"@type":"ListItem","position":1,"name":"Home","item":"https:\/\/radionorte.cl\/"},{"@type":"ListItem","position":2,"name":"Poputrash"}]},{"@type":"WebSite","@id":"https:\/\/radionorte.cl\/#website","url":"https:\/\/radionorte.cl\/","name":"","description":"","potentialAction":[{"@type":"SearchAction","target":{"@type":"EntryPoint","urlTemplate":"https:\/\/radionorte.cl\/?s={search_term_string}"},"query-input":{"@type":"PropertyValueSpecification","valueRequired":true,"valueName":"search_term_string"}}],"inLanguage":"es-CL"},{"@type":"Person","@id":"https:\/\/radionorte.cl\/#\/schema\/person\/baacf6923dce8651ca2587cbf14dbef2","name":"carocklina","image":{"@type":"ImageObject","inLanguage":"es-CL","@id":"https:\/\/secure.gravatar.com\/avatar\/9edc52d7207ebb4d2bce985a253a7e2e313a7e3ced068ec36b73c76301b89836?s=96&d=mm&r=g","url":"https:\/\/secure.gravatar.com\/avatar\/9edc52d7207ebb4d2bce985a253a7e2e313a7e3ced068ec36b73c76301b89836?s=96&d=mm&r=g","contentUrl":"https:\/\/secure.gravatar.com\/avatar\/9edc52d7207ebb4d2bce985a253a7e2e313a7e3ced068ec36b73c76301b89836?s=96&d=mm&r=g","caption":"carocklina"},"sameAs":["http:\/\/radionorte.cl"],"url":"https:\/\/radionorte.cl\/?author=1"}]}},"jetpack_featured_media_url":"https:\/\/i0.wp.com\/radionorte.cl\/wp-content\/uploads\/2022\/02\/WhatsApp-Image-2022-02-24-at-18.06.42-1.jpeg?fit=1089%2C936&ssl=1","jetpack-related-posts":[{"id":320,"url":"https:\/\/radionorte.cl\/?p=320","url_meta":{"origin":337,"position":0},"title":"Quienes Somos","author":"carocklina","date":"Febrero 10, 2022","format":false,"excerpt":"Radio Norte es una Radio seria, cuerda, con humor, diversi\u00f3n y mucha entretenci\u00f3n. Nace a partir de la experiencia de Carocklina (www.carocklina.cl) La Eterna Del Rock, plataforma que fue muy bien recibida por la comunidad y por ello nos quisimos ampliar en la gama musical no solo llegando a los\u2026","rel":"","context":"En &quot;Radio Norte&quot;","block_context":{"text":"Radio Norte","link":"https:\/\/radionorte.cl\/?cat=149"},"img":{"alt_text":"","src":"https:\/\/i0.wp.com\/radionorte.cl\/wp-content\/uploads\/2022\/02\/WhatsApp-Image-2022-02-06-at-10.58.59-2.jpeg?fit=1080%2C1054&ssl=1&resize=350%2C200","width":350,"height":200,"srcset":"https:\/\/i0.wp.com\/radionorte.cl\/wp-content\/uploads\/2022\/02\/WhatsApp-Image-2022-02-06-at-10.58.59-2.jpeg?fit=1080%2C1054&ssl=1&resize=350%2C200 1x, https:\/\/i0.wp.com\/radionorte.cl\/wp-content\/uploads\/2022\/02\/WhatsApp-Image-2022-02-06-at-10.58.59-2.jpeg?fit=1080%2C1054&ssl=1&resize=525%2C300 1.5x, https:\/\/i0.wp.com\/radionorte.cl\/wp-content\/uploads\/2022\/02\/WhatsApp-Image-2022-02-06-at-10.58.59-2.jpeg?fit=1080%2C1054&ssl=1&resize=700%2C400 2x, https:\/\/i0.wp.com\/radionorte.cl\/wp-content\/uploads\/2022\/02\/WhatsApp-Image-2022-02-06-at-10.58.59-2.jpeg?fit=1080%2C1054&ssl=1&resize=1050%2C600 3x"},"classes":[]},{"id":305,"url":"https:\/\/radionorte.cl\/?p=305","url_meta":{"origin":337,"position":1},"title":"Daniel Labarca","author":"carocklina","date":"Febrero 10, 2022","format":false,"excerpt":"Daniel Labarca es un m\u00fasico cantautor solista oriundo de la Perla del Norte. Comenz\u00f3 su carrera musical el a\u00f1o 2013 y comienza a presentarse en la bohemia estudiantil dentro de Antofagasta, donde recorri\u00f3 amplios escenarios y plataformas de difusi\u00f3n, como festivales de m\u00fasica, programas de radio y TV locales. Es\u2026","rel":"","context":"En &quot;Radio Norte&quot;","block_context":{"text":"Radio Norte","link":"https:\/\/radionorte.cl\/?cat=149"},"img":{"alt_text":"","src":"https:\/\/i0.wp.com\/radionorte.cl\/wp-content\/uploads\/2022\/02\/WhatsApp-Image-2022-02-07-at-21.29.59-4.jpeg?fit=720%2C480&ssl=1&resize=350%2C200","width":350,"height":200,"srcset":"https:\/\/i0.wp.com\/radionorte.cl\/wp-content\/uploads\/2022\/02\/WhatsApp-Image-2022-02-07-at-21.29.59-4.jpeg?fit=720%2C480&ssl=1&resize=350%2C200 1x, https:\/\/i0.wp.com\/radionorte.cl\/wp-content\/uploads\/2022\/02\/WhatsApp-Image-2022-02-07-at-21.29.59-4.jpeg?fit=720%2C480&ssl=1&resize=525%2C300 1.5x, https:\/\/i0.wp.com\/radionorte.cl\/wp-content\/uploads\/2022\/02\/WhatsApp-Image-2022-02-07-at-21.29.59-4.jpeg?fit=720%2C480&ssl=1&resize=700%2C400 2x"},"classes":[]},{"id":614,"url":"https:\/\/radionorte.cl\/?p=614","url_meta":{"origin":337,"position":2},"title":"A partir del pr\u00f3ximo lunes comienzan las multas a quienes utilicen parlantes en las playas de Antofagasta","author":"carocklina","date":"Enero 13, 2023","format":false,"excerpt":"A partir de este pr\u00f3ximo lunes comenzar\u00e1 la aplicaci\u00f3n de multas a quienes utilicen parlantes en las playas de Antofagasta. La informaci\u00f3n fue entregada por el alcalde de la comuna, Jonathan Vel\u00e1squez, quien indic\u00f3 que se est\u00e1n cursando infracciones de aviso durante estos d\u00edas, mientras que el lunes 16 comienza\u2026","rel":"","context":"En &quot;Radio Norte&quot;","block_context":{"text":"Radio Norte","link":"https:\/\/radionorte.cl\/?cat=149"},"img":{"alt_text":"","src":"https:\/\/i0.wp.com\/radionorte.cl\/wp-content\/uploads\/2023\/01\/01-11.png?fit=1200%2C800&ssl=1&resize=350%2C200","width":350,"height":200,"srcset":"https:\/\/i0.wp.com\/radionorte.cl\/wp-content\/uploads\/2023\/01\/01-11.png?fit=1200%2C800&ssl=1&resize=350%2C200 1x, https:\/\/i0.wp.com\/radionorte.cl\/wp-content\/uploads\/2023\/01\/01-11.png?fit=1200%2C800&ssl=1&resize=525%2C300 1.5x, https:\/\/i0.wp.com\/radionorte.cl\/wp-content\/uploads\/2023\/01\/01-11.png?fit=1200%2C800&ssl=1&resize=700%2C400 2x, https:\/\/i0.wp.com\/radionorte.cl\/wp-content\/uploads\/2023\/01\/01-11.png?fit=1200%2C800&ssl=1&resize=1050%2C600 3x"},"classes":[]},{"id":501,"url":"https:\/\/radionorte.cl\/?p=501","url_meta":{"origin":337,"position":3},"title":"Banda iquique\u00f1a Claustrofobia lanza sesi\u00f3n en vivo ad portas de su primer single","author":"carocklina","date":"Enero 3, 2023","format":false,"excerpt":"De esta manera la agrupaci\u00f3n musical liderada por la cantautora Claudia S\u00e1nchez se prepara para un 2023 cargado de novedades, entre ellas su primer disco de estudio y presentaciones musicales por otras ciudades de Chile. En Iquique, Regi\u00f3n de Tarapac\u00e1, nace la banda Claustrofobia, agrupaci\u00f3n musical que recientemente lanz\u00f3 una\u2026","rel":"","context":"En &quot;Radio Norte&quot;","block_context":{"text":"Radio Norte","link":"https:\/\/radionorte.cl\/?cat=149"},"img":{"alt_text":"","src":"https:\/\/i0.wp.com\/radionorte.cl\/wp-content\/uploads\/2023\/01\/01-1.png?fit=1024%2C614&ssl=1&resize=350%2C200","width":350,"height":200,"srcset":"https:\/\/i0.wp.com\/radionorte.cl\/wp-content\/uploads\/2023\/01\/01-1.png?fit=1024%2C614&ssl=1&resize=350%2C200 1x, https:\/\/i0.wp.com\/radionorte.cl\/wp-content\/uploads\/2023\/01\/01-1.png?fit=1024%2C614&ssl=1&resize=525%2C300 1.5x, https:\/\/i0.wp.com\/radionorte.cl\/wp-content\/uploads\/2023\/01\/01-1.png?fit=1024%2C614&ssl=1&resize=700%2C400 2x"},"classes":[]},{"id":456,"url":"https:\/\/radionorte.cl\/?p=456","url_meta":{"origin":337,"position":4},"title":"Gianinna Mutarello lanza su disco La Idea Original","author":"carocklina","date":"Noviembre 19, 2022","format":false,"excerpt":"Gianinna Mutarello Blues Band El Blues femenino se toma los escenarios antofagastinos Con un gran concierto a realizarse este 19 de Noviembre en el auditorio del museo Ruinas de Huanchaca, la cantautora del g\u00e9nero blues , Gianinna Mutarello, lanza su primer trabajo discogr\u00e1fico llamado \u201cLa idea Original\u201d, obra producida por\u2026","rel":"","context":"En &quot;Radio Norte&quot;","block_context":{"text":"Radio Norte","link":"https:\/\/radionorte.cl\/?cat=149"},"img":{"alt_text":"","src":"https:\/\/i0.wp.com\/radionorte.cl\/wp-content\/uploads\/2022\/11\/WhatsApp-Image-2022-11-19-at-10.11.26.jpeg?fit=960%2C1200&ssl=1&resize=350%2C200","width":350,"height":200,"srcset":"https:\/\/i0.wp.com\/radionorte.cl\/wp-content\/uploads\/2022\/11\/WhatsApp-Image-2022-11-19-at-10.11.26.jpeg?fit=960%2C1200&ssl=1&resize=350%2C200 1x, https:\/\/i0.wp.com\/radionorte.cl\/wp-content\/uploads\/2022\/11\/WhatsApp-Image-2022-11-19-at-10.11.26.jpeg?fit=960%2C1200&ssl=1&resize=525%2C300 1.5x, https:\/\/i0.wp.com\/radionorte.cl\/wp-content\/uploads\/2022\/11\/WhatsApp-Image-2022-11-19-at-10.11.26.jpeg?fit=960%2C1200&ssl=1&resize=700%2C400 2x"},"classes":[]},{"id":367,"url":"https:\/\/radionorte.cl\/?p=367","url_meta":{"origin":337,"position":5},"title":"Sandy D","author":"carocklina","date":"Febrero 26, 2022","format":false,"excerpt":"Soy titulada de profesora b\u00e1sica con un post t\u00edtulo en ingl\u00e9s, capaz de dejar todo de lado por la m\u00fasica, apasionada y con la concepci\u00f3n de que en el canto hay que encontrar una voz propia que te diferenciede los dem\u00e1s y as\u00ed abordar una canci\u00f3n como v\u00eda de expresi\u00f3n\u2026","rel":"","context":"En &quot;Radio Norte&quot;","block_context":{"text":"Radio Norte","link":"https:\/\/radionorte.cl\/?cat=149"},"img":{"alt_text":"","src":"https:\/\/i0.wp.com\/radionorte.cl\/wp-content\/uploads\/2022\/02\/sandy-1.jpg?fit=480%2C480&ssl=1&resize=350%2C200","width":350,"height":200},"classes":[]}],"jetpack_sharing_enabled":true,"_links":{"self":[{"href":"https:\/\/radionorte.cl\/index.php?rest_route=\/wp\/v2\/posts\/337","targetHints":{"allow":["GET"]}}],"collection":[{"href":"https:\/\/radionorte.cl\/index.php?rest_route=\/wp\/v2\/posts"}],"about":[{"href":"https:\/\/radionorte.cl\/index.php?rest_route=\/wp\/v2\/types\/post"}],"author":[{"embeddable":true,"href":"https:\/\/radionorte.cl\/index.php?rest_route=\/wp\/v2\/users\/1"}],"replies":[{"embeddable":true,"href":"https:\/\/radionorte.cl\/index.php?rest_route=%2Fwp%2Fv2%2Fcomments&post=337"}],"version-history":[{"count":1,"href":"https:\/\/radionorte.cl\/index.php?rest_route=\/wp\/v2\/posts\/337\/revisions"}],"predecessor-version":[{"id":341,"href":"https:\/\/radionorte.cl\/index.php?rest_route=\/wp\/v2\/posts\/337\/revisions\/341"}],"wp:featuredmedia":[{"embeddable":true,"href":"https:\/\/radionorte.cl\/index.php?rest_route=\/wp\/v2\/media\/339"}],"wp:attachment":[{"href":"https:\/\/radionorte.cl\/index.php?rest_route=%2Fwp%2Fv2%2Fmedia&parent=337"}],"wp:term":[{"taxonomy":"category","embeddable":true,"href":"https:\/\/radionorte.cl\/index.php?rest_route=%2Fwp%2Fv2%2Fcategories&post=337"},{"taxonomy":"post_tag","embeddable":true,"href":"https:\/\/radionorte.cl\/index.php?rest_route=%2Fwp%2Fv2%2Ftags&post=337"}],"curies":[{"name":"wp","href":"https:\/\/api.w.org\/{rel}","templated":true}]}}