{"id":346,"date":"2022-02-25T04:35:34","date_gmt":"2022-02-25T04:35:34","guid":{"rendered":"http:\/\/radionorte.cl\/?p=346"},"modified":"2022-02-25T04:35:35","modified_gmt":"2022-02-25T04:35:35","slug":"camila-araya","status":"publish","type":"post","link":"https:\/\/radionorte.cl\/?p=346","title":{"rendered":"Camila Araya"},"content":{"rendered":"\n<figure class=\"wp-block-image size-large\"><img data-recalc-dims=\"1\" loading=\"lazy\" decoding=\"async\" width=\"960\" height=\"837\" src=\"https:\/\/i0.wp.com\/radionorte.cl\/wp-content\/uploads\/2022\/02\/WhatsApp-Image-2022-02-25-at-01.33.41.jpeg?resize=960%2C837\" alt=\"\" class=\"wp-image-347\" srcset=\"https:\/\/i0.wp.com\/radionorte.cl\/wp-content\/uploads\/2022\/02\/WhatsApp-Image-2022-02-25-at-01.33.41.jpeg?resize=1024%2C893&amp;ssl=1 1024w, https:\/\/i0.wp.com\/radionorte.cl\/wp-content\/uploads\/2022\/02\/WhatsApp-Image-2022-02-25-at-01.33.41.jpeg?resize=300%2C262&amp;ssl=1 300w, https:\/\/i0.wp.com\/radionorte.cl\/wp-content\/uploads\/2022\/02\/WhatsApp-Image-2022-02-25-at-01.33.41.jpeg?resize=768%2C670&amp;ssl=1 768w, https:\/\/i0.wp.com\/radionorte.cl\/wp-content\/uploads\/2022\/02\/WhatsApp-Image-2022-02-25-at-01.33.41.jpeg?w=1080&amp;ssl=1 1080w\" sizes=\"auto, (max-width: 960px) 100vw, 960px\" \/><\/figure>\n\n\n\n<p>Camila Araya en Ingeniera Comercial de profesi\u00f3n, pero su coraz\u00f3n siempre ha estado con la Cultura y las Artes. Es una fiel, fan\u00e1tica y amante del Choclo Calame\u00f1o. Se ha desempe\u00f1ado como actriz en obras de Teatro como \u201cEl Alicanto\u201d, tambi\u00e9n como locutora en Radio Norte con su programa \u201cClandestinas\u201d.<\/p>\n","protected":false},"excerpt":{"rendered":"<p>Camila Araya en Ingeniera Comercial de profesi\u00f3n, pero su coraz\u00f3n siempre ha estado con la Cultura y las Artes. Es una fiel, fan\u00e1tica y amante del Choclo Calame\u00f1o. Se ha desempe\u00f1ado como actriz en obras de Teatro como \u201cEl Alicanto\u201d, tambi\u00e9n como locutora en Radio Norte con su programa \u201cClandestinas\u201d.<\/p>\n","protected":false},"author":1,"featured_media":347,"comment_status":"open","ping_status":"open","sticky":false,"template":"","format":"standard","meta":{"_jetpack_memberships_contains_paid_content":false,"footnotes":""},"categories":[149],"tags":[],"class_list":["post-346","post","type-post","status-publish","format-standard","has-post-thumbnail","hentry","category-escucha-online-aqui"],"yoast_head":"<!-- This site is optimized with the Yoast SEO plugin v27.5 - https:\/\/yoast.com\/product\/yoast-seo-wordpress\/ -->\n<title>Camila Araya -<\/title>\n<meta name=\"robots\" content=\"index, follow, max-snippet:-1, max-image-preview:large, max-video-preview:-1\" \/>\n<link rel=\"canonical\" href=\"https:\/\/radionorte.cl\/?p=346\" \/>\n<meta property=\"og:locale\" content=\"es_ES\" \/>\n<meta property=\"og:type\" content=\"article\" \/>\n<meta property=\"og:title\" content=\"Camila Araya -\" \/>\n<meta property=\"og:description\" content=\"Camila Araya en Ingeniera Comercial de profesi\u00f3n, pero su coraz\u00f3n siempre ha estado con la Cultura y las Artes. Es una fiel, fan\u00e1tica y amante del Choclo Calame\u00f1o. Se ha desempe\u00f1ado como actriz en obras de Teatro como \u201cEl Alicanto\u201d, tambi\u00e9n como locutora en Radio Norte con su programa \u201cClandestinas\u201d.\" \/>\n<meta property=\"og:url\" content=\"https:\/\/radionorte.cl\/?p=346\" \/>\n<meta property=\"article:published_time\" content=\"2022-02-25T04:35:34+00:00\" \/>\n<meta property=\"article:modified_time\" content=\"2022-02-25T04:35:35+00:00\" \/>\n<meta property=\"og:image\" content=\"http:\/\/radionorte.cl\/wp-content\/uploads\/2022\/02\/WhatsApp-Image-2022-02-25-at-01.33.41.jpeg\" \/>\n\t<meta property=\"og:image:width\" content=\"1080\" \/>\n\t<meta property=\"og:image:height\" content=\"942\" \/>\n\t<meta property=\"og:image:type\" content=\"image\/jpeg\" \/>\n<meta name=\"author\" content=\"carocklina\" \/>\n<meta name=\"twitter:card\" content=\"summary_large_image\" \/>\n<meta name=\"twitter:label1\" content=\"Escrito por\" \/>\n\t<meta name=\"twitter:data1\" content=\"carocklina\" \/>\n\t<meta name=\"twitter:label2\" content=\"Tiempo estimado de lectura\" \/>\n\t<meta name=\"twitter:data2\" content=\"1 minuto\" \/>\n<script type=\"application\/ld+json\" class=\"yoast-schema-graph\">{\"@context\":\"https:\\\/\\\/schema.org\",\"@graph\":[{\"@type\":\"Article\",\"@id\":\"https:\\\/\\\/radionorte.cl\\\/?p=346#article\",\"isPartOf\":{\"@id\":\"https:\\\/\\\/radionorte.cl\\\/?p=346\"},\"author\":{\"name\":\"carocklina\",\"@id\":\"https:\\\/\\\/radionorte.cl\\\/#\\\/schema\\\/person\\\/baacf6923dce8651ca2587cbf14dbef2\"},\"headline\":\"Camila Araya\",\"datePublished\":\"2022-02-25T04:35:34+00:00\",\"dateModified\":\"2022-02-25T04:35:35+00:00\",\"mainEntityOfPage\":{\"@id\":\"https:\\\/\\\/radionorte.cl\\\/?p=346\"},\"wordCount\":58,\"commentCount\":0,\"image\":{\"@id\":\"https:\\\/\\\/radionorte.cl\\\/?p=346#primaryimage\"},\"thumbnailUrl\":\"https:\\\/\\\/i0.wp.com\\\/radionorte.cl\\\/wp-content\\\/uploads\\\/2022\\\/02\\\/WhatsApp-Image-2022-02-25-at-01.33.41.jpeg?fit=1080%2C942&ssl=1\",\"articleSection\":[\"Radio Norte\"],\"inLanguage\":\"es-CL\",\"potentialAction\":[{\"@type\":\"CommentAction\",\"name\":\"Comment\",\"target\":[\"https:\\\/\\\/radionorte.cl\\\/?p=346#respond\"]}]},{\"@type\":\"WebPage\",\"@id\":\"https:\\\/\\\/radionorte.cl\\\/?p=346\",\"url\":\"https:\\\/\\\/radionorte.cl\\\/?p=346\",\"name\":\"Camila Araya -\",\"isPartOf\":{\"@id\":\"https:\\\/\\\/radionorte.cl\\\/#website\"},\"primaryImageOfPage\":{\"@id\":\"https:\\\/\\\/radionorte.cl\\\/?p=346#primaryimage\"},\"image\":{\"@id\":\"https:\\\/\\\/radionorte.cl\\\/?p=346#primaryimage\"},\"thumbnailUrl\":\"https:\\\/\\\/i0.wp.com\\\/radionorte.cl\\\/wp-content\\\/uploads\\\/2022\\\/02\\\/WhatsApp-Image-2022-02-25-at-01.33.41.jpeg?fit=1080%2C942&ssl=1\",\"datePublished\":\"2022-02-25T04:35:34+00:00\",\"dateModified\":\"2022-02-25T04:35:35+00:00\",\"author\":{\"@id\":\"https:\\\/\\\/radionorte.cl\\\/#\\\/schema\\\/person\\\/baacf6923dce8651ca2587cbf14dbef2\"},\"breadcrumb\":{\"@id\":\"https:\\\/\\\/radionorte.cl\\\/?p=346#breadcrumb\"},\"inLanguage\":\"es-CL\",\"potentialAction\":[{\"@type\":\"ReadAction\",\"target\":[\"https:\\\/\\\/radionorte.cl\\\/?p=346\"]}]},{\"@type\":\"ImageObject\",\"inLanguage\":\"es-CL\",\"@id\":\"https:\\\/\\\/radionorte.cl\\\/?p=346#primaryimage\",\"url\":\"https:\\\/\\\/i0.wp.com\\\/radionorte.cl\\\/wp-content\\\/uploads\\\/2022\\\/02\\\/WhatsApp-Image-2022-02-25-at-01.33.41.jpeg?fit=1080%2C942&ssl=1\",\"contentUrl\":\"https:\\\/\\\/i0.wp.com\\\/radionorte.cl\\\/wp-content\\\/uploads\\\/2022\\\/02\\\/WhatsApp-Image-2022-02-25-at-01.33.41.jpeg?fit=1080%2C942&ssl=1\",\"width\":1080,\"height\":942},{\"@type\":\"BreadcrumbList\",\"@id\":\"https:\\\/\\\/radionorte.cl\\\/?p=346#breadcrumb\",\"itemListElement\":[{\"@type\":\"ListItem\",\"position\":1,\"name\":\"Home\",\"item\":\"https:\\\/\\\/radionorte.cl\\\/\"},{\"@type\":\"ListItem\",\"position\":2,\"name\":\"Camila Araya\"}]},{\"@type\":\"WebSite\",\"@id\":\"https:\\\/\\\/radionorte.cl\\\/#website\",\"url\":\"https:\\\/\\\/radionorte.cl\\\/\",\"name\":\"\",\"description\":\"\",\"potentialAction\":[{\"@type\":\"SearchAction\",\"target\":{\"@type\":\"EntryPoint\",\"urlTemplate\":\"https:\\\/\\\/radionorte.cl\\\/?s={search_term_string}\"},\"query-input\":{\"@type\":\"PropertyValueSpecification\",\"valueRequired\":true,\"valueName\":\"search_term_string\"}}],\"inLanguage\":\"es-CL\"},{\"@type\":\"Person\",\"@id\":\"https:\\\/\\\/radionorte.cl\\\/#\\\/schema\\\/person\\\/baacf6923dce8651ca2587cbf14dbef2\",\"name\":\"carocklina\",\"image\":{\"@type\":\"ImageObject\",\"inLanguage\":\"es-CL\",\"@id\":\"https:\\\/\\\/secure.gravatar.com\\\/avatar\\\/9edc52d7207ebb4d2bce985a253a7e2e313a7e3ced068ec36b73c76301b89836?s=96&d=mm&r=g\",\"url\":\"https:\\\/\\\/secure.gravatar.com\\\/avatar\\\/9edc52d7207ebb4d2bce985a253a7e2e313a7e3ced068ec36b73c76301b89836?s=96&d=mm&r=g\",\"contentUrl\":\"https:\\\/\\\/secure.gravatar.com\\\/avatar\\\/9edc52d7207ebb4d2bce985a253a7e2e313a7e3ced068ec36b73c76301b89836?s=96&d=mm&r=g\",\"caption\":\"carocklina\"},\"sameAs\":[\"http:\\\/\\\/radionorte.cl\"],\"url\":\"https:\\\/\\\/radionorte.cl\\\/?author=1\"}]}<\/script>\n<!-- \/ Yoast SEO plugin. -->","yoast_head_json":{"title":"Camila Araya -","robots":{"index":"index","follow":"follow","max-snippet":"max-snippet:-1","max-image-preview":"max-image-preview:large","max-video-preview":"max-video-preview:-1"},"canonical":"https:\/\/radionorte.cl\/?p=346","og_locale":"es_ES","og_type":"article","og_title":"Camila Araya -","og_description":"Camila Araya en Ingeniera Comercial de profesi\u00f3n, pero su coraz\u00f3n siempre ha estado con la Cultura y las Artes. Es una fiel, fan\u00e1tica y amante del Choclo Calame\u00f1o. Se ha desempe\u00f1ado como actriz en obras de Teatro como \u201cEl Alicanto\u201d, tambi\u00e9n como locutora en Radio Norte con su programa \u201cClandestinas\u201d.","og_url":"https:\/\/radionorte.cl\/?p=346","article_published_time":"2022-02-25T04:35:34+00:00","article_modified_time":"2022-02-25T04:35:35+00:00","og_image":[{"width":1080,"height":942,"url":"http:\/\/radionorte.cl\/wp-content\/uploads\/2022\/02\/WhatsApp-Image-2022-02-25-at-01.33.41.jpeg","type":"image\/jpeg"}],"author":"carocklina","twitter_card":"summary_large_image","twitter_misc":{"Escrito por":"carocklina","Tiempo estimado de lectura":"1 minuto"},"schema":{"@context":"https:\/\/schema.org","@graph":[{"@type":"Article","@id":"https:\/\/radionorte.cl\/?p=346#article","isPartOf":{"@id":"https:\/\/radionorte.cl\/?p=346"},"author":{"name":"carocklina","@id":"https:\/\/radionorte.cl\/#\/schema\/person\/baacf6923dce8651ca2587cbf14dbef2"},"headline":"Camila Araya","datePublished":"2022-02-25T04:35:34+00:00","dateModified":"2022-02-25T04:35:35+00:00","mainEntityOfPage":{"@id":"https:\/\/radionorte.cl\/?p=346"},"wordCount":58,"commentCount":0,"image":{"@id":"https:\/\/radionorte.cl\/?p=346#primaryimage"},"thumbnailUrl":"https:\/\/i0.wp.com\/radionorte.cl\/wp-content\/uploads\/2022\/02\/WhatsApp-Image-2022-02-25-at-01.33.41.jpeg?fit=1080%2C942&ssl=1","articleSection":["Radio Norte"],"inLanguage":"es-CL","potentialAction":[{"@type":"CommentAction","name":"Comment","target":["https:\/\/radionorte.cl\/?p=346#respond"]}]},{"@type":"WebPage","@id":"https:\/\/radionorte.cl\/?p=346","url":"https:\/\/radionorte.cl\/?p=346","name":"Camila Araya -","isPartOf":{"@id":"https:\/\/radionorte.cl\/#website"},"primaryImageOfPage":{"@id":"https:\/\/radionorte.cl\/?p=346#primaryimage"},"image":{"@id":"https:\/\/radionorte.cl\/?p=346#primaryimage"},"thumbnailUrl":"https:\/\/i0.wp.com\/radionorte.cl\/wp-content\/uploads\/2022\/02\/WhatsApp-Image-2022-02-25-at-01.33.41.jpeg?fit=1080%2C942&ssl=1","datePublished":"2022-02-25T04:35:34+00:00","dateModified":"2022-02-25T04:35:35+00:00","author":{"@id":"https:\/\/radionorte.cl\/#\/schema\/person\/baacf6923dce8651ca2587cbf14dbef2"},"breadcrumb":{"@id":"https:\/\/radionorte.cl\/?p=346#breadcrumb"},"inLanguage":"es-CL","potentialAction":[{"@type":"ReadAction","target":["https:\/\/radionorte.cl\/?p=346"]}]},{"@type":"ImageObject","inLanguage":"es-CL","@id":"https:\/\/radionorte.cl\/?p=346#primaryimage","url":"https:\/\/i0.wp.com\/radionorte.cl\/wp-content\/uploads\/2022\/02\/WhatsApp-Image-2022-02-25-at-01.33.41.jpeg?fit=1080%2C942&ssl=1","contentUrl":"https:\/\/i0.wp.com\/radionorte.cl\/wp-content\/uploads\/2022\/02\/WhatsApp-Image-2022-02-25-at-01.33.41.jpeg?fit=1080%2C942&ssl=1","width":1080,"height":942},{"@type":"BreadcrumbList","@id":"https:\/\/radionorte.cl\/?p=346#breadcrumb","itemListElement":[{"@type":"ListItem","position":1,"name":"Home","item":"https:\/\/radionorte.cl\/"},{"@type":"ListItem","position":2,"name":"Camila Araya"}]},{"@type":"WebSite","@id":"https:\/\/radionorte.cl\/#website","url":"https:\/\/radionorte.cl\/","name":"","description":"","potentialAction":[{"@type":"SearchAction","target":{"@type":"EntryPoint","urlTemplate":"https:\/\/radionorte.cl\/?s={search_term_string}"},"query-input":{"@type":"PropertyValueSpecification","valueRequired":true,"valueName":"search_term_string"}}],"inLanguage":"es-CL"},{"@type":"Person","@id":"https:\/\/radionorte.cl\/#\/schema\/person\/baacf6923dce8651ca2587cbf14dbef2","name":"carocklina","image":{"@type":"ImageObject","inLanguage":"es-CL","@id":"https:\/\/secure.gravatar.com\/avatar\/9edc52d7207ebb4d2bce985a253a7e2e313a7e3ced068ec36b73c76301b89836?s=96&d=mm&r=g","url":"https:\/\/secure.gravatar.com\/avatar\/9edc52d7207ebb4d2bce985a253a7e2e313a7e3ced068ec36b73c76301b89836?s=96&d=mm&r=g","contentUrl":"https:\/\/secure.gravatar.com\/avatar\/9edc52d7207ebb4d2bce985a253a7e2e313a7e3ced068ec36b73c76301b89836?s=96&d=mm&r=g","caption":"carocklina"},"sameAs":["http:\/\/radionorte.cl"],"url":"https:\/\/radionorte.cl\/?author=1"}]}},"jetpack_featured_media_url":"https:\/\/i0.wp.com\/radionorte.cl\/wp-content\/uploads\/2022\/02\/WhatsApp-Image-2022-02-25-at-01.33.41.jpeg?fit=1080%2C942&ssl=1","jetpack-related-posts":[{"id":470,"url":"https:\/\/radionorte.cl\/?p=470","url_meta":{"origin":346,"position":0},"title":"Caso Cony y Nori: Declaran culpable a conductora por fatal atropello de joven y su perrita en Antofagasta","author":"carocklina","date":"Diciembre 28, 2022","format":false,"excerpt":"Tribunal declar\u00f3 culpable a la mujer, identificada como Evelyn Barrios Cerda, por el cuasidelito de homicidio e incumplimiento de la obligaci\u00f3n de detener la marcha, prestar ayuda y dar cuenta a la autoridad tras el accidente de tr\u00e1nsito que cost\u00f3 la vida a Constanza Morales y su mascota Nori. Fiscal\u00eda\u2026","rel":"","context":"En &quot;Radio Norte&quot;","block_context":{"text":"Radio Norte","link":"https:\/\/radionorte.cl\/?cat=149"},"img":{"alt_text":"","src":"https:\/\/i0.wp.com\/radionorte.cl\/wp-content\/uploads\/2022\/12\/03.png?fit=621%2C498&ssl=1&resize=350%2C200","width":350,"height":200,"srcset":"https:\/\/i0.wp.com\/radionorte.cl\/wp-content\/uploads\/2022\/12\/03.png?fit=621%2C498&ssl=1&resize=350%2C200 1x, https:\/\/i0.wp.com\/radionorte.cl\/wp-content\/uploads\/2022\/12\/03.png?fit=621%2C498&ssl=1&resize=525%2C300 1.5x"},"classes":[]},{"id":320,"url":"https:\/\/radionorte.cl\/?p=320","url_meta":{"origin":346,"position":1},"title":"Quienes Somos","author":"carocklina","date":"Febrero 10, 2022","format":false,"excerpt":"Radio Norte es una Radio seria, cuerda, con humor, diversi\u00f3n y mucha entretenci\u00f3n. Nace a partir de la experiencia de Carocklina (www.carocklina.cl) La Eterna Del Rock, plataforma que fue muy bien recibida por la comunidad y por ello nos quisimos ampliar en la gama musical no solo llegando a los\u2026","rel":"","context":"En &quot;Radio Norte&quot;","block_context":{"text":"Radio Norte","link":"https:\/\/radionorte.cl\/?cat=149"},"img":{"alt_text":"","src":"https:\/\/i0.wp.com\/radionorte.cl\/wp-content\/uploads\/2022\/02\/WhatsApp-Image-2022-02-06-at-10.58.59-2.jpeg?fit=1080%2C1054&ssl=1&resize=350%2C200","width":350,"height":200,"srcset":"https:\/\/i0.wp.com\/radionorte.cl\/wp-content\/uploads\/2022\/02\/WhatsApp-Image-2022-02-06-at-10.58.59-2.jpeg?fit=1080%2C1054&ssl=1&resize=350%2C200 1x, https:\/\/i0.wp.com\/radionorte.cl\/wp-content\/uploads\/2022\/02\/WhatsApp-Image-2022-02-06-at-10.58.59-2.jpeg?fit=1080%2C1054&ssl=1&resize=525%2C300 1.5x, https:\/\/i0.wp.com\/radionorte.cl\/wp-content\/uploads\/2022\/02\/WhatsApp-Image-2022-02-06-at-10.58.59-2.jpeg?fit=1080%2C1054&ssl=1&resize=700%2C400 2x, https:\/\/i0.wp.com\/radionorte.cl\/wp-content\/uploads\/2022\/02\/WhatsApp-Image-2022-02-06-at-10.58.59-2.jpeg?fit=1080%2C1054&ssl=1&resize=1050%2C600 3x"},"classes":[]},{"id":300,"url":"https:\/\/radionorte.cl\/?p=300","url_meta":{"origin":346,"position":2},"title":"Carolina Reyes","author":"carocklina","date":"Febrero 10, 2022","format":false,"excerpt":"Carolina Reyes Herrera, es la Directora de Radio Norte, Sigue T\u00fa Norte. Carolina, es estudiante de Derecho en la Universidad de Antofagasta, comenz\u00f3 su carrera Radial el a\u00f1o 2009, en el programa \u201cLa Tardera\u201d, para continuar en la Radio Nuevo Mundo de la ciudad de Antofagasta, conduciendo el programa \u201cAl\u2026","rel":"","context":"En &quot;Radio Norte&quot;","block_context":{"text":"Radio Norte","link":"https:\/\/radionorte.cl\/?cat=149"},"img":{"alt_text":"","src":"https:\/\/i0.wp.com\/radionorte.cl\/wp-content\/uploads\/2022\/02\/WhatsApp-Image-2022-02-10-at-18.06.33.jpeg?fit=999%2C1200&ssl=1&resize=350%2C200","width":350,"height":200,"srcset":"https:\/\/i0.wp.com\/radionorte.cl\/wp-content\/uploads\/2022\/02\/WhatsApp-Image-2022-02-10-at-18.06.33.jpeg?fit=999%2C1200&ssl=1&resize=350%2C200 1x, https:\/\/i0.wp.com\/radionorte.cl\/wp-content\/uploads\/2022\/02\/WhatsApp-Image-2022-02-10-at-18.06.33.jpeg?fit=999%2C1200&ssl=1&resize=525%2C300 1.5x, https:\/\/i0.wp.com\/radionorte.cl\/wp-content\/uploads\/2022\/02\/WhatsApp-Image-2022-02-10-at-18.06.33.jpeg?fit=999%2C1200&ssl=1&resize=700%2C400 2x"},"classes":[]},{"id":367,"url":"https:\/\/radionorte.cl\/?p=367","url_meta":{"origin":346,"position":3},"title":"Sandy D","author":"carocklina","date":"Febrero 26, 2022","format":false,"excerpt":"Soy titulada de profesora b\u00e1sica con un post t\u00edtulo en ingl\u00e9s, capaz de dejar todo de lado por la m\u00fasica, apasionada y con la concepci\u00f3n de que en el canto hay que encontrar una voz propia que te diferenciede los dem\u00e1s y as\u00ed abordar una canci\u00f3n como v\u00eda de expresi\u00f3n\u2026","rel":"","context":"En &quot;Radio Norte&quot;","block_context":{"text":"Radio Norte","link":"https:\/\/radionorte.cl\/?cat=149"},"img":{"alt_text":"","src":"https:\/\/i0.wp.com\/radionorte.cl\/wp-content\/uploads\/2022\/02\/sandy-1.jpg?fit=480%2C480&ssl=1&resize=350%2C200","width":350,"height":200},"classes":[]},{"id":305,"url":"https:\/\/radionorte.cl\/?p=305","url_meta":{"origin":346,"position":4},"title":"Daniel Labarca","author":"carocklina","date":"Febrero 10, 2022","format":false,"excerpt":"Daniel Labarca es un m\u00fasico cantautor solista oriundo de la Perla del Norte. Comenz\u00f3 su carrera musical el a\u00f1o 2013 y comienza a presentarse en la bohemia estudiantil dentro de Antofagasta, donde recorri\u00f3 amplios escenarios y plataformas de difusi\u00f3n, como festivales de m\u00fasica, programas de radio y TV locales. Es\u2026","rel":"","context":"En &quot;Radio Norte&quot;","block_context":{"text":"Radio Norte","link":"https:\/\/radionorte.cl\/?cat=149"},"img":{"alt_text":"","src":"https:\/\/i0.wp.com\/radionorte.cl\/wp-content\/uploads\/2022\/02\/WhatsApp-Image-2022-02-07-at-21.29.59-4.jpeg?fit=720%2C480&ssl=1&resize=350%2C200","width":350,"height":200,"srcset":"https:\/\/i0.wp.com\/radionorte.cl\/wp-content\/uploads\/2022\/02\/WhatsApp-Image-2022-02-07-at-21.29.59-4.jpeg?fit=720%2C480&ssl=1&resize=350%2C200 1x, https:\/\/i0.wp.com\/radionorte.cl\/wp-content\/uploads\/2022\/02\/WhatsApp-Image-2022-02-07-at-21.29.59-4.jpeg?fit=720%2C480&ssl=1&resize=525%2C300 1.5x, https:\/\/i0.wp.com\/radionorte.cl\/wp-content\/uploads\/2022\/02\/WhatsApp-Image-2022-02-07-at-21.29.59-4.jpeg?fit=720%2C480&ssl=1&resize=700%2C400 2x"},"classes":[]},{"id":647,"url":"https:\/\/radionorte.cl\/?p=647","url_meta":{"origin":346,"position":5},"title":"Realizan nuevo operativo para retirar ocupaciones irregulares en el sector norte de Antofagasta","author":"carocklina","date":"Enero 25, 2023","format":false,"excerpt":"Este mi\u00e9rcoles 25 de enero, la Delegaci\u00f3n Presidencial Regional de Antofagasta, realiz\u00f3 un nuevo operativo para desalojar a las ocupaciones irregulares, esta vez en el sector norte de la capital regional. La Unidad Territorial de la DPR, en coordinaci\u00f3n con Carabineros, Armada y municipalidad, durante la ma\u00f1ana de este mi\u00e9rcoles,\u2026","rel":"","context":"En &quot;Radio Norte&quot;","block_context":{"text":"Radio Norte","link":"https:\/\/radionorte.cl\/?cat=149"},"img":{"alt_text":"","src":"https:\/\/i0.wp.com\/radionorte.cl\/wp-content\/uploads\/2023\/01\/01-19.png?fit=820%2C460&ssl=1&resize=350%2C200","width":350,"height":200,"srcset":"https:\/\/i0.wp.com\/radionorte.cl\/wp-content\/uploads\/2023\/01\/01-19.png?fit=820%2C460&ssl=1&resize=350%2C200 1x, https:\/\/i0.wp.com\/radionorte.cl\/wp-content\/uploads\/2023\/01\/01-19.png?fit=820%2C460&ssl=1&resize=525%2C300 1.5x, https:\/\/i0.wp.com\/radionorte.cl\/wp-content\/uploads\/2023\/01\/01-19.png?fit=820%2C460&ssl=1&resize=700%2C400 2x"},"classes":[]}],"jetpack_sharing_enabled":true,"_links":{"self":[{"href":"https:\/\/radionorte.cl\/index.php?rest_route=\/wp\/v2\/posts\/346","targetHints":{"allow":["GET"]}}],"collection":[{"href":"https:\/\/radionorte.cl\/index.php?rest_route=\/wp\/v2\/posts"}],"about":[{"href":"https:\/\/radionorte.cl\/index.php?rest_route=\/wp\/v2\/types\/post"}],"author":[{"embeddable":true,"href":"https:\/\/radionorte.cl\/index.php?rest_route=\/wp\/v2\/users\/1"}],"replies":[{"embeddable":true,"href":"https:\/\/radionorte.cl\/index.php?rest_route=%2Fwp%2Fv2%2Fcomments&post=346"}],"version-history":[{"count":1,"href":"https:\/\/radionorte.cl\/index.php?rest_route=\/wp\/v2\/posts\/346\/revisions"}],"predecessor-version":[{"id":348,"href":"https:\/\/radionorte.cl\/index.php?rest_route=\/wp\/v2\/posts\/346\/revisions\/348"}],"wp:featuredmedia":[{"embeddable":true,"href":"https:\/\/radionorte.cl\/index.php?rest_route=\/wp\/v2\/media\/347"}],"wp:attachment":[{"href":"https:\/\/radionorte.cl\/index.php?rest_route=%2Fwp%2Fv2%2Fmedia&parent=346"}],"wp:term":[{"taxonomy":"category","embeddable":true,"href":"https:\/\/radionorte.cl\/index.php?rest_route=%2Fwp%2Fv2%2Fcategories&post=346"},{"taxonomy":"post_tag","embeddable":true,"href":"https:\/\/radionorte.cl\/index.php?rest_route=%2Fwp%2Fv2%2Ftags&post=346"}],"curies":[{"name":"wp","href":"https:\/\/api.w.org\/{rel}","templated":true}]}}