{"id":452,"date":"2022-09-01T13:59:34","date_gmt":"2022-09-01T13:59:34","guid":{"rendered":"https:\/\/radionorte.cl\/?p=452"},"modified":"2022-09-01T13:59:38","modified_gmt":"2022-09-01T13:59:38","slug":"sadica-celebra-sus-10-anos-en-teatro-municipal","status":"publish","type":"post","link":"https:\/\/radionorte.cl\/?p=452","title":{"rendered":"S\u00e1dica celebra sus 10 a\u00f1os en Teatro Municipal"},"content":{"rendered":"\n<figure class=\"wp-block-image size-full\"><img data-recalc-dims=\"1\" loading=\"lazy\" decoding=\"async\" width=\"960\" height=\"640\" src=\"https:\/\/i0.wp.com\/radionorte.cl\/wp-content\/uploads\/2022\/09\/WhatsApp-Image-2022-09-01-at-09.48.28.jpeg?resize=960%2C640&#038;ssl=1\" alt=\"\" class=\"wp-image-453\" srcset=\"https:\/\/i0.wp.com\/radionorte.cl\/wp-content\/uploads\/2022\/09\/WhatsApp-Image-2022-09-01-at-09.48.28.jpeg?w=960&amp;ssl=1 960w, https:\/\/i0.wp.com\/radionorte.cl\/wp-content\/uploads\/2022\/09\/WhatsApp-Image-2022-09-01-at-09.48.28.jpeg?resize=300%2C200&amp;ssl=1 300w, https:\/\/i0.wp.com\/radionorte.cl\/wp-content\/uploads\/2022\/09\/WhatsApp-Image-2022-09-01-at-09.48.28.jpeg?resize=768%2C512&amp;ssl=1 768w\" sizes=\"auto, (max-width: 960px) 100vw, 960px\" \/><\/figure>\n\n\n\n<p>Entradas se podr\u00e1n adquirir a trav\u00e9s de Ecopass.cl<\/p>\n\n\n\n<p>La banda antofagastina \u201cS\u00e1dica\u201d prepara concierto de aniversario en el Teatro Municipal de Antofagasta.<\/p>\n\n\n\n<p>Adem\u00e1s de los estrenos en vivo de los temas \u201cTr\u00e9mula y Salvaje\u201d y \u201cLa perdici\u00f3n\u201d<\/p>\n\n\n\n<p>S\u00e1dica es una banda de rock alternativo que lleva diez a\u00f1os en la escena musical. Dentro de su repertorio, \u201cOrgasmo\u201d, su disco de estudio, se posicionan &nbsp;dentro del g\u00e9nero, cautivando desde las letras hasta la sonoridad que conlleva. Este a\u00f1o celebran diez a\u00f1os de vida con un concierto el 10 de septiembre en el Teatro Municipal, a las 19.30 horas, con un valor de entrada de $7.000, por ecopass. Adem\u00e1s habr\u00e1 stand de ventas de CDs de la banda y de Morus, quien se encargar\u00e1 de la apertura de este evento presentando su trabajo musical, y habr\u00e1 muestra de pinturas a cargo de Lobo Gris Arte.<\/p>\n\n\n\n<p>Hace algunos d\u00edas se lanz\u00f3 \u201cTr\u00e9mula &amp; Salvaje\u201d nuevo single de la banda S\u00e1dica, que nos sorprende con esta balada, pop, rock y jazz. Este trabajo fue totalmente autogestionado, grabado en home studio en el presente a\u00f1o.&nbsp;<\/p>\n\n\n\n<p>Las letras pertenecen a Sandy D y la m\u00fasica de la banda S\u00e1dica conformada por Claudio Ly en guitarras, Gabriel Troncoso en bater\u00eda, Morus en piano y Rafael Navarro en el bajo.&nbsp;<\/p>\n\n\n\n<p>\u201cTr\u00e9mula &amp; Salvaje&#8221; pas\u00f3 por varios procesos. Primeramente, fue ideada como una balada lenta y Claudio Ly hizo arreglos funk, jazz que concordaban con la atm\u00f3sfera de la canci\u00f3n, ya que la letra es bien intensa y te lleva a experimentar a trav\u00e9s de la l\u00edrica sobre esa mirada cargada a la pasi\u00f3n, a esos amores que te llevan a lo prohibido o pasiones que son tan fuertes que te descolocan por un momento\u201d agrega la vocalista Sandy D con respecto al tema.<\/p>\n\n\n\n<p>La invitaci\u00f3n es a estar atentos a las redes sociales de la banda para poder escuchar el single a trav\u00e9s de las redes musicales y adquirir la entrada de este concierto imperdible.<\/p>\n\n\n\n<p><strong>Auspician&nbsp;<\/strong><\/p>\n\n\n\n<ul class=\"wp-block-list\"><li>Corporaci\u00f3n Cultural de Antofagasta<\/li><li>Atacama Restobar<\/li><li>Radio FM7<\/li><li>Subnorte<\/li><li>Isa Stylos<\/li><li>Lobo Gris Arte<\/li><\/ul>\n","protected":false},"excerpt":{"rendered":"<p>Entradas se podr\u00e1n adquirir a trav\u00e9s de Ecopass.cl La banda antofagastina \u201cS\u00e1dica\u201d prepara concierto de aniversario en el Teatro Municipal de Antofagasta. Adem\u00e1s de los estrenos en vivo de los temas \u201cTr\u00e9mula y Salvaje\u201d y \u201cLa perdici\u00f3n\u201d S\u00e1dica es una banda de rock alternativo que lleva diez a\u00f1os en la escena musical. Dentro de su repertorio, \u201cOrgasmo\u201d, su disco de estudio, se posicionan &nbsp;dentro del g\u00e9nero, cautivando desde las letras hasta la sonoridad que conlleva. Este a\u00f1o celebran diez a\u00f1os de vida con un concierto el 10 de septiembre en el Teatro Municipal, a las 19.30 horas, con un valor de entrada de $7.000, por ecopass. Adem\u00e1s habr\u00e1 stand de ventas de CDs de la banda y de Morus, quien se encargar\u00e1 de la apertura de este evento presentando su trabajo musical, y habr\u00e1 muestra de pinturas a cargo de Lobo Gris Arte. Hace algunos d\u00edas se lanz\u00f3 \u201cTr\u00e9mula &amp; Salvaje\u201d nuevo single de la banda S\u00e1dica, que nos sorprende con esta balada, pop, rock y jazz. Este trabajo fue totalmente autogestionado, grabado en home studio en el presente a\u00f1o.&nbsp; Las letras pertenecen a Sandy D y la m\u00fasica de la banda S\u00e1dica conformada por Claudio Ly en guitarras, Gabriel Troncoso en bater\u00eda, Morus en piano y Rafael Navarro en el bajo.&nbsp; \u201cTr\u00e9mula &amp; Salvaje&#8221; pas\u00f3 por varios procesos. Primeramente, fue ideada como una balada lenta y Claudio Ly hizo arreglos funk, jazz que concordaban con la atm\u00f3sfera de la canci\u00f3n, ya que la letra es bien intensa y te lleva a experimentar a trav\u00e9s de la l\u00edrica sobre esa mirada cargada a la pasi\u00f3n, a esos amores que te llevan a lo prohibido o pasiones que son tan fuertes que te descolocan por un momento\u201d agrega la vocalista Sandy D con respecto al tema. La invitaci\u00f3n es a estar atentos a las redes sociales de la banda para poder escuchar el single a trav\u00e9s de las redes musicales y adquirir la entrada de este concierto imperdible. Auspician&nbsp; Corporaci\u00f3n Cultural de Antofagasta Atacama Restobar Radio FM7 Subnorte Isa Stylos Lobo Gris Arte<\/p>\n","protected":false},"author":1,"featured_media":453,"comment_status":"open","ping_status":"open","sticky":false,"template":"","format":"standard","meta":{"_jetpack_memberships_contains_paid_content":false,"footnotes":""},"categories":[149],"tags":[],"class_list":["post-452","post","type-post","status-publish","format-standard","has-post-thumbnail","hentry","category-escucha-online-aqui"],"yoast_head":"<!-- This site is optimized with the Yoast SEO plugin v27.4 - https:\/\/yoast.com\/product\/yoast-seo-wordpress\/ -->\n<title>S\u00e1dica celebra sus 10 a\u00f1os en Teatro Municipal -<\/title>\n<meta name=\"robots\" content=\"index, follow, max-snippet:-1, max-image-preview:large, max-video-preview:-1\" \/>\n<link rel=\"canonical\" href=\"https:\/\/radionorte.cl\/?p=452\" \/>\n<meta property=\"og:locale\" content=\"es_ES\" \/>\n<meta property=\"og:type\" content=\"article\" \/>\n<meta property=\"og:title\" content=\"S\u00e1dica celebra sus 10 a\u00f1os en Teatro Municipal -\" \/>\n<meta property=\"og:description\" content=\"Entradas se podr\u00e1n adquirir a trav\u00e9s de Ecopass.cl La banda antofagastina \u201cS\u00e1dica\u201d prepara concierto de aniversario en el Teatro Municipal de Antofagasta. Adem\u00e1s de los estrenos en vivo de los temas \u201cTr\u00e9mula y Salvaje\u201d y \u201cLa perdici\u00f3n\u201d S\u00e1dica es una banda de rock alternativo que lleva diez a\u00f1os en la escena musical. Dentro de su repertorio, \u201cOrgasmo\u201d, su disco de estudio, se posicionan &nbsp;dentro del g\u00e9nero, cautivando desde las letras hasta la sonoridad que conlleva. Este a\u00f1o celebran diez a\u00f1os de vida con un concierto el 10 de septiembre en el Teatro Municipal, a las 19.30 horas, con un valor de entrada de $7.000, por ecopass. Adem\u00e1s habr\u00e1 stand de ventas de CDs de la banda y de Morus, quien se encargar\u00e1 de la apertura de este evento presentando su trabajo musical, y habr\u00e1 muestra de pinturas a cargo de Lobo Gris Arte. Hace algunos d\u00edas se lanz\u00f3 \u201cTr\u00e9mula &amp; Salvaje\u201d nuevo single de la banda S\u00e1dica, que nos sorprende con esta balada, pop, rock y jazz. Este trabajo fue totalmente autogestionado, grabado en home studio en el presente a\u00f1o.&nbsp; Las letras pertenecen a Sandy D y la m\u00fasica de la banda S\u00e1dica conformada por Claudio Ly en guitarras, Gabriel Troncoso en bater\u00eda, Morus en piano y Rafael Navarro en el bajo.&nbsp; \u201cTr\u00e9mula &amp; Salvaje&#8221; pas\u00f3 por varios procesos. Primeramente, fue ideada como una balada lenta y Claudio Ly hizo arreglos funk, jazz que concordaban con la atm\u00f3sfera de la canci\u00f3n, ya que la letra es bien intensa y te lleva a experimentar a trav\u00e9s de la l\u00edrica sobre esa mirada cargada a la pasi\u00f3n, a esos amores que te llevan a lo prohibido o pasiones que son tan fuertes que te descolocan por un momento\u201d agrega la vocalista Sandy D con respecto al tema. La invitaci\u00f3n es a estar atentos a las redes sociales de la banda para poder escuchar el single a trav\u00e9s de las redes musicales y adquirir la entrada de este concierto imperdible. Auspician&nbsp; Corporaci\u00f3n Cultural de Antofagasta Atacama Restobar Radio FM7 Subnorte Isa Stylos Lobo Gris Arte\" \/>\n<meta property=\"og:url\" content=\"https:\/\/radionorte.cl\/?p=452\" \/>\n<meta property=\"article:published_time\" content=\"2022-09-01T13:59:34+00:00\" \/>\n<meta property=\"article:modified_time\" content=\"2022-09-01T13:59:38+00:00\" \/>\n<meta property=\"og:image\" content=\"http:\/\/radionorte.cl\/wp-content\/uploads\/2022\/09\/WhatsApp-Image-2022-09-01-at-09.48.28.jpeg\" \/>\n\t<meta property=\"og:image:width\" content=\"960\" \/>\n\t<meta property=\"og:image:height\" content=\"640\" \/>\n\t<meta property=\"og:image:type\" content=\"image\/jpeg\" \/>\n<meta name=\"author\" content=\"carocklina\" \/>\n<meta name=\"twitter:card\" content=\"summary_large_image\" \/>\n<meta name=\"twitter:label1\" content=\"Escrito por\" \/>\n\t<meta name=\"twitter:data1\" content=\"carocklina\" \/>\n\t<meta name=\"twitter:label2\" content=\"Tiempo estimado de lectura\" \/>\n\t<meta name=\"twitter:data2\" content=\"2 minutos\" \/>\n<script type=\"application\/ld+json\" class=\"yoast-schema-graph\">{\"@context\":\"https:\\\/\\\/schema.org\",\"@graph\":[{\"@type\":\"Article\",\"@id\":\"https:\\\/\\\/radionorte.cl\\\/?p=452#article\",\"isPartOf\":{\"@id\":\"https:\\\/\\\/radionorte.cl\\\/?p=452\"},\"author\":{\"name\":\"carocklina\",\"@id\":\"https:\\\/\\\/radionorte.cl\\\/#\\\/schema\\\/person\\\/baacf6923dce8651ca2587cbf14dbef2\"},\"headline\":\"S\u00e1dica celebra sus 10 a\u00f1os en Teatro Municipal\",\"datePublished\":\"2022-09-01T13:59:34+00:00\",\"dateModified\":\"2022-09-01T13:59:38+00:00\",\"mainEntityOfPage\":{\"@id\":\"https:\\\/\\\/radionorte.cl\\\/?p=452\"},\"wordCount\":381,\"commentCount\":0,\"image\":{\"@id\":\"https:\\\/\\\/radionorte.cl\\\/?p=452#primaryimage\"},\"thumbnailUrl\":\"https:\\\/\\\/i0.wp.com\\\/radionorte.cl\\\/wp-content\\\/uploads\\\/2022\\\/09\\\/WhatsApp-Image-2022-09-01-at-09.48.28.jpeg?fit=960%2C640&ssl=1\",\"articleSection\":[\"Radio Norte\"],\"inLanguage\":\"es-CL\",\"potentialAction\":[{\"@type\":\"CommentAction\",\"name\":\"Comment\",\"target\":[\"https:\\\/\\\/radionorte.cl\\\/?p=452#respond\"]}]},{\"@type\":\"WebPage\",\"@id\":\"https:\\\/\\\/radionorte.cl\\\/?p=452\",\"url\":\"https:\\\/\\\/radionorte.cl\\\/?p=452\",\"name\":\"S\u00e1dica celebra sus 10 a\u00f1os en Teatro Municipal -\",\"isPartOf\":{\"@id\":\"https:\\\/\\\/radionorte.cl\\\/#website\"},\"primaryImageOfPage\":{\"@id\":\"https:\\\/\\\/radionorte.cl\\\/?p=452#primaryimage\"},\"image\":{\"@id\":\"https:\\\/\\\/radionorte.cl\\\/?p=452#primaryimage\"},\"thumbnailUrl\":\"https:\\\/\\\/i0.wp.com\\\/radionorte.cl\\\/wp-content\\\/uploads\\\/2022\\\/09\\\/WhatsApp-Image-2022-09-01-at-09.48.28.jpeg?fit=960%2C640&ssl=1\",\"datePublished\":\"2022-09-01T13:59:34+00:00\",\"dateModified\":\"2022-09-01T13:59:38+00:00\",\"author\":{\"@id\":\"https:\\\/\\\/radionorte.cl\\\/#\\\/schema\\\/person\\\/baacf6923dce8651ca2587cbf14dbef2\"},\"breadcrumb\":{\"@id\":\"https:\\\/\\\/radionorte.cl\\\/?p=452#breadcrumb\"},\"inLanguage\":\"es-CL\",\"potentialAction\":[{\"@type\":\"ReadAction\",\"target\":[\"https:\\\/\\\/radionorte.cl\\\/?p=452\"]}]},{\"@type\":\"ImageObject\",\"inLanguage\":\"es-CL\",\"@id\":\"https:\\\/\\\/radionorte.cl\\\/?p=452#primaryimage\",\"url\":\"https:\\\/\\\/i0.wp.com\\\/radionorte.cl\\\/wp-content\\\/uploads\\\/2022\\\/09\\\/WhatsApp-Image-2022-09-01-at-09.48.28.jpeg?fit=960%2C640&ssl=1\",\"contentUrl\":\"https:\\\/\\\/i0.wp.com\\\/radionorte.cl\\\/wp-content\\\/uploads\\\/2022\\\/09\\\/WhatsApp-Image-2022-09-01-at-09.48.28.jpeg?fit=960%2C640&ssl=1\",\"width\":960,\"height\":640},{\"@type\":\"BreadcrumbList\",\"@id\":\"https:\\\/\\\/radionorte.cl\\\/?p=452#breadcrumb\",\"itemListElement\":[{\"@type\":\"ListItem\",\"position\":1,\"name\":\"Home\",\"item\":\"https:\\\/\\\/radionorte.cl\\\/\"},{\"@type\":\"ListItem\",\"position\":2,\"name\":\"S\u00e1dica celebra sus 10 a\u00f1os en Teatro Municipal\"}]},{\"@type\":\"WebSite\",\"@id\":\"https:\\\/\\\/radionorte.cl\\\/#website\",\"url\":\"https:\\\/\\\/radionorte.cl\\\/\",\"name\":\"\",\"description\":\"\",\"potentialAction\":[{\"@type\":\"SearchAction\",\"target\":{\"@type\":\"EntryPoint\",\"urlTemplate\":\"https:\\\/\\\/radionorte.cl\\\/?s={search_term_string}\"},\"query-input\":{\"@type\":\"PropertyValueSpecification\",\"valueRequired\":true,\"valueName\":\"search_term_string\"}}],\"inLanguage\":\"es-CL\"},{\"@type\":\"Person\",\"@id\":\"https:\\\/\\\/radionorte.cl\\\/#\\\/schema\\\/person\\\/baacf6923dce8651ca2587cbf14dbef2\",\"name\":\"carocklina\",\"image\":{\"@type\":\"ImageObject\",\"inLanguage\":\"es-CL\",\"@id\":\"https:\\\/\\\/secure.gravatar.com\\\/avatar\\\/9edc52d7207ebb4d2bce985a253a7e2e313a7e3ced068ec36b73c76301b89836?s=96&d=mm&r=g\",\"url\":\"https:\\\/\\\/secure.gravatar.com\\\/avatar\\\/9edc52d7207ebb4d2bce985a253a7e2e313a7e3ced068ec36b73c76301b89836?s=96&d=mm&r=g\",\"contentUrl\":\"https:\\\/\\\/secure.gravatar.com\\\/avatar\\\/9edc52d7207ebb4d2bce985a253a7e2e313a7e3ced068ec36b73c76301b89836?s=96&d=mm&r=g\",\"caption\":\"carocklina\"},\"sameAs\":[\"http:\\\/\\\/radionorte.cl\"],\"url\":\"https:\\\/\\\/radionorte.cl\\\/?author=1\"}]}<\/script>\n<!-- \/ Yoast SEO plugin. -->","yoast_head_json":{"title":"S\u00e1dica celebra sus 10 a\u00f1os en Teatro Municipal -","robots":{"index":"index","follow":"follow","max-snippet":"max-snippet:-1","max-image-preview":"max-image-preview:large","max-video-preview":"max-video-preview:-1"},"canonical":"https:\/\/radionorte.cl\/?p=452","og_locale":"es_ES","og_type":"article","og_title":"S\u00e1dica celebra sus 10 a\u00f1os en Teatro Municipal -","og_description":"Entradas se podr\u00e1n adquirir a trav\u00e9s de Ecopass.cl La banda antofagastina \u201cS\u00e1dica\u201d prepara concierto de aniversario en el Teatro Municipal de Antofagasta. Adem\u00e1s de los estrenos en vivo de los temas \u201cTr\u00e9mula y Salvaje\u201d y \u201cLa perdici\u00f3n\u201d S\u00e1dica es una banda de rock alternativo que lleva diez a\u00f1os en la escena musical. Dentro de su repertorio, \u201cOrgasmo\u201d, su disco de estudio, se posicionan &nbsp;dentro del g\u00e9nero, cautivando desde las letras hasta la sonoridad que conlleva. Este a\u00f1o celebran diez a\u00f1os de vida con un concierto el 10 de septiembre en el Teatro Municipal, a las 19.30 horas, con un valor de entrada de $7.000, por ecopass. Adem\u00e1s habr\u00e1 stand de ventas de CDs de la banda y de Morus, quien se encargar\u00e1 de la apertura de este evento presentando su trabajo musical, y habr\u00e1 muestra de pinturas a cargo de Lobo Gris Arte. Hace algunos d\u00edas se lanz\u00f3 \u201cTr\u00e9mula &amp; Salvaje\u201d nuevo single de la banda S\u00e1dica, que nos sorprende con esta balada, pop, rock y jazz. Este trabajo fue totalmente autogestionado, grabado en home studio en el presente a\u00f1o.&nbsp; Las letras pertenecen a Sandy D y la m\u00fasica de la banda S\u00e1dica conformada por Claudio Ly en guitarras, Gabriel Troncoso en bater\u00eda, Morus en piano y Rafael Navarro en el bajo.&nbsp; \u201cTr\u00e9mula &amp; Salvaje&#8221; pas\u00f3 por varios procesos. Primeramente, fue ideada como una balada lenta y Claudio Ly hizo arreglos funk, jazz que concordaban con la atm\u00f3sfera de la canci\u00f3n, ya que la letra es bien intensa y te lleva a experimentar a trav\u00e9s de la l\u00edrica sobre esa mirada cargada a la pasi\u00f3n, a esos amores que te llevan a lo prohibido o pasiones que son tan fuertes que te descolocan por un momento\u201d agrega la vocalista Sandy D con respecto al tema. La invitaci\u00f3n es a estar atentos a las redes sociales de la banda para poder escuchar el single a trav\u00e9s de las redes musicales y adquirir la entrada de este concierto imperdible. Auspician&nbsp; Corporaci\u00f3n Cultural de Antofagasta Atacama Restobar Radio FM7 Subnorte Isa Stylos Lobo Gris Arte","og_url":"https:\/\/radionorte.cl\/?p=452","article_published_time":"2022-09-01T13:59:34+00:00","article_modified_time":"2022-09-01T13:59:38+00:00","og_image":[{"width":960,"height":640,"url":"http:\/\/radionorte.cl\/wp-content\/uploads\/2022\/09\/WhatsApp-Image-2022-09-01-at-09.48.28.jpeg","type":"image\/jpeg"}],"author":"carocklina","twitter_card":"summary_large_image","twitter_misc":{"Escrito por":"carocklina","Tiempo estimado de lectura":"2 minutos"},"schema":{"@context":"https:\/\/schema.org","@graph":[{"@type":"Article","@id":"https:\/\/radionorte.cl\/?p=452#article","isPartOf":{"@id":"https:\/\/radionorte.cl\/?p=452"},"author":{"name":"carocklina","@id":"https:\/\/radionorte.cl\/#\/schema\/person\/baacf6923dce8651ca2587cbf14dbef2"},"headline":"S\u00e1dica celebra sus 10 a\u00f1os en Teatro Municipal","datePublished":"2022-09-01T13:59:34+00:00","dateModified":"2022-09-01T13:59:38+00:00","mainEntityOfPage":{"@id":"https:\/\/radionorte.cl\/?p=452"},"wordCount":381,"commentCount":0,"image":{"@id":"https:\/\/radionorte.cl\/?p=452#primaryimage"},"thumbnailUrl":"https:\/\/i0.wp.com\/radionorte.cl\/wp-content\/uploads\/2022\/09\/WhatsApp-Image-2022-09-01-at-09.48.28.jpeg?fit=960%2C640&ssl=1","articleSection":["Radio Norte"],"inLanguage":"es-CL","potentialAction":[{"@type":"CommentAction","name":"Comment","target":["https:\/\/radionorte.cl\/?p=452#respond"]}]},{"@type":"WebPage","@id":"https:\/\/radionorte.cl\/?p=452","url":"https:\/\/radionorte.cl\/?p=452","name":"S\u00e1dica celebra sus 10 a\u00f1os en Teatro Municipal -","isPartOf":{"@id":"https:\/\/radionorte.cl\/#website"},"primaryImageOfPage":{"@id":"https:\/\/radionorte.cl\/?p=452#primaryimage"},"image":{"@id":"https:\/\/radionorte.cl\/?p=452#primaryimage"},"thumbnailUrl":"https:\/\/i0.wp.com\/radionorte.cl\/wp-content\/uploads\/2022\/09\/WhatsApp-Image-2022-09-01-at-09.48.28.jpeg?fit=960%2C640&ssl=1","datePublished":"2022-09-01T13:59:34+00:00","dateModified":"2022-09-01T13:59:38+00:00","author":{"@id":"https:\/\/radionorte.cl\/#\/schema\/person\/baacf6923dce8651ca2587cbf14dbef2"},"breadcrumb":{"@id":"https:\/\/radionorte.cl\/?p=452#breadcrumb"},"inLanguage":"es-CL","potentialAction":[{"@type":"ReadAction","target":["https:\/\/radionorte.cl\/?p=452"]}]},{"@type":"ImageObject","inLanguage":"es-CL","@id":"https:\/\/radionorte.cl\/?p=452#primaryimage","url":"https:\/\/i0.wp.com\/radionorte.cl\/wp-content\/uploads\/2022\/09\/WhatsApp-Image-2022-09-01-at-09.48.28.jpeg?fit=960%2C640&ssl=1","contentUrl":"https:\/\/i0.wp.com\/radionorte.cl\/wp-content\/uploads\/2022\/09\/WhatsApp-Image-2022-09-01-at-09.48.28.jpeg?fit=960%2C640&ssl=1","width":960,"height":640},{"@type":"BreadcrumbList","@id":"https:\/\/radionorte.cl\/?p=452#breadcrumb","itemListElement":[{"@type":"ListItem","position":1,"name":"Home","item":"https:\/\/radionorte.cl\/"},{"@type":"ListItem","position":2,"name":"S\u00e1dica celebra sus 10 a\u00f1os en Teatro Municipal"}]},{"@type":"WebSite","@id":"https:\/\/radionorte.cl\/#website","url":"https:\/\/radionorte.cl\/","name":"","description":"","potentialAction":[{"@type":"SearchAction","target":{"@type":"EntryPoint","urlTemplate":"https:\/\/radionorte.cl\/?s={search_term_string}"},"query-input":{"@type":"PropertyValueSpecification","valueRequired":true,"valueName":"search_term_string"}}],"inLanguage":"es-CL"},{"@type":"Person","@id":"https:\/\/radionorte.cl\/#\/schema\/person\/baacf6923dce8651ca2587cbf14dbef2","name":"carocklina","image":{"@type":"ImageObject","inLanguage":"es-CL","@id":"https:\/\/secure.gravatar.com\/avatar\/9edc52d7207ebb4d2bce985a253a7e2e313a7e3ced068ec36b73c76301b89836?s=96&d=mm&r=g","url":"https:\/\/secure.gravatar.com\/avatar\/9edc52d7207ebb4d2bce985a253a7e2e313a7e3ced068ec36b73c76301b89836?s=96&d=mm&r=g","contentUrl":"https:\/\/secure.gravatar.com\/avatar\/9edc52d7207ebb4d2bce985a253a7e2e313a7e3ced068ec36b73c76301b89836?s=96&d=mm&r=g","caption":"carocklina"},"sameAs":["http:\/\/radionorte.cl"],"url":"https:\/\/radionorte.cl\/?author=1"}]}},"jetpack_featured_media_url":"https:\/\/i0.wp.com\/radionorte.cl\/wp-content\/uploads\/2022\/09\/WhatsApp-Image-2022-09-01-at-09.48.28.jpeg?fit=960%2C640&ssl=1","jetpack-related-posts":[{"id":367,"url":"https:\/\/radionorte.cl\/?p=367","url_meta":{"origin":452,"position":0},"title":"Sandy D","author":"carocklina","date":"Febrero 26, 2022","format":false,"excerpt":"Soy titulada de profesora b\u00e1sica con un post t\u00edtulo en ingl\u00e9s, capaz de dejar todo de lado por la m\u00fasica, apasionada y con la concepci\u00f3n de que en el canto hay que encontrar una voz propia que te diferenciede los dem\u00e1s y as\u00ed abordar una canci\u00f3n como v\u00eda de expresi\u00f3n\u2026","rel":"","context":"En &quot;Radio Norte&quot;","block_context":{"text":"Radio Norte","link":"https:\/\/radionorte.cl\/?cat=149"},"img":{"alt_text":"","src":"https:\/\/i0.wp.com\/radionorte.cl\/wp-content\/uploads\/2022\/02\/sandy-1.jpg?fit=480%2C480&ssl=1&resize=350%2C200","width":350,"height":200},"classes":[]},{"id":456,"url":"https:\/\/radionorte.cl\/?p=456","url_meta":{"origin":452,"position":1},"title":"Gianinna Mutarello lanza su disco La Idea Original","author":"carocklina","date":"Noviembre 19, 2022","format":false,"excerpt":"Gianinna Mutarello Blues Band El Blues femenino se toma los escenarios antofagastinos Con un gran concierto a realizarse este 19 de Noviembre en el auditorio del museo Ruinas de Huanchaca, la cantautora del g\u00e9nero blues , Gianinna Mutarello, lanza su primer trabajo discogr\u00e1fico llamado \u201cLa idea Original\u201d, obra producida por\u2026","rel":"","context":"En &quot;Radio Norte&quot;","block_context":{"text":"Radio Norte","link":"https:\/\/radionorte.cl\/?cat=149"},"img":{"alt_text":"","src":"https:\/\/i0.wp.com\/radionorte.cl\/wp-content\/uploads\/2022\/11\/WhatsApp-Image-2022-11-19-at-10.11.26.jpeg?fit=960%2C1200&ssl=1&resize=350%2C200","width":350,"height":200,"srcset":"https:\/\/i0.wp.com\/radionorte.cl\/wp-content\/uploads\/2022\/11\/WhatsApp-Image-2022-11-19-at-10.11.26.jpeg?fit=960%2C1200&ssl=1&resize=350%2C200 1x, https:\/\/i0.wp.com\/radionorte.cl\/wp-content\/uploads\/2022\/11\/WhatsApp-Image-2022-11-19-at-10.11.26.jpeg?fit=960%2C1200&ssl=1&resize=525%2C300 1.5x, https:\/\/i0.wp.com\/radionorte.cl\/wp-content\/uploads\/2022\/11\/WhatsApp-Image-2022-11-19-at-10.11.26.jpeg?fit=960%2C1200&ssl=1&resize=700%2C400 2x"},"classes":[]},{"id":527,"url":"https:\/\/radionorte.cl\/?p=527","url_meta":{"origin":452,"position":2},"title":"Hombre falleci\u00f3 tras estar nadando en el Balneario Municipal de Antofagasta","author":"carocklina","date":"Enero 5, 2023","format":false,"excerpt":"Alrededor de las 03:00 horas de este jueves 05 de enero, la Central de Alarmas de Bomberos de Antofagasta despach\u00f3 a sus unidades R3 hasta la intersecci\u00f3n de Avenida Rep\u00fablica de Croacia con El Quisco, por informaci\u00f3n preliminar de persona en Paro Cardiorrespiratorio. Tras la llegada de Bomberos, trabajaron en\u2026","rel":"","context":"En &quot;Radio Norte&quot;","block_context":{"text":"Radio Norte","link":"https:\/\/radionorte.cl\/?cat=149"},"img":{"alt_text":"","src":"https:\/\/i0.wp.com\/radionorte.cl\/wp-content\/uploads\/2023\/01\/01-3.png?fit=1068%2C801&ssl=1&resize=350%2C200","width":350,"height":200,"srcset":"https:\/\/i0.wp.com\/radionorte.cl\/wp-content\/uploads\/2023\/01\/01-3.png?fit=1068%2C801&ssl=1&resize=350%2C200 1x, https:\/\/i0.wp.com\/radionorte.cl\/wp-content\/uploads\/2023\/01\/01-3.png?fit=1068%2C801&ssl=1&resize=525%2C300 1.5x, https:\/\/i0.wp.com\/radionorte.cl\/wp-content\/uploads\/2023\/01\/01-3.png?fit=1068%2C801&ssl=1&resize=700%2C400 2x, https:\/\/i0.wp.com\/radionorte.cl\/wp-content\/uploads\/2023\/01\/01-3.png?fit=1068%2C801&ssl=1&resize=1050%2C600 3x"},"classes":[]},{"id":346,"url":"https:\/\/radionorte.cl\/?p=346","url_meta":{"origin":452,"position":3},"title":"Camila Araya","author":"carocklina","date":"Febrero 25, 2022","format":false,"excerpt":"Camila Araya en Ingeniera Comercial de profesi\u00f3n, pero su coraz\u00f3n siempre ha estado con la Cultura y las Artes. Es una fiel, fan\u00e1tica y amante del Choclo Calame\u00f1o. Se ha desempe\u00f1ado como actriz en obras de Teatro como \u201cEl Alicanto\u201d, tambi\u00e9n como locutora en Radio Norte con su programa \u201cClandestinas\u201d.","rel":"","context":"En &quot;Radio Norte&quot;","block_context":{"text":"Radio Norte","link":"https:\/\/radionorte.cl\/?cat=149"},"img":{"alt_text":"","src":"https:\/\/i0.wp.com\/radionorte.cl\/wp-content\/uploads\/2022\/02\/WhatsApp-Image-2022-02-25-at-01.33.41.jpeg?fit=1080%2C942&ssl=1&resize=350%2C200","width":350,"height":200,"srcset":"https:\/\/i0.wp.com\/radionorte.cl\/wp-content\/uploads\/2022\/02\/WhatsApp-Image-2022-02-25-at-01.33.41.jpeg?fit=1080%2C942&ssl=1&resize=350%2C200 1x, https:\/\/i0.wp.com\/radionorte.cl\/wp-content\/uploads\/2022\/02\/WhatsApp-Image-2022-02-25-at-01.33.41.jpeg?fit=1080%2C942&ssl=1&resize=525%2C300 1.5x, https:\/\/i0.wp.com\/radionorte.cl\/wp-content\/uploads\/2022\/02\/WhatsApp-Image-2022-02-25-at-01.33.41.jpeg?fit=1080%2C942&ssl=1&resize=700%2C400 2x, https:\/\/i0.wp.com\/radionorte.cl\/wp-content\/uploads\/2022\/02\/WhatsApp-Image-2022-02-25-at-01.33.41.jpeg?fit=1080%2C942&ssl=1&resize=1050%2C600 3x"},"classes":[]},{"id":586,"url":"https:\/\/radionorte.cl\/?p=586","url_meta":{"origin":452,"position":4},"title":"Calama: Operativo de limpieza en Yalquincha dej\u00f3 m\u00e1s de 12 toneladas de retiro de basura","author":"carocklina","date":"Enero 9, 2023","format":false,"excerpt":"Con el compromiso de mantener un oasis libre de contaminaci\u00f3n, el municipio de Calama trabaja en distintos puntos de la ciudad para mantener sus \u00e1reas verdes. Este fin de semana se realiz\u00f3 un nuevo operativo de limpieza en la ciudad de Calama, compromiso que el Alcalde Eliecer Chamorro Vargas contin\u00faa\u2026","rel":"","context":"En &quot;Radio Norte&quot;","block_context":{"text":"Radio Norte","link":"https:\/\/radionorte.cl\/?cat=149"},"img":{"alt_text":"","src":"https:\/\/i0.wp.com\/radionorte.cl\/wp-content\/uploads\/2023\/01\/01-7.png?fit=760%2C571&ssl=1&resize=350%2C200","width":350,"height":200,"srcset":"https:\/\/i0.wp.com\/radionorte.cl\/wp-content\/uploads\/2023\/01\/01-7.png?fit=760%2C571&ssl=1&resize=350%2C200 1x, https:\/\/i0.wp.com\/radionorte.cl\/wp-content\/uploads\/2023\/01\/01-7.png?fit=760%2C571&ssl=1&resize=525%2C300 1.5x, https:\/\/i0.wp.com\/radionorte.cl\/wp-content\/uploads\/2023\/01\/01-7.png?fit=760%2C571&ssl=1&resize=700%2C400 2x"},"classes":[]},{"id":647,"url":"https:\/\/radionorte.cl\/?p=647","url_meta":{"origin":452,"position":5},"title":"Realizan nuevo operativo para retirar ocupaciones irregulares en el sector norte de Antofagasta","author":"carocklina","date":"Enero 25, 2023","format":false,"excerpt":"Este mi\u00e9rcoles 25 de enero, la Delegaci\u00f3n Presidencial Regional de Antofagasta, realiz\u00f3 un nuevo operativo para desalojar a las ocupaciones irregulares, esta vez en el sector norte de la capital regional. La Unidad Territorial de la DPR, en coordinaci\u00f3n con Carabineros, Armada y municipalidad, durante la ma\u00f1ana de este mi\u00e9rcoles,\u2026","rel":"","context":"En &quot;Radio Norte&quot;","block_context":{"text":"Radio Norte","link":"https:\/\/radionorte.cl\/?cat=149"},"img":{"alt_text":"","src":"https:\/\/i0.wp.com\/radionorte.cl\/wp-content\/uploads\/2023\/01\/01-19.png?fit=820%2C460&ssl=1&resize=350%2C200","width":350,"height":200,"srcset":"https:\/\/i0.wp.com\/radionorte.cl\/wp-content\/uploads\/2023\/01\/01-19.png?fit=820%2C460&ssl=1&resize=350%2C200 1x, https:\/\/i0.wp.com\/radionorte.cl\/wp-content\/uploads\/2023\/01\/01-19.png?fit=820%2C460&ssl=1&resize=525%2C300 1.5x, https:\/\/i0.wp.com\/radionorte.cl\/wp-content\/uploads\/2023\/01\/01-19.png?fit=820%2C460&ssl=1&resize=700%2C400 2x"},"classes":[]}],"jetpack_sharing_enabled":true,"_links":{"self":[{"href":"https:\/\/radionorte.cl\/index.php?rest_route=\/wp\/v2\/posts\/452","targetHints":{"allow":["GET"]}}],"collection":[{"href":"https:\/\/radionorte.cl\/index.php?rest_route=\/wp\/v2\/posts"}],"about":[{"href":"https:\/\/radionorte.cl\/index.php?rest_route=\/wp\/v2\/types\/post"}],"author":[{"embeddable":true,"href":"https:\/\/radionorte.cl\/index.php?rest_route=\/wp\/v2\/users\/1"}],"replies":[{"embeddable":true,"href":"https:\/\/radionorte.cl\/index.php?rest_route=%2Fwp%2Fv2%2Fcomments&post=452"}],"version-history":[{"count":1,"href":"https:\/\/radionorte.cl\/index.php?rest_route=\/wp\/v2\/posts\/452\/revisions"}],"predecessor-version":[{"id":454,"href":"https:\/\/radionorte.cl\/index.php?rest_route=\/wp\/v2\/posts\/452\/revisions\/454"}],"wp:featuredmedia":[{"embeddable":true,"href":"https:\/\/radionorte.cl\/index.php?rest_route=\/wp\/v2\/media\/453"}],"wp:attachment":[{"href":"https:\/\/radionorte.cl\/index.php?rest_route=%2Fwp%2Fv2%2Fmedia&parent=452"}],"wp:term":[{"taxonomy":"category","embeddable":true,"href":"https:\/\/radionorte.cl\/index.php?rest_route=%2Fwp%2Fv2%2Fcategories&post=452"},{"taxonomy":"post_tag","embeddable":true,"href":"https:\/\/radionorte.cl\/index.php?rest_route=%2Fwp%2Fv2%2Ftags&post=452"}],"curies":[{"name":"wp","href":"https:\/\/api.w.org\/{rel}","templated":true}]}}