{"id":456,"date":"2022-11-19T13:16:47","date_gmt":"2022-11-19T13:16:47","guid":{"rendered":"https:\/\/radionorte.cl\/?p=456"},"modified":"2022-11-19T13:16:48","modified_gmt":"2022-11-19T13:16:48","slug":"gianinna-mutarello-lanza-su-disco-la-idea-original","status":"publish","type":"post","link":"https:\/\/radionorte.cl\/?p=456","title":{"rendered":"Gianinna Mutarello lanza su disco La Idea Original"},"content":{"rendered":"\n<p><strong>Gianinna Mutarello Blues Band<\/strong><\/p>\n\n\n\n<p>El Blues femenino se toma los escenarios antofagastinos<\/p>\n\n\n\n<p>Con un gran concierto a realizarse este 19 de Noviembre en el auditorio del museo Ruinas de Huanchaca, la cantautora del g\u00e9nero blues , Gianinna Mutarello, lanza su primer trabajo discogr\u00e1fico llamado \u201cLa idea Original\u201d, obra producida por el destacado Pianista Fernando Alvarado.<\/p>\n\n\n\n<p>\u201c<em>Este concierto marca un gran hito para m\u00ed, ya que despu\u00e9s de largos 5 a\u00f1os de trabajo, al fin ve la luz en un espect\u00e1culo en donde por primera vez estar\u00e9 acompa\u00f1ada por la Blues Band<\/em>\u201d afirm\u00f3 la cantante.<\/p>\n\n\n\n<p>El ensamble de la blues band, est\u00e1 compuesto por destacados trabajadores de la m\u00fasica: Jaime Cabrera ( Bajo), Pablo Mart\u00ednez&nbsp;&nbsp; ( Bater\u00eda), Felipe Tello &nbsp;&nbsp;&nbsp;&nbsp;&nbsp;&nbsp;&nbsp;&nbsp;&nbsp;&nbsp;&nbsp;&nbsp;&nbsp;&nbsp;( Guitarra) , Iv\u00e1n el campesino ( Arm\u00f3nicas) @gianinnamutarello &nbsp;( Guitarra y voz) , quienes estar\u00e1n a cargo de tocar en vivo las canciones del disco, con un sonido inspirado en las blues woman de &nbsp;los a\u00f1os 50.<\/p>\n\n\n\n<p>La jornada parte a las 18.00 hrs&nbsp; a cargo de Sesi\u00f3n Vinilo , instancia en la cual los asistentes podr\u00e1n disfrutar de discos&nbsp; de rock y el blues en este&nbsp; cl\u00e1sico formato ( vinilos) . Luego, a las 20.00 hrs se presenta la banda de pop arqueol\u00f3gico Primate B\u00edpedo&nbsp; &nbsp;para culminar con la presentaci\u00f3n de Gianinna Mutarello y la Blues Band.<\/p>\n\n\n\n<p>\u201cEl apoyo y asistencia del p\u00fablico es fundamental para poder financiar todos los costos asociados para producir este evento 100% autogestionado e independiente\u201d Aclaro Gianinna. \u201cLa invitaci\u00f3n es a disfrutar de la m\u00fasica blues\u201d<\/p>\n\n\n\n<p>Las entradas tienen un valor de $10.000 la preventa y se pueden obtener en jeanny Disquer\u00eda, edificio Caracol, planta baja local\u00a0 N\u00ba6 o el Instagram @pagatuentrada<\/p>\n\n\n\n<figure class=\"wp-block-image size-large\"><img data-recalc-dims=\"1\" loading=\"lazy\" decoding=\"async\" width=\"819\" height=\"1024\" src=\"https:\/\/i0.wp.com\/radionorte.cl\/wp-content\/uploads\/2022\/11\/WhatsApp-Image-2022-11-19-at-10.11.26-819x1024.jpeg?resize=819%2C1024&#038;ssl=1\" alt=\"\" class=\"wp-image-457\" srcset=\"https:\/\/i0.wp.com\/radionorte.cl\/wp-content\/uploads\/2022\/11\/WhatsApp-Image-2022-11-19-at-10.11.26.jpeg?resize=819%2C1024&amp;ssl=1 819w, https:\/\/i0.wp.com\/radionorte.cl\/wp-content\/uploads\/2022\/11\/WhatsApp-Image-2022-11-19-at-10.11.26.jpeg?resize=240%2C300&amp;ssl=1 240w, https:\/\/i0.wp.com\/radionorte.cl\/wp-content\/uploads\/2022\/11\/WhatsApp-Image-2022-11-19-at-10.11.26.jpeg?resize=768%2C960&amp;ssl=1 768w, https:\/\/i0.wp.com\/radionorte.cl\/wp-content\/uploads\/2022\/11\/WhatsApp-Image-2022-11-19-at-10.11.26.jpeg?w=1024&amp;ssl=1 1024w\" sizes=\"auto, (max-width: 819px) 100vw, 819px\" \/><\/figure>\n","protected":false},"excerpt":{"rendered":"<p>Gianinna Mutarello Blues Band El Blues femenino se toma los escenarios antofagastinos Con un gran concierto a realizarse este 19 de Noviembre en el auditorio del museo Ruinas de Huanchaca, la cantautora del g\u00e9nero blues , Gianinna Mutarello, lanza su primer trabajo discogr\u00e1fico llamado \u201cLa idea Original\u201d, obra producida por el destacado Pianista Fernando Alvarado. \u201cEste concierto marca un gran hito para m\u00ed, ya que despu\u00e9s de largos 5 a\u00f1os de trabajo, al fin ve la luz en un espect\u00e1culo en donde por primera vez estar\u00e9 acompa\u00f1ada por la Blues Band\u201d afirm\u00f3 la cantante. El ensamble de la blues band, est\u00e1 compuesto por destacados trabajadores de la m\u00fasica: Jaime Cabrera ( Bajo), Pablo Mart\u00ednez&nbsp;&nbsp; ( Bater\u00eda), Felipe Tello &nbsp;&nbsp;&nbsp;&nbsp;&nbsp;&nbsp;&nbsp;&nbsp;&nbsp;&nbsp;&nbsp;&nbsp;&nbsp;&nbsp;( Guitarra) , Iv\u00e1n el campesino ( Arm\u00f3nicas) @gianinnamutarello &nbsp;( Guitarra y voz) , quienes estar\u00e1n a cargo de tocar en vivo las canciones del disco, con un sonido inspirado en las blues woman de &nbsp;los a\u00f1os 50. La jornada parte a las 18.00 hrs&nbsp; a cargo de Sesi\u00f3n Vinilo , instancia en la cual los asistentes podr\u00e1n disfrutar de discos&nbsp; de rock y el blues en este&nbsp; cl\u00e1sico formato ( vinilos) . Luego, a las 20.00 hrs se presenta la banda de pop arqueol\u00f3gico Primate B\u00edpedo&nbsp; &nbsp;para culminar con la presentaci\u00f3n de Gianinna Mutarello y la Blues Band. \u201cEl apoyo y asistencia del p\u00fablico es fundamental para poder financiar todos los costos asociados para producir este evento 100% autogestionado e independiente\u201d Aclaro Gianinna. \u201cLa invitaci\u00f3n es a disfrutar de la m\u00fasica blues\u201d Las entradas tienen un valor de $10.000 la preventa y se pueden obtener en jeanny Disquer\u00eda, edificio Caracol, planta baja local\u00a0 N\u00ba6 o el Instagram @pagatuentrada<\/p>\n","protected":false},"author":1,"featured_media":457,"comment_status":"open","ping_status":"open","sticky":false,"template":"","format":"standard","meta":{"_jetpack_memberships_contains_paid_content":false,"footnotes":""},"categories":[149],"tags":[],"class_list":["post-456","post","type-post","status-publish","format-standard","has-post-thumbnail","hentry","category-escucha-online-aqui"],"yoast_head":"<!-- This site is optimized with the Yoast SEO plugin v27.5 - https:\/\/yoast.com\/product\/yoast-seo-wordpress\/ -->\n<title>Gianinna Mutarello lanza su disco La Idea Original -<\/title>\n<meta name=\"robots\" content=\"index, follow, max-snippet:-1, max-image-preview:large, max-video-preview:-1\" \/>\n<link rel=\"canonical\" href=\"https:\/\/radionorte.cl\/?p=456\" \/>\n<meta property=\"og:locale\" content=\"es_ES\" \/>\n<meta property=\"og:type\" content=\"article\" \/>\n<meta property=\"og:title\" content=\"Gianinna Mutarello lanza su disco La Idea Original -\" \/>\n<meta property=\"og:description\" content=\"Gianinna Mutarello Blues Band El Blues femenino se toma los escenarios antofagastinos Con un gran concierto a realizarse este 19 de Noviembre en el auditorio del museo Ruinas de Huanchaca, la cantautora del g\u00e9nero blues , Gianinna Mutarello, lanza su primer trabajo discogr\u00e1fico llamado \u201cLa idea Original\u201d, obra producida por el destacado Pianista Fernando Alvarado. \u201cEste concierto marca un gran hito para m\u00ed, ya que despu\u00e9s de largos 5 a\u00f1os de trabajo, al fin ve la luz en un espect\u00e1culo en donde por primera vez estar\u00e9 acompa\u00f1ada por la Blues Band\u201d afirm\u00f3 la cantante. El ensamble de la blues band, est\u00e1 compuesto por destacados trabajadores de la m\u00fasica: Jaime Cabrera ( Bajo), Pablo Mart\u00ednez&nbsp;&nbsp; ( Bater\u00eda), Felipe Tello &nbsp;&nbsp;&nbsp;&nbsp;&nbsp;&nbsp;&nbsp;&nbsp;&nbsp;&nbsp;&nbsp;&nbsp;&nbsp;&nbsp;( Guitarra) , Iv\u00e1n el campesino ( Arm\u00f3nicas) @gianinnamutarello &nbsp;( Guitarra y voz) , quienes estar\u00e1n a cargo de tocar en vivo las canciones del disco, con un sonido inspirado en las blues woman de &nbsp;los a\u00f1os 50. La jornada parte a las 18.00 hrs&nbsp; a cargo de Sesi\u00f3n Vinilo , instancia en la cual los asistentes podr\u00e1n disfrutar de discos&nbsp; de rock y el blues en este&nbsp; cl\u00e1sico formato ( vinilos) . Luego, a las 20.00 hrs se presenta la banda de pop arqueol\u00f3gico Primate B\u00edpedo&nbsp; &nbsp;para culminar con la presentaci\u00f3n de Gianinna Mutarello y la Blues Band. \u201cEl apoyo y asistencia del p\u00fablico es fundamental para poder financiar todos los costos asociados para producir este evento 100% autogestionado e independiente\u201d Aclaro Gianinna. \u201cLa invitaci\u00f3n es a disfrutar de la m\u00fasica blues\u201d Las entradas tienen un valor de $10.000 la preventa y se pueden obtener en jeanny Disquer\u00eda, edificio Caracol, planta baja local\u00a0 N\u00ba6 o el Instagram @pagatuentrada\" \/>\n<meta property=\"og:url\" content=\"https:\/\/radionorte.cl\/?p=456\" \/>\n<meta property=\"article:published_time\" content=\"2022-11-19T13:16:47+00:00\" \/>\n<meta property=\"article:modified_time\" content=\"2022-11-19T13:16:48+00:00\" \/>\n<meta property=\"og:image\" content=\"http:\/\/radionorte.cl\/wp-content\/uploads\/2022\/11\/WhatsApp-Image-2022-11-19-at-10.11.26.jpeg\" \/>\n\t<meta property=\"og:image:width\" content=\"1024\" \/>\n\t<meta property=\"og:image:height\" content=\"1280\" \/>\n\t<meta property=\"og:image:type\" content=\"image\/jpeg\" \/>\n<meta name=\"author\" content=\"carocklina\" \/>\n<meta name=\"twitter:card\" content=\"summary_large_image\" \/>\n<meta name=\"twitter:label1\" content=\"Escrito por\" \/>\n\t<meta name=\"twitter:data1\" content=\"carocklina\" \/>\n\t<meta name=\"twitter:label2\" content=\"Tiempo estimado de lectura\" \/>\n\t<meta name=\"twitter:data2\" content=\"2 minutos\" \/>\n<script type=\"application\/ld+json\" class=\"yoast-schema-graph\">{\"@context\":\"https:\\\/\\\/schema.org\",\"@graph\":[{\"@type\":\"Article\",\"@id\":\"https:\\\/\\\/radionorte.cl\\\/?p=456#article\",\"isPartOf\":{\"@id\":\"https:\\\/\\\/radionorte.cl\\\/?p=456\"},\"author\":{\"name\":\"carocklina\",\"@id\":\"https:\\\/\\\/radionorte.cl\\\/#\\\/schema\\\/person\\\/baacf6923dce8651ca2587cbf14dbef2\"},\"headline\":\"Gianinna Mutarello lanza su disco La Idea Original\",\"datePublished\":\"2022-11-19T13:16:47+00:00\",\"dateModified\":\"2022-11-19T13:16:48+00:00\",\"mainEntityOfPage\":{\"@id\":\"https:\\\/\\\/radionorte.cl\\\/?p=456\"},\"wordCount\":313,\"commentCount\":0,\"image\":{\"@id\":\"https:\\\/\\\/radionorte.cl\\\/?p=456#primaryimage\"},\"thumbnailUrl\":\"https:\\\/\\\/i0.wp.com\\\/radionorte.cl\\\/wp-content\\\/uploads\\\/2022\\\/11\\\/WhatsApp-Image-2022-11-19-at-10.11.26.jpeg?fit=1024%2C1280&ssl=1\",\"articleSection\":[\"Radio Norte\"],\"inLanguage\":\"es-CL\",\"potentialAction\":[{\"@type\":\"CommentAction\",\"name\":\"Comment\",\"target\":[\"https:\\\/\\\/radionorte.cl\\\/?p=456#respond\"]}]},{\"@type\":\"WebPage\",\"@id\":\"https:\\\/\\\/radionorte.cl\\\/?p=456\",\"url\":\"https:\\\/\\\/radionorte.cl\\\/?p=456\",\"name\":\"Gianinna Mutarello lanza su disco La Idea Original -\",\"isPartOf\":{\"@id\":\"https:\\\/\\\/radionorte.cl\\\/#website\"},\"primaryImageOfPage\":{\"@id\":\"https:\\\/\\\/radionorte.cl\\\/?p=456#primaryimage\"},\"image\":{\"@id\":\"https:\\\/\\\/radionorte.cl\\\/?p=456#primaryimage\"},\"thumbnailUrl\":\"https:\\\/\\\/i0.wp.com\\\/radionorte.cl\\\/wp-content\\\/uploads\\\/2022\\\/11\\\/WhatsApp-Image-2022-11-19-at-10.11.26.jpeg?fit=1024%2C1280&ssl=1\",\"datePublished\":\"2022-11-19T13:16:47+00:00\",\"dateModified\":\"2022-11-19T13:16:48+00:00\",\"author\":{\"@id\":\"https:\\\/\\\/radionorte.cl\\\/#\\\/schema\\\/person\\\/baacf6923dce8651ca2587cbf14dbef2\"},\"breadcrumb\":{\"@id\":\"https:\\\/\\\/radionorte.cl\\\/?p=456#breadcrumb\"},\"inLanguage\":\"es-CL\",\"potentialAction\":[{\"@type\":\"ReadAction\",\"target\":[\"https:\\\/\\\/radionorte.cl\\\/?p=456\"]}]},{\"@type\":\"ImageObject\",\"inLanguage\":\"es-CL\",\"@id\":\"https:\\\/\\\/radionorte.cl\\\/?p=456#primaryimage\",\"url\":\"https:\\\/\\\/i0.wp.com\\\/radionorte.cl\\\/wp-content\\\/uploads\\\/2022\\\/11\\\/WhatsApp-Image-2022-11-19-at-10.11.26.jpeg?fit=1024%2C1280&ssl=1\",\"contentUrl\":\"https:\\\/\\\/i0.wp.com\\\/radionorte.cl\\\/wp-content\\\/uploads\\\/2022\\\/11\\\/WhatsApp-Image-2022-11-19-at-10.11.26.jpeg?fit=1024%2C1280&ssl=1\",\"width\":1024,\"height\":1280},{\"@type\":\"BreadcrumbList\",\"@id\":\"https:\\\/\\\/radionorte.cl\\\/?p=456#breadcrumb\",\"itemListElement\":[{\"@type\":\"ListItem\",\"position\":1,\"name\":\"Home\",\"item\":\"https:\\\/\\\/radionorte.cl\\\/\"},{\"@type\":\"ListItem\",\"position\":2,\"name\":\"Gianinna Mutarello lanza su disco La Idea Original\"}]},{\"@type\":\"WebSite\",\"@id\":\"https:\\\/\\\/radionorte.cl\\\/#website\",\"url\":\"https:\\\/\\\/radionorte.cl\\\/\",\"name\":\"\",\"description\":\"\",\"potentialAction\":[{\"@type\":\"SearchAction\",\"target\":{\"@type\":\"EntryPoint\",\"urlTemplate\":\"https:\\\/\\\/radionorte.cl\\\/?s={search_term_string}\"},\"query-input\":{\"@type\":\"PropertyValueSpecification\",\"valueRequired\":true,\"valueName\":\"search_term_string\"}}],\"inLanguage\":\"es-CL\"},{\"@type\":\"Person\",\"@id\":\"https:\\\/\\\/radionorte.cl\\\/#\\\/schema\\\/person\\\/baacf6923dce8651ca2587cbf14dbef2\",\"name\":\"carocklina\",\"image\":{\"@type\":\"ImageObject\",\"inLanguage\":\"es-CL\",\"@id\":\"https:\\\/\\\/secure.gravatar.com\\\/avatar\\\/9edc52d7207ebb4d2bce985a253a7e2e313a7e3ced068ec36b73c76301b89836?s=96&d=mm&r=g\",\"url\":\"https:\\\/\\\/secure.gravatar.com\\\/avatar\\\/9edc52d7207ebb4d2bce985a253a7e2e313a7e3ced068ec36b73c76301b89836?s=96&d=mm&r=g\",\"contentUrl\":\"https:\\\/\\\/secure.gravatar.com\\\/avatar\\\/9edc52d7207ebb4d2bce985a253a7e2e313a7e3ced068ec36b73c76301b89836?s=96&d=mm&r=g\",\"caption\":\"carocklina\"},\"sameAs\":[\"http:\\\/\\\/radionorte.cl\"],\"url\":\"https:\\\/\\\/radionorte.cl\\\/?author=1\"}]}<\/script>\n<!-- \/ Yoast SEO plugin. -->","yoast_head_json":{"title":"Gianinna Mutarello lanza su disco La Idea Original -","robots":{"index":"index","follow":"follow","max-snippet":"max-snippet:-1","max-image-preview":"max-image-preview:large","max-video-preview":"max-video-preview:-1"},"canonical":"https:\/\/radionorte.cl\/?p=456","og_locale":"es_ES","og_type":"article","og_title":"Gianinna Mutarello lanza su disco La Idea Original -","og_description":"Gianinna Mutarello Blues Band El Blues femenino se toma los escenarios antofagastinos Con un gran concierto a realizarse este 19 de Noviembre en el auditorio del museo Ruinas de Huanchaca, la cantautora del g\u00e9nero blues , Gianinna Mutarello, lanza su primer trabajo discogr\u00e1fico llamado \u201cLa idea Original\u201d, obra producida por el destacado Pianista Fernando Alvarado. \u201cEste concierto marca un gran hito para m\u00ed, ya que despu\u00e9s de largos 5 a\u00f1os de trabajo, al fin ve la luz en un espect\u00e1culo en donde por primera vez estar\u00e9 acompa\u00f1ada por la Blues Band\u201d afirm\u00f3 la cantante. El ensamble de la blues band, est\u00e1 compuesto por destacados trabajadores de la m\u00fasica: Jaime Cabrera ( Bajo), Pablo Mart\u00ednez&nbsp;&nbsp; ( Bater\u00eda), Felipe Tello &nbsp;&nbsp;&nbsp;&nbsp;&nbsp;&nbsp;&nbsp;&nbsp;&nbsp;&nbsp;&nbsp;&nbsp;&nbsp;&nbsp;( Guitarra) , Iv\u00e1n el campesino ( Arm\u00f3nicas) @gianinnamutarello &nbsp;( Guitarra y voz) , quienes estar\u00e1n a cargo de tocar en vivo las canciones del disco, con un sonido inspirado en las blues woman de &nbsp;los a\u00f1os 50. La jornada parte a las 18.00 hrs&nbsp; a cargo de Sesi\u00f3n Vinilo , instancia en la cual los asistentes podr\u00e1n disfrutar de discos&nbsp; de rock y el blues en este&nbsp; cl\u00e1sico formato ( vinilos) . Luego, a las 20.00 hrs se presenta la banda de pop arqueol\u00f3gico Primate B\u00edpedo&nbsp; &nbsp;para culminar con la presentaci\u00f3n de Gianinna Mutarello y la Blues Band. \u201cEl apoyo y asistencia del p\u00fablico es fundamental para poder financiar todos los costos asociados para producir este evento 100% autogestionado e independiente\u201d Aclaro Gianinna. \u201cLa invitaci\u00f3n es a disfrutar de la m\u00fasica blues\u201d Las entradas tienen un valor de $10.000 la preventa y se pueden obtener en jeanny Disquer\u00eda, edificio Caracol, planta baja local\u00a0 N\u00ba6 o el Instagram @pagatuentrada","og_url":"https:\/\/radionorte.cl\/?p=456","article_published_time":"2022-11-19T13:16:47+00:00","article_modified_time":"2022-11-19T13:16:48+00:00","og_image":[{"width":1024,"height":1280,"url":"http:\/\/radionorte.cl\/wp-content\/uploads\/2022\/11\/WhatsApp-Image-2022-11-19-at-10.11.26.jpeg","type":"image\/jpeg"}],"author":"carocklina","twitter_card":"summary_large_image","twitter_misc":{"Escrito por":"carocklina","Tiempo estimado de lectura":"2 minutos"},"schema":{"@context":"https:\/\/schema.org","@graph":[{"@type":"Article","@id":"https:\/\/radionorte.cl\/?p=456#article","isPartOf":{"@id":"https:\/\/radionorte.cl\/?p=456"},"author":{"name":"carocklina","@id":"https:\/\/radionorte.cl\/#\/schema\/person\/baacf6923dce8651ca2587cbf14dbef2"},"headline":"Gianinna Mutarello lanza su disco La Idea Original","datePublished":"2022-11-19T13:16:47+00:00","dateModified":"2022-11-19T13:16:48+00:00","mainEntityOfPage":{"@id":"https:\/\/radionorte.cl\/?p=456"},"wordCount":313,"commentCount":0,"image":{"@id":"https:\/\/radionorte.cl\/?p=456#primaryimage"},"thumbnailUrl":"https:\/\/i0.wp.com\/radionorte.cl\/wp-content\/uploads\/2022\/11\/WhatsApp-Image-2022-11-19-at-10.11.26.jpeg?fit=1024%2C1280&ssl=1","articleSection":["Radio Norte"],"inLanguage":"es-CL","potentialAction":[{"@type":"CommentAction","name":"Comment","target":["https:\/\/radionorte.cl\/?p=456#respond"]}]},{"@type":"WebPage","@id":"https:\/\/radionorte.cl\/?p=456","url":"https:\/\/radionorte.cl\/?p=456","name":"Gianinna Mutarello lanza su disco La Idea Original -","isPartOf":{"@id":"https:\/\/radionorte.cl\/#website"},"primaryImageOfPage":{"@id":"https:\/\/radionorte.cl\/?p=456#primaryimage"},"image":{"@id":"https:\/\/radionorte.cl\/?p=456#primaryimage"},"thumbnailUrl":"https:\/\/i0.wp.com\/radionorte.cl\/wp-content\/uploads\/2022\/11\/WhatsApp-Image-2022-11-19-at-10.11.26.jpeg?fit=1024%2C1280&ssl=1","datePublished":"2022-11-19T13:16:47+00:00","dateModified":"2022-11-19T13:16:48+00:00","author":{"@id":"https:\/\/radionorte.cl\/#\/schema\/person\/baacf6923dce8651ca2587cbf14dbef2"},"breadcrumb":{"@id":"https:\/\/radionorte.cl\/?p=456#breadcrumb"},"inLanguage":"es-CL","potentialAction":[{"@type":"ReadAction","target":["https:\/\/radionorte.cl\/?p=456"]}]},{"@type":"ImageObject","inLanguage":"es-CL","@id":"https:\/\/radionorte.cl\/?p=456#primaryimage","url":"https:\/\/i0.wp.com\/radionorte.cl\/wp-content\/uploads\/2022\/11\/WhatsApp-Image-2022-11-19-at-10.11.26.jpeg?fit=1024%2C1280&ssl=1","contentUrl":"https:\/\/i0.wp.com\/radionorte.cl\/wp-content\/uploads\/2022\/11\/WhatsApp-Image-2022-11-19-at-10.11.26.jpeg?fit=1024%2C1280&ssl=1","width":1024,"height":1280},{"@type":"BreadcrumbList","@id":"https:\/\/radionorte.cl\/?p=456#breadcrumb","itemListElement":[{"@type":"ListItem","position":1,"name":"Home","item":"https:\/\/radionorte.cl\/"},{"@type":"ListItem","position":2,"name":"Gianinna Mutarello lanza su disco La Idea Original"}]},{"@type":"WebSite","@id":"https:\/\/radionorte.cl\/#website","url":"https:\/\/radionorte.cl\/","name":"","description":"","potentialAction":[{"@type":"SearchAction","target":{"@type":"EntryPoint","urlTemplate":"https:\/\/radionorte.cl\/?s={search_term_string}"},"query-input":{"@type":"PropertyValueSpecification","valueRequired":true,"valueName":"search_term_string"}}],"inLanguage":"es-CL"},{"@type":"Person","@id":"https:\/\/radionorte.cl\/#\/schema\/person\/baacf6923dce8651ca2587cbf14dbef2","name":"carocklina","image":{"@type":"ImageObject","inLanguage":"es-CL","@id":"https:\/\/secure.gravatar.com\/avatar\/9edc52d7207ebb4d2bce985a253a7e2e313a7e3ced068ec36b73c76301b89836?s=96&d=mm&r=g","url":"https:\/\/secure.gravatar.com\/avatar\/9edc52d7207ebb4d2bce985a253a7e2e313a7e3ced068ec36b73c76301b89836?s=96&d=mm&r=g","contentUrl":"https:\/\/secure.gravatar.com\/avatar\/9edc52d7207ebb4d2bce985a253a7e2e313a7e3ced068ec36b73c76301b89836?s=96&d=mm&r=g","caption":"carocklina"},"sameAs":["http:\/\/radionorte.cl"],"url":"https:\/\/radionorte.cl\/?author=1"}]}},"jetpack_featured_media_url":"https:\/\/i0.wp.com\/radionorte.cl\/wp-content\/uploads\/2022\/11\/WhatsApp-Image-2022-11-19-at-10.11.26.jpeg?fit=1024%2C1280&ssl=1","jetpack-related-posts":[{"id":367,"url":"https:\/\/radionorte.cl\/?p=367","url_meta":{"origin":456,"position":0},"title":"Sandy D","author":"carocklina","date":"Febrero 26, 2022","format":false,"excerpt":"Soy titulada de profesora b\u00e1sica con un post t\u00edtulo en ingl\u00e9s, capaz de dejar todo de lado por la m\u00fasica, apasionada y con la concepci\u00f3n de que en el canto hay que encontrar una voz propia que te diferenciede los dem\u00e1s y as\u00ed abordar una canci\u00f3n como v\u00eda de expresi\u00f3n\u2026","rel":"","context":"En &quot;Radio Norte&quot;","block_context":{"text":"Radio Norte","link":"https:\/\/radionorte.cl\/?cat=149"},"img":{"alt_text":"","src":"https:\/\/i0.wp.com\/radionorte.cl\/wp-content\/uploads\/2022\/02\/sandy-1.jpg?fit=480%2C480&ssl=1&resize=350%2C200","width":350,"height":200},"classes":[]},{"id":452,"url":"https:\/\/radionorte.cl\/?p=452","url_meta":{"origin":456,"position":1},"title":"S\u00e1dica celebra sus 10 a\u00f1os en Teatro Municipal","author":"carocklina","date":"Septiembre 1, 2022","format":false,"excerpt":"Entradas se podr\u00e1n adquirir a trav\u00e9s de Ecopass.cl La banda antofagastina \u201cS\u00e1dica\u201d prepara concierto de aniversario en el Teatro Municipal de Antofagasta. Adem\u00e1s de los estrenos en vivo de los temas \u201cTr\u00e9mula y Salvaje\u201d y \u201cLa perdici\u00f3n\u201d S\u00e1dica es una banda de rock alternativo que lleva diez a\u00f1os en la\u2026","rel":"","context":"En &quot;Radio Norte&quot;","block_context":{"text":"Radio Norte","link":"https:\/\/radionorte.cl\/?cat=149"},"img":{"alt_text":"","src":"https:\/\/i0.wp.com\/radionorte.cl\/wp-content\/uploads\/2022\/09\/WhatsApp-Image-2022-09-01-at-09.48.28.jpeg?fit=960%2C640&ssl=1&resize=350%2C200","width":350,"height":200,"srcset":"https:\/\/i0.wp.com\/radionorte.cl\/wp-content\/uploads\/2022\/09\/WhatsApp-Image-2022-09-01-at-09.48.28.jpeg?fit=960%2C640&ssl=1&resize=350%2C200 1x, https:\/\/i0.wp.com\/radionorte.cl\/wp-content\/uploads\/2022\/09\/WhatsApp-Image-2022-09-01-at-09.48.28.jpeg?fit=960%2C640&ssl=1&resize=525%2C300 1.5x, https:\/\/i0.wp.com\/radionorte.cl\/wp-content\/uploads\/2022\/09\/WhatsApp-Image-2022-09-01-at-09.48.28.jpeg?fit=960%2C640&ssl=1&resize=700%2C400 2x"},"classes":[]},{"id":337,"url":"https:\/\/radionorte.cl\/?p=337","url_meta":{"origin":456,"position":2},"title":"Poputrash","author":"carocklina","date":"Febrero 25, 2022","format":false,"excerpt":"Percusionista, Armonicista y GuitarristaComenc\u00e9 en la m\u00fasica desde los 14 a\u00f1os con la bateria. Luego pas\u00e9 al Djembe, Cajon, y bongoes. Pas\u00e9 a un instrumento mel\u00f3dico con la arm\u00f3nica hace ya 4 a\u00f1os, interpretando mayormente blues, junto a algo de jazz. Recientemente comenc\u00e9 con una guitarra de fabricaci\u00f3n propia, inspirada\u2026","rel":"","context":"En &quot;Radio Norte&quot;","block_context":{"text":"Radio Norte","link":"https:\/\/radionorte.cl\/?cat=149"},"img":{"alt_text":"","src":"https:\/\/i0.wp.com\/radionorte.cl\/wp-content\/uploads\/2022\/02\/WhatsApp-Image-2022-02-24-at-18.06.42-1.jpeg?fit=1089%2C936&ssl=1&resize=350%2C200","width":350,"height":200,"srcset":"https:\/\/i0.wp.com\/radionorte.cl\/wp-content\/uploads\/2022\/02\/WhatsApp-Image-2022-02-24-at-18.06.42-1.jpeg?fit=1089%2C936&ssl=1&resize=350%2C200 1x, https:\/\/i0.wp.com\/radionorte.cl\/wp-content\/uploads\/2022\/02\/WhatsApp-Image-2022-02-24-at-18.06.42-1.jpeg?fit=1089%2C936&ssl=1&resize=525%2C300 1.5x, https:\/\/i0.wp.com\/radionorte.cl\/wp-content\/uploads\/2022\/02\/WhatsApp-Image-2022-02-24-at-18.06.42-1.jpeg?fit=1089%2C936&ssl=1&resize=700%2C400 2x, https:\/\/i0.wp.com\/radionorte.cl\/wp-content\/uploads\/2022\/02\/WhatsApp-Image-2022-02-24-at-18.06.42-1.jpeg?fit=1089%2C936&ssl=1&resize=1050%2C600 3x"},"classes":[]},{"id":501,"url":"https:\/\/radionorte.cl\/?p=501","url_meta":{"origin":456,"position":3},"title":"Banda iquique\u00f1a Claustrofobia lanza sesi\u00f3n en vivo ad portas de su primer single","author":"carocklina","date":"Enero 3, 2023","format":false,"excerpt":"De esta manera la agrupaci\u00f3n musical liderada por la cantautora Claudia S\u00e1nchez se prepara para un 2023 cargado de novedades, entre ellas su primer disco de estudio y presentaciones musicales por otras ciudades de Chile. En Iquique, Regi\u00f3n de Tarapac\u00e1, nace la banda Claustrofobia, agrupaci\u00f3n musical que recientemente lanz\u00f3 una\u2026","rel":"","context":"En &quot;Radio Norte&quot;","block_context":{"text":"Radio Norte","link":"https:\/\/radionorte.cl\/?cat=149"},"img":{"alt_text":"","src":"https:\/\/i0.wp.com\/radionorte.cl\/wp-content\/uploads\/2023\/01\/01-1.png?fit=1024%2C614&ssl=1&resize=350%2C200","width":350,"height":200,"srcset":"https:\/\/i0.wp.com\/radionorte.cl\/wp-content\/uploads\/2023\/01\/01-1.png?fit=1024%2C614&ssl=1&resize=350%2C200 1x, https:\/\/i0.wp.com\/radionorte.cl\/wp-content\/uploads\/2023\/01\/01-1.png?fit=1024%2C614&ssl=1&resize=525%2C300 1.5x, https:\/\/i0.wp.com\/radionorte.cl\/wp-content\/uploads\/2023\/01\/01-1.png?fit=1024%2C614&ssl=1&resize=700%2C400 2x"},"classes":[]},{"id":305,"url":"https:\/\/radionorte.cl\/?p=305","url_meta":{"origin":456,"position":4},"title":"Daniel Labarca","author":"carocklina","date":"Febrero 10, 2022","format":false,"excerpt":"Daniel Labarca es un m\u00fasico cantautor solista oriundo de la Perla del Norte. Comenz\u00f3 su carrera musical el a\u00f1o 2013 y comienza a presentarse en la bohemia estudiantil dentro de Antofagasta, donde recorri\u00f3 amplios escenarios y plataformas de difusi\u00f3n, como festivales de m\u00fasica, programas de radio y TV locales. Es\u2026","rel":"","context":"En &quot;Radio Norte&quot;","block_context":{"text":"Radio Norte","link":"https:\/\/radionorte.cl\/?cat=149"},"img":{"alt_text":"","src":"https:\/\/i0.wp.com\/radionorte.cl\/wp-content\/uploads\/2022\/02\/WhatsApp-Image-2022-02-07-at-21.29.59-4.jpeg?fit=720%2C480&ssl=1&resize=350%2C200","width":350,"height":200,"srcset":"https:\/\/i0.wp.com\/radionorte.cl\/wp-content\/uploads\/2022\/02\/WhatsApp-Image-2022-02-07-at-21.29.59-4.jpeg?fit=720%2C480&ssl=1&resize=350%2C200 1x, https:\/\/i0.wp.com\/radionorte.cl\/wp-content\/uploads\/2022\/02\/WhatsApp-Image-2022-02-07-at-21.29.59-4.jpeg?fit=720%2C480&ssl=1&resize=525%2C300 1.5x, https:\/\/i0.wp.com\/radionorte.cl\/wp-content\/uploads\/2022\/02\/WhatsApp-Image-2022-02-07-at-21.29.59-4.jpeg?fit=720%2C480&ssl=1&resize=700%2C400 2x"},"classes":[]},{"id":484,"url":"https:\/\/radionorte.cl\/?p=484","url_meta":{"origin":456,"position":5},"title":"Fauna y flora nativa del Salar de Tara vuelve a tomar territorio","author":"carocklina","date":"Diciembre 30, 2022","format":false,"excerpt":"El sitio que tiene una co-gesti\u00f3n entre la comunidad de Toconao y CONAF, ha estado cerrado al turismo desde junio del 2018, permitiendo que especies propias del sector vuelvan a habitarlo. Importantes avistamientos de especies nativas se han registrado en el Salar de Tara, ubicado a 4.300 metros sobre el\u2026","rel":"","context":"En &quot;Radio Norte&quot;","block_context":{"text":"Radio Norte","link":"https:\/\/radionorte.cl\/?cat=149"},"img":{"alt_text":"","src":"https:\/\/i0.wp.com\/radionorte.cl\/wp-content\/uploads\/2022\/12\/01-2.png?fit=1200%2C800&ssl=1&resize=350%2C200","width":350,"height":200,"srcset":"https:\/\/i0.wp.com\/radionorte.cl\/wp-content\/uploads\/2022\/12\/01-2.png?fit=1200%2C800&ssl=1&resize=350%2C200 1x, https:\/\/i0.wp.com\/radionorte.cl\/wp-content\/uploads\/2022\/12\/01-2.png?fit=1200%2C800&ssl=1&resize=525%2C300 1.5x, https:\/\/i0.wp.com\/radionorte.cl\/wp-content\/uploads\/2022\/12\/01-2.png?fit=1200%2C800&ssl=1&resize=700%2C400 2x, https:\/\/i0.wp.com\/radionorte.cl\/wp-content\/uploads\/2022\/12\/01-2.png?fit=1200%2C800&ssl=1&resize=1050%2C600 3x"},"classes":[]}],"jetpack_sharing_enabled":true,"_links":{"self":[{"href":"https:\/\/radionorte.cl\/index.php?rest_route=\/wp\/v2\/posts\/456","targetHints":{"allow":["GET"]}}],"collection":[{"href":"https:\/\/radionorte.cl\/index.php?rest_route=\/wp\/v2\/posts"}],"about":[{"href":"https:\/\/radionorte.cl\/index.php?rest_route=\/wp\/v2\/types\/post"}],"author":[{"embeddable":true,"href":"https:\/\/radionorte.cl\/index.php?rest_route=\/wp\/v2\/users\/1"}],"replies":[{"embeddable":true,"href":"https:\/\/radionorte.cl\/index.php?rest_route=%2Fwp%2Fv2%2Fcomments&post=456"}],"version-history":[{"count":1,"href":"https:\/\/radionorte.cl\/index.php?rest_route=\/wp\/v2\/posts\/456\/revisions"}],"predecessor-version":[{"id":458,"href":"https:\/\/radionorte.cl\/index.php?rest_route=\/wp\/v2\/posts\/456\/revisions\/458"}],"wp:featuredmedia":[{"embeddable":true,"href":"https:\/\/radionorte.cl\/index.php?rest_route=\/wp\/v2\/media\/457"}],"wp:attachment":[{"href":"https:\/\/radionorte.cl\/index.php?rest_route=%2Fwp%2Fv2%2Fmedia&parent=456"}],"wp:term":[{"taxonomy":"category","embeddable":true,"href":"https:\/\/radionorte.cl\/index.php?rest_route=%2Fwp%2Fv2%2Fcategories&post=456"},{"taxonomy":"post_tag","embeddable":true,"href":"https:\/\/radionorte.cl\/index.php?rest_route=%2Fwp%2Fv2%2Ftags&post=456"}],"curies":[{"name":"wp","href":"https:\/\/api.w.org\/{rel}","templated":true}]}}