{"id":481,"date":"2022-12-29T15:00:17","date_gmt":"2022-12-29T15:00:17","guid":{"rendered":"https:\/\/radionorte.cl\/?p=481"},"modified":"2022-12-29T15:00:18","modified_gmt":"2022-12-29T15:00:18","slug":"escapo-a-argentina-tras-cometer-el-delito-logran-extradicion-de-menor-de-edad-acusado-de-homicidio-simple-en-antofagasta","status":"publish","type":"post","link":"https:\/\/radionorte.cl\/?p=481","title":{"rendered":"Escap\u00f3 a Argentina tras cometer el delito: Logran extradici\u00f3n de menor de edad acusado de homicidio simple en Antofagasta"},"content":{"rendered":"\n<p>Los hechos ocurrieron el d\u00eda 13 de febrero del 2022, en horas de la madrugada mientras se desarrollaba una fiesta en la comuna de Antofagasta.<\/p>\n\n\n\n<figure class=\"wp-block-image alignwide size-full\"><img data-recalc-dims=\"1\" loading=\"lazy\" decoding=\"async\" width=\"960\" height=\"540\" src=\"https:\/\/i0.wp.com\/radionorte.cl\/wp-content\/uploads\/2022\/12\/07.png?resize=960%2C540&#038;ssl=1\" alt=\"\" class=\"wp-image-482\" srcset=\"https:\/\/i0.wp.com\/radionorte.cl\/wp-content\/uploads\/2022\/12\/07.png?w=1023&amp;ssl=1 1023w, https:\/\/i0.wp.com\/radionorte.cl\/wp-content\/uploads\/2022\/12\/07.png?resize=300%2C169&amp;ssl=1 300w, https:\/\/i0.wp.com\/radionorte.cl\/wp-content\/uploads\/2022\/12\/07.png?resize=768%2C432&amp;ssl=1 768w\" sizes=\"auto, (max-width: 960px) 100vw, 960px\" \/><\/figure>\n\n\n\n<p>Alrededor de las 06:00 horas, la victima junto a sus amigos se percataron que un grupo de aproximadamente seis personas, entre los cuales se encontraba el imputado C.E.B.R. quienes no estaban invitados a dicha fiesta, por lo cual comenzaron una discusi\u00f3n, para luego sacarlos del inmueble.<\/p>\n\n\n\n<p>Estando ya en la v\u00eda p\u00fablica, el imputado y sus amigos comenzaron a lanzar piedras y otros objetos al domicilio, raz\u00f3n por la cual la v\u00edctima y unos amigos salen del inmueble, oportunidad en la que C.E.B.R saca un arma color dorada desde sus vestimentas con la cual dispara a la v\u00edctima, impact\u00e1ndolo en el abdomen, huyendo del lugar.<\/p>\n\n\n\n<p>Tras el hecho se\u00f1alado, la v\u00edctima fue trasladada al Hospital donde fue intervenido quir\u00fargicamente, falleciendo el d\u00eda 14 de febrero a causa de una hipovolemia aguda e insuficiencia respiratoria secundaria a hemorragia digestiva alta y edema agudo pulmonar, lo que se confirma con el informe de autopsia del Servicio M\u00e9dico Legal de Antofagasta que da cuenta de las lesiones de tipo homicida sufrida por la v\u00edctima.<\/p>\n\n\n\n<p>Diversas diligencias de la Fiscal\u00eda Local de Antofagasta, PDI e Interpol lograron identificar al imputado en la ciudad Aut\u00f3noma de Buenos Aires, Argentina, previa alerta roja conocida com\u00fanmente como orden captura internacional.<\/p>\n\n\n\n<p>El abogado asesor Nelson D\u00edaz Cisternas como responsable de solicitar la extradici\u00f3n ante la Corte ha se\u00f1alado que el objetivo de extraditar es lograr la detenci\u00f3n en el extranjero de un pr\u00f3fugo de la justicia nacional para ser presentado a un juicio oral \u2013como en este caso- o a cumplir una pena. Los pa\u00edses mantienen diversos acuerdos internacionales de colaboraci\u00f3n para que la justicia de cada pa\u00eds no se vea vulnerada por la fuga de los imputados o reos e incluye tambi\u00e9n a los menores de edad como ha ocurrido en este caso.<\/p>\n\n\n\n<p>La Ilustr\u00edsima Corte de Apelaciones de Antofagasta, previo debate entre la fiscal\u00eda, querellante y Defensa, concedi\u00f3 la extradici\u00f3n activa del menor y requiri\u00f3 al Estado Federal de Argentina que disponga a trav\u00e9s de sus tribunales penales la detenci\u00f3n u otra medida cautelar en ese pa\u00eds para asegurar la comparecencia del imputado mientras se tramita la solicitud del Estado de Chile ante los Tribunales de Buenos Aires.<\/p>\n","protected":false},"excerpt":{"rendered":"<p>Los hechos ocurrieron el d\u00eda 13 de febrero del 2022, en horas de la madrugada mientras se desarrollaba una fiesta en la comuna de Antofagasta. Alrededor de las 06:00 horas, la victima junto a sus amigos se percataron que un grupo de aproximadamente seis personas, entre los cuales se encontraba el imputado C.E.B.R. quienes no estaban invitados a dicha fiesta, por lo cual comenzaron una discusi\u00f3n, para luego sacarlos del inmueble. Estando ya en la v\u00eda p\u00fablica, el imputado y sus amigos comenzaron a lanzar piedras y otros objetos al domicilio, raz\u00f3n por la cual la v\u00edctima y unos amigos salen del inmueble, oportunidad en la que C.E.B.R saca un arma color dorada desde sus vestimentas con la cual dispara a la v\u00edctima, impact\u00e1ndolo en el abdomen, huyendo del lugar. Tras el hecho se\u00f1alado, la v\u00edctima fue trasladada al Hospital donde fue intervenido quir\u00fargicamente, falleciendo el d\u00eda 14 de febrero a causa de una hipovolemia aguda e insuficiencia respiratoria secundaria a hemorragia digestiva alta y edema agudo pulmonar, lo que se confirma con el informe de autopsia del Servicio M\u00e9dico Legal de Antofagasta que da cuenta de las lesiones de tipo homicida sufrida por la v\u00edctima. Diversas diligencias de la Fiscal\u00eda Local de Antofagasta, PDI e Interpol lograron identificar al imputado en la ciudad Aut\u00f3noma de Buenos Aires, Argentina, previa alerta roja conocida com\u00fanmente como orden captura internacional. El abogado asesor Nelson D\u00edaz Cisternas como responsable de solicitar la extradici\u00f3n ante la Corte ha se\u00f1alado que el objetivo de extraditar es lograr la detenci\u00f3n en el extranjero de un pr\u00f3fugo de la justicia nacional para ser presentado a un juicio oral \u2013como en este caso- o a cumplir una pena. Los pa\u00edses mantienen diversos acuerdos internacionales de colaboraci\u00f3n para que la justicia de cada pa\u00eds no se vea vulnerada por la fuga de los imputados o reos e incluye tambi\u00e9n a los menores de edad como ha ocurrido en este caso. La Ilustr\u00edsima Corte de Apelaciones de Antofagasta, previo debate entre la fiscal\u00eda, querellante y Defensa, concedi\u00f3 la extradici\u00f3n activa del menor y requiri\u00f3 al Estado Federal de Argentina que disponga a trav\u00e9s de sus tribunales penales la detenci\u00f3n u otra medida cautelar en ese pa\u00eds para asegurar la comparecencia del imputado mientras se tramita la solicitud del Estado de Chile ante los Tribunales de Buenos Aires.<\/p>\n","protected":false},"author":1,"featured_media":482,"comment_status":"open","ping_status":"open","sticky":false,"template":"","format":"standard","meta":{"_jetpack_memberships_contains_paid_content":false,"footnotes":""},"categories":[149],"tags":[72,79,70],"class_list":["post-481","post","type-post","status-publish","format-standard","has-post-thumbnail","hentry","category-escucha-online-aqui","tag-antofagasta","tag-homicidio-simple","tag-interpol"],"yoast_head":"<!-- This site is optimized with the Yoast SEO plugin v27.5 - https:\/\/yoast.com\/product\/yoast-seo-wordpress\/ -->\n<title>Escap\u00f3 a Argentina tras cometer el delito: Logran extradici\u00f3n de menor de edad acusado de homicidio simple en Antofagasta -<\/title>\n<meta name=\"robots\" content=\"index, follow, max-snippet:-1, max-image-preview:large, max-video-preview:-1\" \/>\n<link rel=\"canonical\" href=\"https:\/\/radionorte.cl\/?p=481\" \/>\n<meta property=\"og:locale\" content=\"es_ES\" \/>\n<meta property=\"og:type\" content=\"article\" \/>\n<meta property=\"og:title\" content=\"Escap\u00f3 a Argentina tras cometer el delito: Logran extradici\u00f3n de menor de edad acusado de homicidio simple en Antofagasta -\" \/>\n<meta property=\"og:description\" content=\"Los hechos ocurrieron el d\u00eda 13 de febrero del 2022, en horas de la madrugada mientras se desarrollaba una fiesta en la comuna de Antofagasta. Alrededor de las 06:00 horas, la victima junto a sus amigos se percataron que un grupo de aproximadamente seis personas, entre los cuales se encontraba el imputado C.E.B.R. quienes no estaban invitados a dicha fiesta, por lo cual comenzaron una discusi\u00f3n, para luego sacarlos del inmueble. Estando ya en la v\u00eda p\u00fablica, el imputado y sus amigos comenzaron a lanzar piedras y otros objetos al domicilio, raz\u00f3n por la cual la v\u00edctima y unos amigos salen del inmueble, oportunidad en la que C.E.B.R saca un arma color dorada desde sus vestimentas con la cual dispara a la v\u00edctima, impact\u00e1ndolo en el abdomen, huyendo del lugar. Tras el hecho se\u00f1alado, la v\u00edctima fue trasladada al Hospital donde fue intervenido quir\u00fargicamente, falleciendo el d\u00eda 14 de febrero a causa de una hipovolemia aguda e insuficiencia respiratoria secundaria a hemorragia digestiva alta y edema agudo pulmonar, lo que se confirma con el informe de autopsia del Servicio M\u00e9dico Legal de Antofagasta que da cuenta de las lesiones de tipo homicida sufrida por la v\u00edctima. Diversas diligencias de la Fiscal\u00eda Local de Antofagasta, PDI e Interpol lograron identificar al imputado en la ciudad Aut\u00f3noma de Buenos Aires, Argentina, previa alerta roja conocida com\u00fanmente como orden captura internacional. El abogado asesor Nelson D\u00edaz Cisternas como responsable de solicitar la extradici\u00f3n ante la Corte ha se\u00f1alado que el objetivo de extraditar es lograr la detenci\u00f3n en el extranjero de un pr\u00f3fugo de la justicia nacional para ser presentado a un juicio oral \u2013como en este caso- o a cumplir una pena. Los pa\u00edses mantienen diversos acuerdos internacionales de colaboraci\u00f3n para que la justicia de cada pa\u00eds no se vea vulnerada por la fuga de los imputados o reos e incluye tambi\u00e9n a los menores de edad como ha ocurrido en este caso. La Ilustr\u00edsima Corte de Apelaciones de Antofagasta, previo debate entre la fiscal\u00eda, querellante y Defensa, concedi\u00f3 la extradici\u00f3n activa del menor y requiri\u00f3 al Estado Federal de Argentina que disponga a trav\u00e9s de sus tribunales penales la detenci\u00f3n u otra medida cautelar en ese pa\u00eds para asegurar la comparecencia del imputado mientras se tramita la solicitud del Estado de Chile ante los Tribunales de Buenos Aires.\" \/>\n<meta property=\"og:url\" content=\"https:\/\/radionorte.cl\/?p=481\" \/>\n<meta property=\"article:published_time\" content=\"2022-12-29T15:00:17+00:00\" \/>\n<meta property=\"article:modified_time\" content=\"2022-12-29T15:00:18+00:00\" \/>\n<meta property=\"og:image\" content=\"http:\/\/radionorte.cl\/wp-content\/uploads\/2022\/12\/07.png\" \/>\n\t<meta property=\"og:image:width\" content=\"1023\" \/>\n\t<meta property=\"og:image:height\" content=\"575\" \/>\n\t<meta property=\"og:image:type\" content=\"image\/png\" \/>\n<meta name=\"author\" content=\"carocklina\" \/>\n<meta name=\"twitter:card\" content=\"summary_large_image\" \/>\n<meta name=\"twitter:label1\" content=\"Escrito por\" \/>\n\t<meta name=\"twitter:data1\" content=\"carocklina\" \/>\n\t<meta name=\"twitter:label2\" content=\"Tiempo estimado de lectura\" \/>\n\t<meta name=\"twitter:data2\" content=\"2 minutos\" \/>\n<script type=\"application\/ld+json\" class=\"yoast-schema-graph\">{\"@context\":\"https:\\\/\\\/schema.org\",\"@graph\":[{\"@type\":\"Article\",\"@id\":\"https:\\\/\\\/radionorte.cl\\\/?p=481#article\",\"isPartOf\":{\"@id\":\"https:\\\/\\\/radionorte.cl\\\/?p=481\"},\"author\":{\"name\":\"carocklina\",\"@id\":\"https:\\\/\\\/radionorte.cl\\\/#\\\/schema\\\/person\\\/baacf6923dce8651ca2587cbf14dbef2\"},\"headline\":\"Escap\u00f3 a Argentina tras cometer el delito: Logran extradici\u00f3n de menor de edad acusado de homicidio simple en Antofagasta\",\"datePublished\":\"2022-12-29T15:00:17+00:00\",\"dateModified\":\"2022-12-29T15:00:18+00:00\",\"mainEntityOfPage\":{\"@id\":\"https:\\\/\\\/radionorte.cl\\\/?p=481\"},\"wordCount\":441,\"commentCount\":0,\"image\":{\"@id\":\"https:\\\/\\\/radionorte.cl\\\/?p=481#primaryimage\"},\"thumbnailUrl\":\"https:\\\/\\\/i0.wp.com\\\/radionorte.cl\\\/wp-content\\\/uploads\\\/2022\\\/12\\\/07.png?fit=1023%2C575&ssl=1\",\"keywords\":[\"Antofagasta\",\"homicidio simple\",\"Interpol\"],\"articleSection\":[\"Radio Norte\"],\"inLanguage\":\"es-CL\",\"potentialAction\":[{\"@type\":\"CommentAction\",\"name\":\"Comment\",\"target\":[\"https:\\\/\\\/radionorte.cl\\\/?p=481#respond\"]}]},{\"@type\":\"WebPage\",\"@id\":\"https:\\\/\\\/radionorte.cl\\\/?p=481\",\"url\":\"https:\\\/\\\/radionorte.cl\\\/?p=481\",\"name\":\"Escap\u00f3 a Argentina tras cometer el delito: Logran extradici\u00f3n de menor de edad acusado de homicidio simple en Antofagasta -\",\"isPartOf\":{\"@id\":\"https:\\\/\\\/radionorte.cl\\\/#website\"},\"primaryImageOfPage\":{\"@id\":\"https:\\\/\\\/radionorte.cl\\\/?p=481#primaryimage\"},\"image\":{\"@id\":\"https:\\\/\\\/radionorte.cl\\\/?p=481#primaryimage\"},\"thumbnailUrl\":\"https:\\\/\\\/i0.wp.com\\\/radionorte.cl\\\/wp-content\\\/uploads\\\/2022\\\/12\\\/07.png?fit=1023%2C575&ssl=1\",\"datePublished\":\"2022-12-29T15:00:17+00:00\",\"dateModified\":\"2022-12-29T15:00:18+00:00\",\"author\":{\"@id\":\"https:\\\/\\\/radionorte.cl\\\/#\\\/schema\\\/person\\\/baacf6923dce8651ca2587cbf14dbef2\"},\"breadcrumb\":{\"@id\":\"https:\\\/\\\/radionorte.cl\\\/?p=481#breadcrumb\"},\"inLanguage\":\"es-CL\",\"potentialAction\":[{\"@type\":\"ReadAction\",\"target\":[\"https:\\\/\\\/radionorte.cl\\\/?p=481\"]}]},{\"@type\":\"ImageObject\",\"inLanguage\":\"es-CL\",\"@id\":\"https:\\\/\\\/radionorte.cl\\\/?p=481#primaryimage\",\"url\":\"https:\\\/\\\/i0.wp.com\\\/radionorte.cl\\\/wp-content\\\/uploads\\\/2022\\\/12\\\/07.png?fit=1023%2C575&ssl=1\",\"contentUrl\":\"https:\\\/\\\/i0.wp.com\\\/radionorte.cl\\\/wp-content\\\/uploads\\\/2022\\\/12\\\/07.png?fit=1023%2C575&ssl=1\",\"width\":1023,\"height\":575},{\"@type\":\"BreadcrumbList\",\"@id\":\"https:\\\/\\\/radionorte.cl\\\/?p=481#breadcrumb\",\"itemListElement\":[{\"@type\":\"ListItem\",\"position\":1,\"name\":\"Home\",\"item\":\"https:\\\/\\\/radionorte.cl\\\/\"},{\"@type\":\"ListItem\",\"position\":2,\"name\":\"Escap\u00f3 a Argentina tras cometer el delito: Logran extradici\u00f3n de menor de edad acusado de homicidio simple en Antofagasta\"}]},{\"@type\":\"WebSite\",\"@id\":\"https:\\\/\\\/radionorte.cl\\\/#website\",\"url\":\"https:\\\/\\\/radionorte.cl\\\/\",\"name\":\"\",\"description\":\"\",\"potentialAction\":[{\"@type\":\"SearchAction\",\"target\":{\"@type\":\"EntryPoint\",\"urlTemplate\":\"https:\\\/\\\/radionorte.cl\\\/?s={search_term_string}\"},\"query-input\":{\"@type\":\"PropertyValueSpecification\",\"valueRequired\":true,\"valueName\":\"search_term_string\"}}],\"inLanguage\":\"es-CL\"},{\"@type\":\"Person\",\"@id\":\"https:\\\/\\\/radionorte.cl\\\/#\\\/schema\\\/person\\\/baacf6923dce8651ca2587cbf14dbef2\",\"name\":\"carocklina\",\"image\":{\"@type\":\"ImageObject\",\"inLanguage\":\"es-CL\",\"@id\":\"https:\\\/\\\/secure.gravatar.com\\\/avatar\\\/9edc52d7207ebb4d2bce985a253a7e2e313a7e3ced068ec36b73c76301b89836?s=96&d=mm&r=g\",\"url\":\"https:\\\/\\\/secure.gravatar.com\\\/avatar\\\/9edc52d7207ebb4d2bce985a253a7e2e313a7e3ced068ec36b73c76301b89836?s=96&d=mm&r=g\",\"contentUrl\":\"https:\\\/\\\/secure.gravatar.com\\\/avatar\\\/9edc52d7207ebb4d2bce985a253a7e2e313a7e3ced068ec36b73c76301b89836?s=96&d=mm&r=g\",\"caption\":\"carocklina\"},\"sameAs\":[\"http:\\\/\\\/radionorte.cl\"],\"url\":\"https:\\\/\\\/radionorte.cl\\\/?author=1\"}]}<\/script>\n<!-- \/ Yoast SEO plugin. -->","yoast_head_json":{"title":"Escap\u00f3 a Argentina tras cometer el delito: Logran extradici\u00f3n de menor de edad acusado de homicidio simple en Antofagasta -","robots":{"index":"index","follow":"follow","max-snippet":"max-snippet:-1","max-image-preview":"max-image-preview:large","max-video-preview":"max-video-preview:-1"},"canonical":"https:\/\/radionorte.cl\/?p=481","og_locale":"es_ES","og_type":"article","og_title":"Escap\u00f3 a Argentina tras cometer el delito: Logran extradici\u00f3n de menor de edad acusado de homicidio simple en Antofagasta -","og_description":"Los hechos ocurrieron el d\u00eda 13 de febrero del 2022, en horas de la madrugada mientras se desarrollaba una fiesta en la comuna de Antofagasta. Alrededor de las 06:00 horas, la victima junto a sus amigos se percataron que un grupo de aproximadamente seis personas, entre los cuales se encontraba el imputado C.E.B.R. quienes no estaban invitados a dicha fiesta, por lo cual comenzaron una discusi\u00f3n, para luego sacarlos del inmueble. Estando ya en la v\u00eda p\u00fablica, el imputado y sus amigos comenzaron a lanzar piedras y otros objetos al domicilio, raz\u00f3n por la cual la v\u00edctima y unos amigos salen del inmueble, oportunidad en la que C.E.B.R saca un arma color dorada desde sus vestimentas con la cual dispara a la v\u00edctima, impact\u00e1ndolo en el abdomen, huyendo del lugar. Tras el hecho se\u00f1alado, la v\u00edctima fue trasladada al Hospital donde fue intervenido quir\u00fargicamente, falleciendo el d\u00eda 14 de febrero a causa de una hipovolemia aguda e insuficiencia respiratoria secundaria a hemorragia digestiva alta y edema agudo pulmonar, lo que se confirma con el informe de autopsia del Servicio M\u00e9dico Legal de Antofagasta que da cuenta de las lesiones de tipo homicida sufrida por la v\u00edctima. Diversas diligencias de la Fiscal\u00eda Local de Antofagasta, PDI e Interpol lograron identificar al imputado en la ciudad Aut\u00f3noma de Buenos Aires, Argentina, previa alerta roja conocida com\u00fanmente como orden captura internacional. El abogado asesor Nelson D\u00edaz Cisternas como responsable de solicitar la extradici\u00f3n ante la Corte ha se\u00f1alado que el objetivo de extraditar es lograr la detenci\u00f3n en el extranjero de un pr\u00f3fugo de la justicia nacional para ser presentado a un juicio oral \u2013como en este caso- o a cumplir una pena. Los pa\u00edses mantienen diversos acuerdos internacionales de colaboraci\u00f3n para que la justicia de cada pa\u00eds no se vea vulnerada por la fuga de los imputados o reos e incluye tambi\u00e9n a los menores de edad como ha ocurrido en este caso. La Ilustr\u00edsima Corte de Apelaciones de Antofagasta, previo debate entre la fiscal\u00eda, querellante y Defensa, concedi\u00f3 la extradici\u00f3n activa del menor y requiri\u00f3 al Estado Federal de Argentina que disponga a trav\u00e9s de sus tribunales penales la detenci\u00f3n u otra medida cautelar en ese pa\u00eds para asegurar la comparecencia del imputado mientras se tramita la solicitud del Estado de Chile ante los Tribunales de Buenos Aires.","og_url":"https:\/\/radionorte.cl\/?p=481","article_published_time":"2022-12-29T15:00:17+00:00","article_modified_time":"2022-12-29T15:00:18+00:00","og_image":[{"width":1023,"height":575,"url":"http:\/\/radionorte.cl\/wp-content\/uploads\/2022\/12\/07.png","type":"image\/png"}],"author":"carocklina","twitter_card":"summary_large_image","twitter_misc":{"Escrito por":"carocklina","Tiempo estimado de lectura":"2 minutos"},"schema":{"@context":"https:\/\/schema.org","@graph":[{"@type":"Article","@id":"https:\/\/radionorte.cl\/?p=481#article","isPartOf":{"@id":"https:\/\/radionorte.cl\/?p=481"},"author":{"name":"carocklina","@id":"https:\/\/radionorte.cl\/#\/schema\/person\/baacf6923dce8651ca2587cbf14dbef2"},"headline":"Escap\u00f3 a Argentina tras cometer el delito: Logran extradici\u00f3n de menor de edad acusado de homicidio simple en Antofagasta","datePublished":"2022-12-29T15:00:17+00:00","dateModified":"2022-12-29T15:00:18+00:00","mainEntityOfPage":{"@id":"https:\/\/radionorte.cl\/?p=481"},"wordCount":441,"commentCount":0,"image":{"@id":"https:\/\/radionorte.cl\/?p=481#primaryimage"},"thumbnailUrl":"https:\/\/i0.wp.com\/radionorte.cl\/wp-content\/uploads\/2022\/12\/07.png?fit=1023%2C575&ssl=1","keywords":["Antofagasta","homicidio simple","Interpol"],"articleSection":["Radio Norte"],"inLanguage":"es-CL","potentialAction":[{"@type":"CommentAction","name":"Comment","target":["https:\/\/radionorte.cl\/?p=481#respond"]}]},{"@type":"WebPage","@id":"https:\/\/radionorte.cl\/?p=481","url":"https:\/\/radionorte.cl\/?p=481","name":"Escap\u00f3 a Argentina tras cometer el delito: Logran extradici\u00f3n de menor de edad acusado de homicidio simple en Antofagasta -","isPartOf":{"@id":"https:\/\/radionorte.cl\/#website"},"primaryImageOfPage":{"@id":"https:\/\/radionorte.cl\/?p=481#primaryimage"},"image":{"@id":"https:\/\/radionorte.cl\/?p=481#primaryimage"},"thumbnailUrl":"https:\/\/i0.wp.com\/radionorte.cl\/wp-content\/uploads\/2022\/12\/07.png?fit=1023%2C575&ssl=1","datePublished":"2022-12-29T15:00:17+00:00","dateModified":"2022-12-29T15:00:18+00:00","author":{"@id":"https:\/\/radionorte.cl\/#\/schema\/person\/baacf6923dce8651ca2587cbf14dbef2"},"breadcrumb":{"@id":"https:\/\/radionorte.cl\/?p=481#breadcrumb"},"inLanguage":"es-CL","potentialAction":[{"@type":"ReadAction","target":["https:\/\/radionorte.cl\/?p=481"]}]},{"@type":"ImageObject","inLanguage":"es-CL","@id":"https:\/\/radionorte.cl\/?p=481#primaryimage","url":"https:\/\/i0.wp.com\/radionorte.cl\/wp-content\/uploads\/2022\/12\/07.png?fit=1023%2C575&ssl=1","contentUrl":"https:\/\/i0.wp.com\/radionorte.cl\/wp-content\/uploads\/2022\/12\/07.png?fit=1023%2C575&ssl=1","width":1023,"height":575},{"@type":"BreadcrumbList","@id":"https:\/\/radionorte.cl\/?p=481#breadcrumb","itemListElement":[{"@type":"ListItem","position":1,"name":"Home","item":"https:\/\/radionorte.cl\/"},{"@type":"ListItem","position":2,"name":"Escap\u00f3 a Argentina tras cometer el delito: Logran extradici\u00f3n de menor de edad acusado de homicidio simple en Antofagasta"}]},{"@type":"WebSite","@id":"https:\/\/radionorte.cl\/#website","url":"https:\/\/radionorte.cl\/","name":"","description":"","potentialAction":[{"@type":"SearchAction","target":{"@type":"EntryPoint","urlTemplate":"https:\/\/radionorte.cl\/?s={search_term_string}"},"query-input":{"@type":"PropertyValueSpecification","valueRequired":true,"valueName":"search_term_string"}}],"inLanguage":"es-CL"},{"@type":"Person","@id":"https:\/\/radionorte.cl\/#\/schema\/person\/baacf6923dce8651ca2587cbf14dbef2","name":"carocklina","image":{"@type":"ImageObject","inLanguage":"es-CL","@id":"https:\/\/secure.gravatar.com\/avatar\/9edc52d7207ebb4d2bce985a253a7e2e313a7e3ced068ec36b73c76301b89836?s=96&d=mm&r=g","url":"https:\/\/secure.gravatar.com\/avatar\/9edc52d7207ebb4d2bce985a253a7e2e313a7e3ced068ec36b73c76301b89836?s=96&d=mm&r=g","contentUrl":"https:\/\/secure.gravatar.com\/avatar\/9edc52d7207ebb4d2bce985a253a7e2e313a7e3ced068ec36b73c76301b89836?s=96&d=mm&r=g","caption":"carocklina"},"sameAs":["http:\/\/radionorte.cl"],"url":"https:\/\/radionorte.cl\/?author=1"}]}},"jetpack_featured_media_url":"https:\/\/i0.wp.com\/radionorte.cl\/wp-content\/uploads\/2022\/12\/07.png?fit=1023%2C575&ssl=1","jetpack-related-posts":[{"id":650,"url":"https:\/\/radionorte.cl\/?p=650","url_meta":{"origin":481,"position":0},"title":"Detienen en Antofagasta a uno de los presuntos autores de un homicidio ocurrido en La Serena","author":"carocklina","date":"Enero 26, 2023","format":false,"excerpt":"Detectives de la Brigada de Homicidios de la PDI Antofagasta, en coordinaci\u00f3n con la Brigada de Homicidios de La Serena lograron la detenci\u00f3n de un ciudadano extranjero sobre quien pesaba una orden de detenci\u00f3n por el delito de Homicidio y Homicidio Frustrado en un hecho ocurrido el fin de semana\u2026","rel":"","context":"En &quot;Radio Norte&quot;","block_context":{"text":"Radio Norte","link":"https:\/\/radionorte.cl\/?cat=149"},"img":{"alt_text":"","src":"https:\/\/i0.wp.com\/radionorte.cl\/wp-content\/uploads\/2023\/01\/01-20.png?resize=350%2C200&ssl=1","width":350,"height":200,"srcset":"https:\/\/i0.wp.com\/radionorte.cl\/wp-content\/uploads\/2023\/01\/01-20.png?resize=350%2C200&ssl=1 1x, https:\/\/i0.wp.com\/radionorte.cl\/wp-content\/uploads\/2023\/01\/01-20.png?resize=525%2C300&ssl=1 1.5x"},"classes":[]},{"id":660,"url":"https:\/\/radionorte.cl\/?p=660","url_meta":{"origin":481,"position":1},"title":"Asesinan a ciudadano extranjero al interior de la c\u00e1rcel de Antofagasta","author":"carocklina","date":"Enero 30, 2023","format":false,"excerpt":"Detectives de la Brigada de Homicidios de la PDI Antofagasta en coordinaci\u00f3n con la Fiscal\u00eda Local est\u00e1n investigando un homicidio ocurrido al interior del Complejo Penitenciario de la capital regional. Seg\u00fan los antecedentes recopilados por los oficiales, la v\u00edctima ser\u00eda un ciudadano extranjero de 24 a\u00f1os, quien habr\u00eda sufrido heridas\u2026","rel":"","context":"En &quot;Radio Norte&quot;","block_context":{"text":"Radio Norte","link":"https:\/\/radionorte.cl\/?cat=149"},"img":{"alt_text":"","src":"https:\/\/i0.wp.com\/radionorte.cl\/wp-content\/uploads\/2023\/01\/01-23.png?resize=350%2C200&ssl=1","width":350,"height":200,"srcset":"https:\/\/i0.wp.com\/radionorte.cl\/wp-content\/uploads\/2023\/01\/01-23.png?resize=350%2C200&ssl=1 1x, https:\/\/i0.wp.com\/radionorte.cl\/wp-content\/uploads\/2023\/01\/01-23.png?resize=525%2C300&ssl=1 1.5x, https:\/\/i0.wp.com\/radionorte.cl\/wp-content\/uploads\/2023\/01\/01-23.png?resize=700%2C400&ssl=1 2x"},"classes":[]},{"id":631,"url":"https:\/\/radionorte.cl\/?p=631","url_meta":{"origin":481,"position":2},"title":"Investigan homicidio de joven de 21 a\u00f1os ocurrido en poblaci\u00f3n Los Arenales de Antofagasta","author":"carocklina","date":"Enero 19, 2023","format":false,"excerpt":"Detectives de la PDI Antofagasta est\u00e1n investigando el homicidio con arma de fuego de un joven de 21 a\u00f1os registrado en el sector norte de la capital regional alrededor del medio d\u00eda de este mi\u00e9rcoles 18 de enero. Los oficiales concurrieron al sitio del suceso junto a peritos del Laboratorio\u2026","rel":"","context":"En &quot;Radio Norte&quot;","block_context":{"text":"Radio Norte","link":"https:\/\/radionorte.cl\/?cat=149"},"img":{"alt_text":"","src":"https:\/\/i0.wp.com\/radionorte.cl\/wp-content\/uploads\/2023\/01\/01-15.png?resize=350%2C200&ssl=1","width":350,"height":200,"srcset":"https:\/\/i0.wp.com\/radionorte.cl\/wp-content\/uploads\/2023\/01\/01-15.png?resize=350%2C200&ssl=1 1x, https:\/\/i0.wp.com\/radionorte.cl\/wp-content\/uploads\/2023\/01\/01-15.png?resize=525%2C300&ssl=1 1.5x, https:\/\/i0.wp.com\/radionorte.cl\/wp-content\/uploads\/2023\/01\/01-15.png?resize=700%2C400&ssl=1 2x, https:\/\/i0.wp.com\/radionorte.cl\/wp-content\/uploads\/2023\/01\/01-15.png?resize=1050%2C600&ssl=1 3x"},"classes":[]},{"id":470,"url":"https:\/\/radionorte.cl\/?p=470","url_meta":{"origin":481,"position":3},"title":"Caso Cony y Nori: Declaran culpable a conductora por fatal atropello de joven y su perrita en Antofagasta","author":"carocklina","date":"Diciembre 28, 2022","format":false,"excerpt":"Tribunal declar\u00f3 culpable a la mujer, identificada como Evelyn Barrios Cerda, por el cuasidelito de homicidio e incumplimiento de la obligaci\u00f3n de detener la marcha, prestar ayuda y dar cuenta a la autoridad tras el accidente de tr\u00e1nsito que cost\u00f3 la vida a Constanza Morales y su mascota Nori. Fiscal\u00eda\u2026","rel":"","context":"En &quot;Radio Norte&quot;","block_context":{"text":"Radio Norte","link":"https:\/\/radionorte.cl\/?cat=149"},"img":{"alt_text":"","src":"https:\/\/i0.wp.com\/radionorte.cl\/wp-content\/uploads\/2022\/12\/03.png?fit=621%2C498&ssl=1&resize=350%2C200","width":350,"height":200,"srcset":"https:\/\/i0.wp.com\/radionorte.cl\/wp-content\/uploads\/2022\/12\/03.png?fit=621%2C498&ssl=1&resize=350%2C200 1x, https:\/\/i0.wp.com\/radionorte.cl\/wp-content\/uploads\/2022\/12\/03.png?fit=621%2C498&ssl=1&resize=525%2C300 1.5x"},"classes":[]},{"id":504,"url":"https:\/\/radionorte.cl\/?p=504","url_meta":{"origin":481,"position":4},"title":"Antofagasta: Mujer que atropell\u00f3 y mat\u00f3 a Constanza Morales y su perrita Nori cumplir\u00e1 su condena en libertad","author":"carocklina","date":"Enero 4, 2023","format":false,"excerpt":"La conductora, identificada como Evelyn Barrios Cerda, recibi\u00f3 la pena sustitutiva de libertad vigilada intensiva, por lo que no ir\u00e1 a la c\u00e1rcel. Accesoriamente se le suspendi\u00f3 la licencia de conducir y fue acogida la demanda civil, por lo que deber\u00e1 pagar una indemnizaci\u00f3n de $60 millones de pesos a\u2026","rel":"","context":"En &quot;Radio Norte&quot;","block_context":{"text":"Radio Norte","link":"https:\/\/radionorte.cl\/?cat=149"},"img":{"alt_text":"","src":"https:\/\/i0.wp.com\/radionorte.cl\/wp-content\/uploads\/2023\/01\/01-2.png?fit=621%2C498&ssl=1&resize=350%2C200","width":350,"height":200,"srcset":"https:\/\/i0.wp.com\/radionorte.cl\/wp-content\/uploads\/2023\/01\/01-2.png?fit=621%2C498&ssl=1&resize=350%2C200 1x, https:\/\/i0.wp.com\/radionorte.cl\/wp-content\/uploads\/2023\/01\/01-2.png?fit=621%2C498&ssl=1&resize=525%2C300 1.5x"},"classes":[]},{"id":626,"url":"https:\/\/radionorte.cl\/?p=626","url_meta":{"origin":481,"position":5},"title":"Antofagasta: Detienen a sujeto que presuntamente violentaba a su pareja en plena v\u00eda p\u00fablica","author":"carocklina","date":"Enero 18, 2023","format":false,"excerpt":"Detectives de la Brigada Investigadora de Delitos Sexuales Antofagasta, en coordinaci\u00f3n con la Fiscal\u00eda Local, detuvieron a una persona a quien se le imputaron cargos por el delito flagrante de Lesiones en contexto de Violencia Intrafamiliar e Infracci\u00f3n a Ley Nro. 2460 por amenazar al personal policial en el ejercicio\u2026","rel":"","context":"En &quot;Radio Norte&quot;","block_context":{"text":"Radio Norte","link":"https:\/\/radionorte.cl\/?cat=149"},"img":{"alt_text":"","src":"https:\/\/i0.wp.com\/radionorte.cl\/wp-content\/uploads\/2023\/01\/01-14.png?fit=1200%2C877&ssl=1&resize=350%2C200","width":350,"height":200,"srcset":"https:\/\/i0.wp.com\/radionorte.cl\/wp-content\/uploads\/2023\/01\/01-14.png?fit=1200%2C877&ssl=1&resize=350%2C200 1x, https:\/\/i0.wp.com\/radionorte.cl\/wp-content\/uploads\/2023\/01\/01-14.png?fit=1200%2C877&ssl=1&resize=525%2C300 1.5x, https:\/\/i0.wp.com\/radionorte.cl\/wp-content\/uploads\/2023\/01\/01-14.png?fit=1200%2C877&ssl=1&resize=700%2C400 2x, https:\/\/i0.wp.com\/radionorte.cl\/wp-content\/uploads\/2023\/01\/01-14.png?fit=1200%2C877&ssl=1&resize=1050%2C600 3x"},"classes":[]}],"jetpack_sharing_enabled":true,"_links":{"self":[{"href":"https:\/\/radionorte.cl\/index.php?rest_route=\/wp\/v2\/posts\/481","targetHints":{"allow":["GET"]}}],"collection":[{"href":"https:\/\/radionorte.cl\/index.php?rest_route=\/wp\/v2\/posts"}],"about":[{"href":"https:\/\/radionorte.cl\/index.php?rest_route=\/wp\/v2\/types\/post"}],"author":[{"embeddable":true,"href":"https:\/\/radionorte.cl\/index.php?rest_route=\/wp\/v2\/users\/1"}],"replies":[{"embeddable":true,"href":"https:\/\/radionorte.cl\/index.php?rest_route=%2Fwp%2Fv2%2Fcomments&post=481"}],"version-history":[{"count":1,"href":"https:\/\/radionorte.cl\/index.php?rest_route=\/wp\/v2\/posts\/481\/revisions"}],"predecessor-version":[{"id":483,"href":"https:\/\/radionorte.cl\/index.php?rest_route=\/wp\/v2\/posts\/481\/revisions\/483"}],"wp:featuredmedia":[{"embeddable":true,"href":"https:\/\/radionorte.cl\/index.php?rest_route=\/wp\/v2\/media\/482"}],"wp:attachment":[{"href":"https:\/\/radionorte.cl\/index.php?rest_route=%2Fwp%2Fv2%2Fmedia&parent=481"}],"wp:term":[{"taxonomy":"category","embeddable":true,"href":"https:\/\/radionorte.cl\/index.php?rest_route=%2Fwp%2Fv2%2Fcategories&post=481"},{"taxonomy":"post_tag","embeddable":true,"href":"https:\/\/radionorte.cl\/index.php?rest_route=%2Fwp%2Fv2%2Ftags&post=481"}],"curies":[{"name":"wp","href":"https:\/\/api.w.org\/{rel}","templated":true}]}}