{"id":501,"date":"2023-01-03T21:28:30","date_gmt":"2023-01-03T21:28:30","guid":{"rendered":"https:\/\/radionorte.cl\/?p=501"},"modified":"2023-01-03T21:28:31","modified_gmt":"2023-01-03T21:28:31","slug":"banda-iquiquena-claustrofobia-lanza-sesion-en-vivo-ad-portas-de-su-primer-single","status":"publish","type":"post","link":"https:\/\/radionorte.cl\/?p=501","title":{"rendered":"Banda iquique\u00f1a Claustrofobia lanza sesi\u00f3n en vivo ad portas de su primer single"},"content":{"rendered":"\n<p>De esta manera la agrupaci\u00f3n musical liderada por la cantautora Claudia S\u00e1nchez se prepara para un 2023 cargado de novedades, entre ellas su primer disco de estudio y presentaciones musicales por otras ciudades de Chile.<\/p>\n\n\n\n<p>En Iquique, Regi\u00f3n de Tarapac\u00e1, nace la banda Claustrofobia, agrupaci\u00f3n musical que recientemente lanz\u00f3 una sesi\u00f3n en vivo del single \u201cLas calles\u201d, canci\u00f3n que se convertir\u00e1 muy pronto en el primer sencillo oficial en Spotify y las diferentes plataformas digitales de estos m\u00fasicos norte\u00f1os. De esta manera siguen avanzando en un camino donde ya han tenido sus primeras experiencias tocando en vivo, entre ellas el Festival Rockodromo del 2021.<\/p>\n\n\n\n<p>Este proyecto musical comienza a dar sus primeros pasos el 2017 como iniciativa de la cantautora iquique\u00f1a Claudia S\u00e1nchez, sumando a sus amigos y m\u00fasicos Jorge Rajido (guitarra), H\u00e9ctor Paredes (bajo), V\u00edctor Villanueva (bater\u00eda) y Daniel Guzm\u00e1n (guitarra y coros). Hasta ahora tienen preparados tres singles como parte de un repertorio que han mostrado en diversos escenarios de su ciudad, con una propuesta que mezcla estilos como el pop, rock y funk.<\/p>\n\n\n\n<p>La vocalista de esta banda, Claudia S\u00e1nchez, expres\u00f3 que \u201cnuestras canciones toman las cosas cotidianas y las transforman en letras y m\u00fasica. No tienen una clara definici\u00f3n, pues la composici\u00f3n baila junto con la interpretaci\u00f3n de nuestros m\u00fasicos, tomando parte de la identidad de cada integrante. De esta forma y sin querer, ha recuperado lo sencillo y armonioso de las historias musicales, con melod\u00edas agradables\u201d.<\/p>\n\n\n\n<p>Adelantando lo que ser\u00e1 su primer lanzamiento oficial, la integrante de esta agrupaci\u00f3n coment\u00f3 que \u201cel sencillo \u2018Las Calles\u2019 es una canci\u00f3n que nace en los primeros meses del estallido social del 2019. Recoge el sentir del momento, una mezcla intensa, un confluir de varias emociones de una sociedad desgastada que visualiza con esperanza el nacimiento de una nueva \u00e9poca, de fraternidad y responsabilidad social\u201d.<\/p>\n\n\n\n<p>De esta manera, Claustrofobia se prepara un 2023 cargado de novedades, partiendo por lo que ser\u00e1 su primer disco de estudio y presentaciones musicales por otras ciudades de Chile, noticias que dar\u00e1n a conocer durante el pr\u00f3ximo a\u00f1o a trav\u00e9s de sus redes sociales.<\/p>\n\n\n\n<figure class=\"wp-block-embed aligncenter is-type-video is-provider-youtube wp-block-embed-youtube wp-embed-aspect-16-9 wp-has-aspect-ratio\"><div class=\"wp-block-embed__wrapper\">\n<iframe loading=\"lazy\" title=\"Claustrofobia - Las Calles 2022\" width=\"960\" height=\"540\" src=\"https:\/\/www.youtube.com\/embed\/o1K5SN9_BUo?feature=oembed\" frameborder=\"0\" allow=\"accelerometer; autoplay; clipboard-write; encrypted-media; gyroscope; picture-in-picture; web-share\" allowfullscreen><\/iframe>\n<\/div><\/figure>\n","protected":false},"excerpt":{"rendered":"<p>De esta manera la agrupaci\u00f3n musical liderada por la cantautora Claudia S\u00e1nchez se prepara para un 2023 cargado de novedades, entre ellas su primer disco de estudio y presentaciones musicales por otras ciudades de Chile. En Iquique, Regi\u00f3n de Tarapac\u00e1, nace la banda Claustrofobia, agrupaci\u00f3n musical que recientemente lanz\u00f3 una sesi\u00f3n en vivo del single \u201cLas calles\u201d, canci\u00f3n que se convertir\u00e1 muy pronto en el primer sencillo oficial en Spotify y las diferentes plataformas digitales de estos m\u00fasicos norte\u00f1os. De esta manera siguen avanzando en un camino donde ya han tenido sus primeras experiencias tocando en vivo, entre ellas el Festival Rockodromo del 2021. Este proyecto musical comienza a dar sus primeros pasos el 2017 como iniciativa de la cantautora iquique\u00f1a Claudia S\u00e1nchez, sumando a sus amigos y m\u00fasicos Jorge Rajido (guitarra), H\u00e9ctor Paredes (bajo), V\u00edctor Villanueva (bater\u00eda) y Daniel Guzm\u00e1n (guitarra y coros). Hasta ahora tienen preparados tres singles como parte de un repertorio que han mostrado en diversos escenarios de su ciudad, con una propuesta que mezcla estilos como el pop, rock y funk. La vocalista de esta banda, Claudia S\u00e1nchez, expres\u00f3 que \u201cnuestras canciones toman las cosas cotidianas y las transforman en letras y m\u00fasica. No tienen una clara definici\u00f3n, pues la composici\u00f3n baila junto con la interpretaci\u00f3n de nuestros m\u00fasicos, tomando parte de la identidad de cada integrante. De esta forma y sin querer, ha recuperado lo sencillo y armonioso de las historias musicales, con melod\u00edas agradables\u201d. Adelantando lo que ser\u00e1 su primer lanzamiento oficial, la integrante de esta agrupaci\u00f3n coment\u00f3 que \u201cel sencillo \u2018Las Calles\u2019 es una canci\u00f3n que nace en los primeros meses del estallido social del 2019. Recoge el sentir del momento, una mezcla intensa, un confluir de varias emociones de una sociedad desgastada que visualiza con esperanza el nacimiento de una nueva \u00e9poca, de fraternidad y responsabilidad social\u201d. De esta manera, Claustrofobia se prepara un 2023 cargado de novedades, partiendo por lo que ser\u00e1 su primer disco de estudio y presentaciones musicales por otras ciudades de Chile, noticias que dar\u00e1n a conocer durante el pr\u00f3ximo a\u00f1o a trav\u00e9s de sus redes sociales.<\/p>\n","protected":false},"author":1,"featured_media":502,"comment_status":"open","ping_status":"open","sticky":false,"template":"","format":"standard","meta":{"_jetpack_memberships_contains_paid_content":false,"footnotes":""},"categories":[149],"tags":[90,91,92],"class_list":["post-501","post","type-post","status-publish","format-standard","has-post-thumbnail","hentry","category-escucha-online-aqui","tag-banda-iquiquena-claustrofobia","tag-claudia-sanchez","tag-spotify"],"yoast_head":"<!-- This site is optimized with the Yoast SEO plugin v27.5 - https:\/\/yoast.com\/product\/yoast-seo-wordpress\/ -->\n<title>Banda iquique\u00f1a Claustrofobia lanza sesi\u00f3n en vivo ad portas de su primer single -<\/title>\n<meta name=\"robots\" content=\"index, follow, max-snippet:-1, max-image-preview:large, max-video-preview:-1\" \/>\n<link rel=\"canonical\" href=\"https:\/\/radionorte.cl\/?p=501\" \/>\n<meta property=\"og:locale\" content=\"es_ES\" \/>\n<meta property=\"og:type\" content=\"article\" \/>\n<meta property=\"og:title\" content=\"Banda iquique\u00f1a Claustrofobia lanza sesi\u00f3n en vivo ad portas de su primer single -\" \/>\n<meta property=\"og:description\" content=\"De esta manera la agrupaci\u00f3n musical liderada por la cantautora Claudia S\u00e1nchez se prepara para un 2023 cargado de novedades, entre ellas su primer disco de estudio y presentaciones musicales por otras ciudades de Chile. En Iquique, Regi\u00f3n de Tarapac\u00e1, nace la banda Claustrofobia, agrupaci\u00f3n musical que recientemente lanz\u00f3 una sesi\u00f3n en vivo del single \u201cLas calles\u201d, canci\u00f3n que se convertir\u00e1 muy pronto en el primer sencillo oficial en Spotify y las diferentes plataformas digitales de estos m\u00fasicos norte\u00f1os. De esta manera siguen avanzando en un camino donde ya han tenido sus primeras experiencias tocando en vivo, entre ellas el Festival Rockodromo del 2021. Este proyecto musical comienza a dar sus primeros pasos el 2017 como iniciativa de la cantautora iquique\u00f1a Claudia S\u00e1nchez, sumando a sus amigos y m\u00fasicos Jorge Rajido (guitarra), H\u00e9ctor Paredes (bajo), V\u00edctor Villanueva (bater\u00eda) y Daniel Guzm\u00e1n (guitarra y coros). Hasta ahora tienen preparados tres singles como parte de un repertorio que han mostrado en diversos escenarios de su ciudad, con una propuesta que mezcla estilos como el pop, rock y funk. La vocalista de esta banda, Claudia S\u00e1nchez, expres\u00f3 que \u201cnuestras canciones toman las cosas cotidianas y las transforman en letras y m\u00fasica. No tienen una clara definici\u00f3n, pues la composici\u00f3n baila junto con la interpretaci\u00f3n de nuestros m\u00fasicos, tomando parte de la identidad de cada integrante. De esta forma y sin querer, ha recuperado lo sencillo y armonioso de las historias musicales, con melod\u00edas agradables\u201d. Adelantando lo que ser\u00e1 su primer lanzamiento oficial, la integrante de esta agrupaci\u00f3n coment\u00f3 que \u201cel sencillo \u2018Las Calles\u2019 es una canci\u00f3n que nace en los primeros meses del estallido social del 2019. Recoge el sentir del momento, una mezcla intensa, un confluir de varias emociones de una sociedad desgastada que visualiza con esperanza el nacimiento de una nueva \u00e9poca, de fraternidad y responsabilidad social\u201d. De esta manera, Claustrofobia se prepara un 2023 cargado de novedades, partiendo por lo que ser\u00e1 su primer disco de estudio y presentaciones musicales por otras ciudades de Chile, noticias que dar\u00e1n a conocer durante el pr\u00f3ximo a\u00f1o a trav\u00e9s de sus redes sociales.\" \/>\n<meta property=\"og:url\" content=\"https:\/\/radionorte.cl\/?p=501\" \/>\n<meta property=\"article:published_time\" content=\"2023-01-03T21:28:30+00:00\" \/>\n<meta property=\"article:modified_time\" content=\"2023-01-03T21:28:31+00:00\" \/>\n<meta property=\"og:image\" content=\"http:\/\/radionorte.cl\/wp-content\/uploads\/2023\/01\/01-1.png\" \/>\n\t<meta property=\"og:image:width\" content=\"1024\" \/>\n\t<meta property=\"og:image:height\" content=\"614\" \/>\n\t<meta property=\"og:image:type\" content=\"image\/png\" \/>\n<meta name=\"author\" content=\"carocklina\" \/>\n<meta name=\"twitter:card\" content=\"summary_large_image\" \/>\n<meta name=\"twitter:label1\" content=\"Escrito por\" \/>\n\t<meta name=\"twitter:data1\" content=\"carocklina\" \/>\n\t<meta name=\"twitter:label2\" content=\"Tiempo estimado de lectura\" \/>\n\t<meta name=\"twitter:data2\" content=\"2 minutos\" \/>\n<script type=\"application\/ld+json\" class=\"yoast-schema-graph\">{\"@context\":\"https:\\\/\\\/schema.org\",\"@graph\":[{\"@type\":\"Article\",\"@id\":\"https:\\\/\\\/radionorte.cl\\\/?p=501#article\",\"isPartOf\":{\"@id\":\"https:\\\/\\\/radionorte.cl\\\/?p=501\"},\"author\":{\"name\":\"carocklina\",\"@id\":\"https:\\\/\\\/radionorte.cl\\\/#\\\/schema\\\/person\\\/baacf6923dce8651ca2587cbf14dbef2\"},\"headline\":\"Banda iquique\u00f1a Claustrofobia lanza sesi\u00f3n en vivo ad portas de su primer single\",\"datePublished\":\"2023-01-03T21:28:30+00:00\",\"dateModified\":\"2023-01-03T21:28:31+00:00\",\"mainEntityOfPage\":{\"@id\":\"https:\\\/\\\/radionorte.cl\\\/?p=501\"},\"wordCount\":398,\"commentCount\":0,\"image\":{\"@id\":\"https:\\\/\\\/radionorte.cl\\\/?p=501#primaryimage\"},\"thumbnailUrl\":\"https:\\\/\\\/i0.wp.com\\\/radionorte.cl\\\/wp-content\\\/uploads\\\/2023\\\/01\\\/01-1.png?fit=1024%2C614&ssl=1\",\"keywords\":[\"Banda iquique\u00f1a Claustrofobia\",\"Claudia S\u00e1nchez\",\"Spotify\"],\"articleSection\":[\"Radio Norte\"],\"inLanguage\":\"es-CL\",\"potentialAction\":[{\"@type\":\"CommentAction\",\"name\":\"Comment\",\"target\":[\"https:\\\/\\\/radionorte.cl\\\/?p=501#respond\"]}]},{\"@type\":\"WebPage\",\"@id\":\"https:\\\/\\\/radionorte.cl\\\/?p=501\",\"url\":\"https:\\\/\\\/radionorte.cl\\\/?p=501\",\"name\":\"Banda iquique\u00f1a Claustrofobia lanza sesi\u00f3n en vivo ad portas de su primer single -\",\"isPartOf\":{\"@id\":\"https:\\\/\\\/radionorte.cl\\\/#website\"},\"primaryImageOfPage\":{\"@id\":\"https:\\\/\\\/radionorte.cl\\\/?p=501#primaryimage\"},\"image\":{\"@id\":\"https:\\\/\\\/radionorte.cl\\\/?p=501#primaryimage\"},\"thumbnailUrl\":\"https:\\\/\\\/i0.wp.com\\\/radionorte.cl\\\/wp-content\\\/uploads\\\/2023\\\/01\\\/01-1.png?fit=1024%2C614&ssl=1\",\"datePublished\":\"2023-01-03T21:28:30+00:00\",\"dateModified\":\"2023-01-03T21:28:31+00:00\",\"author\":{\"@id\":\"https:\\\/\\\/radionorte.cl\\\/#\\\/schema\\\/person\\\/baacf6923dce8651ca2587cbf14dbef2\"},\"breadcrumb\":{\"@id\":\"https:\\\/\\\/radionorte.cl\\\/?p=501#breadcrumb\"},\"inLanguage\":\"es-CL\",\"potentialAction\":[{\"@type\":\"ReadAction\",\"target\":[\"https:\\\/\\\/radionorte.cl\\\/?p=501\"]}]},{\"@type\":\"ImageObject\",\"inLanguage\":\"es-CL\",\"@id\":\"https:\\\/\\\/radionorte.cl\\\/?p=501#primaryimage\",\"url\":\"https:\\\/\\\/i0.wp.com\\\/radionorte.cl\\\/wp-content\\\/uploads\\\/2023\\\/01\\\/01-1.png?fit=1024%2C614&ssl=1\",\"contentUrl\":\"https:\\\/\\\/i0.wp.com\\\/radionorte.cl\\\/wp-content\\\/uploads\\\/2023\\\/01\\\/01-1.png?fit=1024%2C614&ssl=1\",\"width\":1024,\"height\":614},{\"@type\":\"BreadcrumbList\",\"@id\":\"https:\\\/\\\/radionorte.cl\\\/?p=501#breadcrumb\",\"itemListElement\":[{\"@type\":\"ListItem\",\"position\":1,\"name\":\"Home\",\"item\":\"https:\\\/\\\/radionorte.cl\\\/\"},{\"@type\":\"ListItem\",\"position\":2,\"name\":\"Banda iquique\u00f1a Claustrofobia lanza sesi\u00f3n en vivo ad portas de su primer single\"}]},{\"@type\":\"WebSite\",\"@id\":\"https:\\\/\\\/radionorte.cl\\\/#website\",\"url\":\"https:\\\/\\\/radionorte.cl\\\/\",\"name\":\"\",\"description\":\"\",\"potentialAction\":[{\"@type\":\"SearchAction\",\"target\":{\"@type\":\"EntryPoint\",\"urlTemplate\":\"https:\\\/\\\/radionorte.cl\\\/?s={search_term_string}\"},\"query-input\":{\"@type\":\"PropertyValueSpecification\",\"valueRequired\":true,\"valueName\":\"search_term_string\"}}],\"inLanguage\":\"es-CL\"},{\"@type\":\"Person\",\"@id\":\"https:\\\/\\\/radionorte.cl\\\/#\\\/schema\\\/person\\\/baacf6923dce8651ca2587cbf14dbef2\",\"name\":\"carocklina\",\"image\":{\"@type\":\"ImageObject\",\"inLanguage\":\"es-CL\",\"@id\":\"https:\\\/\\\/secure.gravatar.com\\\/avatar\\\/9edc52d7207ebb4d2bce985a253a7e2e313a7e3ced068ec36b73c76301b89836?s=96&d=mm&r=g\",\"url\":\"https:\\\/\\\/secure.gravatar.com\\\/avatar\\\/9edc52d7207ebb4d2bce985a253a7e2e313a7e3ced068ec36b73c76301b89836?s=96&d=mm&r=g\",\"contentUrl\":\"https:\\\/\\\/secure.gravatar.com\\\/avatar\\\/9edc52d7207ebb4d2bce985a253a7e2e313a7e3ced068ec36b73c76301b89836?s=96&d=mm&r=g\",\"caption\":\"carocklina\"},\"sameAs\":[\"http:\\\/\\\/radionorte.cl\"],\"url\":\"https:\\\/\\\/radionorte.cl\\\/?author=1\"}]}<\/script>\n<!-- \/ Yoast SEO plugin. -->","yoast_head_json":{"title":"Banda iquique\u00f1a Claustrofobia lanza sesi\u00f3n en vivo ad portas de su primer single -","robots":{"index":"index","follow":"follow","max-snippet":"max-snippet:-1","max-image-preview":"max-image-preview:large","max-video-preview":"max-video-preview:-1"},"canonical":"https:\/\/radionorte.cl\/?p=501","og_locale":"es_ES","og_type":"article","og_title":"Banda iquique\u00f1a Claustrofobia lanza sesi\u00f3n en vivo ad portas de su primer single -","og_description":"De esta manera la agrupaci\u00f3n musical liderada por la cantautora Claudia S\u00e1nchez se prepara para un 2023 cargado de novedades, entre ellas su primer disco de estudio y presentaciones musicales por otras ciudades de Chile. En Iquique, Regi\u00f3n de Tarapac\u00e1, nace la banda Claustrofobia, agrupaci\u00f3n musical que recientemente lanz\u00f3 una sesi\u00f3n en vivo del single \u201cLas calles\u201d, canci\u00f3n que se convertir\u00e1 muy pronto en el primer sencillo oficial en Spotify y las diferentes plataformas digitales de estos m\u00fasicos norte\u00f1os. De esta manera siguen avanzando en un camino donde ya han tenido sus primeras experiencias tocando en vivo, entre ellas el Festival Rockodromo del 2021. Este proyecto musical comienza a dar sus primeros pasos el 2017 como iniciativa de la cantautora iquique\u00f1a Claudia S\u00e1nchez, sumando a sus amigos y m\u00fasicos Jorge Rajido (guitarra), H\u00e9ctor Paredes (bajo), V\u00edctor Villanueva (bater\u00eda) y Daniel Guzm\u00e1n (guitarra y coros). Hasta ahora tienen preparados tres singles como parte de un repertorio que han mostrado en diversos escenarios de su ciudad, con una propuesta que mezcla estilos como el pop, rock y funk. La vocalista de esta banda, Claudia S\u00e1nchez, expres\u00f3 que \u201cnuestras canciones toman las cosas cotidianas y las transforman en letras y m\u00fasica. No tienen una clara definici\u00f3n, pues la composici\u00f3n baila junto con la interpretaci\u00f3n de nuestros m\u00fasicos, tomando parte de la identidad de cada integrante. De esta forma y sin querer, ha recuperado lo sencillo y armonioso de las historias musicales, con melod\u00edas agradables\u201d. Adelantando lo que ser\u00e1 su primer lanzamiento oficial, la integrante de esta agrupaci\u00f3n coment\u00f3 que \u201cel sencillo \u2018Las Calles\u2019 es una canci\u00f3n que nace en los primeros meses del estallido social del 2019. Recoge el sentir del momento, una mezcla intensa, un confluir de varias emociones de una sociedad desgastada que visualiza con esperanza el nacimiento de una nueva \u00e9poca, de fraternidad y responsabilidad social\u201d. De esta manera, Claustrofobia se prepara un 2023 cargado de novedades, partiendo por lo que ser\u00e1 su primer disco de estudio y presentaciones musicales por otras ciudades de Chile, noticias que dar\u00e1n a conocer durante el pr\u00f3ximo a\u00f1o a trav\u00e9s de sus redes sociales.","og_url":"https:\/\/radionorte.cl\/?p=501","article_published_time":"2023-01-03T21:28:30+00:00","article_modified_time":"2023-01-03T21:28:31+00:00","og_image":[{"width":1024,"height":614,"url":"http:\/\/radionorte.cl\/wp-content\/uploads\/2023\/01\/01-1.png","type":"image\/png"}],"author":"carocklina","twitter_card":"summary_large_image","twitter_misc":{"Escrito por":"carocklina","Tiempo estimado de lectura":"2 minutos"},"schema":{"@context":"https:\/\/schema.org","@graph":[{"@type":"Article","@id":"https:\/\/radionorte.cl\/?p=501#article","isPartOf":{"@id":"https:\/\/radionorte.cl\/?p=501"},"author":{"name":"carocklina","@id":"https:\/\/radionorte.cl\/#\/schema\/person\/baacf6923dce8651ca2587cbf14dbef2"},"headline":"Banda iquique\u00f1a Claustrofobia lanza sesi\u00f3n en vivo ad portas de su primer single","datePublished":"2023-01-03T21:28:30+00:00","dateModified":"2023-01-03T21:28:31+00:00","mainEntityOfPage":{"@id":"https:\/\/radionorte.cl\/?p=501"},"wordCount":398,"commentCount":0,"image":{"@id":"https:\/\/radionorte.cl\/?p=501#primaryimage"},"thumbnailUrl":"https:\/\/i0.wp.com\/radionorte.cl\/wp-content\/uploads\/2023\/01\/01-1.png?fit=1024%2C614&ssl=1","keywords":["Banda iquique\u00f1a Claustrofobia","Claudia S\u00e1nchez","Spotify"],"articleSection":["Radio Norte"],"inLanguage":"es-CL","potentialAction":[{"@type":"CommentAction","name":"Comment","target":["https:\/\/radionorte.cl\/?p=501#respond"]}]},{"@type":"WebPage","@id":"https:\/\/radionorte.cl\/?p=501","url":"https:\/\/radionorte.cl\/?p=501","name":"Banda iquique\u00f1a Claustrofobia lanza sesi\u00f3n en vivo ad portas de su primer single -","isPartOf":{"@id":"https:\/\/radionorte.cl\/#website"},"primaryImageOfPage":{"@id":"https:\/\/radionorte.cl\/?p=501#primaryimage"},"image":{"@id":"https:\/\/radionorte.cl\/?p=501#primaryimage"},"thumbnailUrl":"https:\/\/i0.wp.com\/radionorte.cl\/wp-content\/uploads\/2023\/01\/01-1.png?fit=1024%2C614&ssl=1","datePublished":"2023-01-03T21:28:30+00:00","dateModified":"2023-01-03T21:28:31+00:00","author":{"@id":"https:\/\/radionorte.cl\/#\/schema\/person\/baacf6923dce8651ca2587cbf14dbef2"},"breadcrumb":{"@id":"https:\/\/radionorte.cl\/?p=501#breadcrumb"},"inLanguage":"es-CL","potentialAction":[{"@type":"ReadAction","target":["https:\/\/radionorte.cl\/?p=501"]}]},{"@type":"ImageObject","inLanguage":"es-CL","@id":"https:\/\/radionorte.cl\/?p=501#primaryimage","url":"https:\/\/i0.wp.com\/radionorte.cl\/wp-content\/uploads\/2023\/01\/01-1.png?fit=1024%2C614&ssl=1","contentUrl":"https:\/\/i0.wp.com\/radionorte.cl\/wp-content\/uploads\/2023\/01\/01-1.png?fit=1024%2C614&ssl=1","width":1024,"height":614},{"@type":"BreadcrumbList","@id":"https:\/\/radionorte.cl\/?p=501#breadcrumb","itemListElement":[{"@type":"ListItem","position":1,"name":"Home","item":"https:\/\/radionorte.cl\/"},{"@type":"ListItem","position":2,"name":"Banda iquique\u00f1a Claustrofobia lanza sesi\u00f3n en vivo ad portas de su primer single"}]},{"@type":"WebSite","@id":"https:\/\/radionorte.cl\/#website","url":"https:\/\/radionorte.cl\/","name":"","description":"","potentialAction":[{"@type":"SearchAction","target":{"@type":"EntryPoint","urlTemplate":"https:\/\/radionorte.cl\/?s={search_term_string}"},"query-input":{"@type":"PropertyValueSpecification","valueRequired":true,"valueName":"search_term_string"}}],"inLanguage":"es-CL"},{"@type":"Person","@id":"https:\/\/radionorte.cl\/#\/schema\/person\/baacf6923dce8651ca2587cbf14dbef2","name":"carocklina","image":{"@type":"ImageObject","inLanguage":"es-CL","@id":"https:\/\/secure.gravatar.com\/avatar\/9edc52d7207ebb4d2bce985a253a7e2e313a7e3ced068ec36b73c76301b89836?s=96&d=mm&r=g","url":"https:\/\/secure.gravatar.com\/avatar\/9edc52d7207ebb4d2bce985a253a7e2e313a7e3ced068ec36b73c76301b89836?s=96&d=mm&r=g","contentUrl":"https:\/\/secure.gravatar.com\/avatar\/9edc52d7207ebb4d2bce985a253a7e2e313a7e3ced068ec36b73c76301b89836?s=96&d=mm&r=g","caption":"carocklina"},"sameAs":["http:\/\/radionorte.cl"],"url":"https:\/\/radionorte.cl\/?author=1"}]}},"jetpack_featured_media_url":"https:\/\/i0.wp.com\/radionorte.cl\/wp-content\/uploads\/2023\/01\/01-1.png?fit=1024%2C614&ssl=1","jetpack-related-posts":[{"id":367,"url":"https:\/\/radionorte.cl\/?p=367","url_meta":{"origin":501,"position":0},"title":"Sandy D","author":"carocklina","date":"Febrero 26, 2022","format":false,"excerpt":"Soy titulada de profesora b\u00e1sica con un post t\u00edtulo en ingl\u00e9s, capaz de dejar todo de lado por la m\u00fasica, apasionada y con la concepci\u00f3n de que en el canto hay que encontrar una voz propia que te diferenciede los dem\u00e1s y as\u00ed abordar una canci\u00f3n como v\u00eda de expresi\u00f3n\u2026","rel":"","context":"En &quot;Radio Norte&quot;","block_context":{"text":"Radio Norte","link":"https:\/\/radionorte.cl\/?cat=149"},"img":{"alt_text":"","src":"https:\/\/i0.wp.com\/radionorte.cl\/wp-content\/uploads\/2022\/02\/sandy-1.jpg?fit=480%2C480&ssl=1&resize=350%2C200","width":350,"height":200},"classes":[]},{"id":452,"url":"https:\/\/radionorte.cl\/?p=452","url_meta":{"origin":501,"position":1},"title":"S\u00e1dica celebra sus 10 a\u00f1os en Teatro Municipal","author":"carocklina","date":"Septiembre 1, 2022","format":false,"excerpt":"Entradas se podr\u00e1n adquirir a trav\u00e9s de Ecopass.cl La banda antofagastina \u201cS\u00e1dica\u201d prepara concierto de aniversario en el Teatro Municipal de Antofagasta. Adem\u00e1s de los estrenos en vivo de los temas \u201cTr\u00e9mula y Salvaje\u201d y \u201cLa perdici\u00f3n\u201d S\u00e1dica es una banda de rock alternativo que lleva diez a\u00f1os en la\u2026","rel":"","context":"En &quot;Radio Norte&quot;","block_context":{"text":"Radio Norte","link":"https:\/\/radionorte.cl\/?cat=149"},"img":{"alt_text":"","src":"https:\/\/i0.wp.com\/radionorte.cl\/wp-content\/uploads\/2022\/09\/WhatsApp-Image-2022-09-01-at-09.48.28.jpeg?fit=960%2C640&ssl=1&resize=350%2C200","width":350,"height":200,"srcset":"https:\/\/i0.wp.com\/radionorte.cl\/wp-content\/uploads\/2022\/09\/WhatsApp-Image-2022-09-01-at-09.48.28.jpeg?fit=960%2C640&ssl=1&resize=350%2C200 1x, https:\/\/i0.wp.com\/radionorte.cl\/wp-content\/uploads\/2022\/09\/WhatsApp-Image-2022-09-01-at-09.48.28.jpeg?fit=960%2C640&ssl=1&resize=525%2C300 1.5x, https:\/\/i0.wp.com\/radionorte.cl\/wp-content\/uploads\/2022\/09\/WhatsApp-Image-2022-09-01-at-09.48.28.jpeg?fit=960%2C640&ssl=1&resize=700%2C400 2x"},"classes":[]},{"id":305,"url":"https:\/\/radionorte.cl\/?p=305","url_meta":{"origin":501,"position":2},"title":"Daniel Labarca","author":"carocklina","date":"Febrero 10, 2022","format":false,"excerpt":"Daniel Labarca es un m\u00fasico cantautor solista oriundo de la Perla del Norte. Comenz\u00f3 su carrera musical el a\u00f1o 2013 y comienza a presentarse en la bohemia estudiantil dentro de Antofagasta, donde recorri\u00f3 amplios escenarios y plataformas de difusi\u00f3n, como festivales de m\u00fasica, programas de radio y TV locales. Es\u2026","rel":"","context":"En &quot;Radio Norte&quot;","block_context":{"text":"Radio Norte","link":"https:\/\/radionorte.cl\/?cat=149"},"img":{"alt_text":"","src":"https:\/\/i0.wp.com\/radionorte.cl\/wp-content\/uploads\/2022\/02\/WhatsApp-Image-2022-02-07-at-21.29.59-4.jpeg?fit=720%2C480&ssl=1&resize=350%2C200","width":350,"height":200,"srcset":"https:\/\/i0.wp.com\/radionorte.cl\/wp-content\/uploads\/2022\/02\/WhatsApp-Image-2022-02-07-at-21.29.59-4.jpeg?fit=720%2C480&ssl=1&resize=350%2C200 1x, https:\/\/i0.wp.com\/radionorte.cl\/wp-content\/uploads\/2022\/02\/WhatsApp-Image-2022-02-07-at-21.29.59-4.jpeg?fit=720%2C480&ssl=1&resize=525%2C300 1.5x, https:\/\/i0.wp.com\/radionorte.cl\/wp-content\/uploads\/2022\/02\/WhatsApp-Image-2022-02-07-at-21.29.59-4.jpeg?fit=720%2C480&ssl=1&resize=700%2C400 2x"},"classes":[]},{"id":456,"url":"https:\/\/radionorte.cl\/?p=456","url_meta":{"origin":501,"position":3},"title":"Gianinna Mutarello lanza su disco La Idea Original","author":"carocklina","date":"Noviembre 19, 2022","format":false,"excerpt":"Gianinna Mutarello Blues Band El Blues femenino se toma los escenarios antofagastinos Con un gran concierto a realizarse este 19 de Noviembre en el auditorio del museo Ruinas de Huanchaca, la cantautora del g\u00e9nero blues , Gianinna Mutarello, lanza su primer trabajo discogr\u00e1fico llamado \u201cLa idea Original\u201d, obra producida por\u2026","rel":"","context":"En &quot;Radio Norte&quot;","block_context":{"text":"Radio Norte","link":"https:\/\/radionorte.cl\/?cat=149"},"img":{"alt_text":"","src":"https:\/\/i0.wp.com\/radionorte.cl\/wp-content\/uploads\/2022\/11\/WhatsApp-Image-2022-11-19-at-10.11.26.jpeg?fit=960%2C1200&ssl=1&resize=350%2C200","width":350,"height":200,"srcset":"https:\/\/i0.wp.com\/radionorte.cl\/wp-content\/uploads\/2022\/11\/WhatsApp-Image-2022-11-19-at-10.11.26.jpeg?fit=960%2C1200&ssl=1&resize=350%2C200 1x, https:\/\/i0.wp.com\/radionorte.cl\/wp-content\/uploads\/2022\/11\/WhatsApp-Image-2022-11-19-at-10.11.26.jpeg?fit=960%2C1200&ssl=1&resize=525%2C300 1.5x, https:\/\/i0.wp.com\/radionorte.cl\/wp-content\/uploads\/2022\/11\/WhatsApp-Image-2022-11-19-at-10.11.26.jpeg?fit=960%2C1200&ssl=1&resize=700%2C400 2x"},"classes":[]},{"id":320,"url":"https:\/\/radionorte.cl\/?p=320","url_meta":{"origin":501,"position":4},"title":"Quienes Somos","author":"carocklina","date":"Febrero 10, 2022","format":false,"excerpt":"Radio Norte es una Radio seria, cuerda, con humor, diversi\u00f3n y mucha entretenci\u00f3n. Nace a partir de la experiencia de Carocklina (www.carocklina.cl) La Eterna Del Rock, plataforma que fue muy bien recibida por la comunidad y por ello nos quisimos ampliar en la gama musical no solo llegando a los\u2026","rel":"","context":"En &quot;Radio Norte&quot;","block_context":{"text":"Radio Norte","link":"https:\/\/radionorte.cl\/?cat=149"},"img":{"alt_text":"","src":"https:\/\/i0.wp.com\/radionorte.cl\/wp-content\/uploads\/2022\/02\/WhatsApp-Image-2022-02-06-at-10.58.59-2.jpeg?fit=1080%2C1054&ssl=1&resize=350%2C200","width":350,"height":200,"srcset":"https:\/\/i0.wp.com\/radionorte.cl\/wp-content\/uploads\/2022\/02\/WhatsApp-Image-2022-02-06-at-10.58.59-2.jpeg?fit=1080%2C1054&ssl=1&resize=350%2C200 1x, https:\/\/i0.wp.com\/radionorte.cl\/wp-content\/uploads\/2022\/02\/WhatsApp-Image-2022-02-06-at-10.58.59-2.jpeg?fit=1080%2C1054&ssl=1&resize=525%2C300 1.5x, https:\/\/i0.wp.com\/radionorte.cl\/wp-content\/uploads\/2022\/02\/WhatsApp-Image-2022-02-06-at-10.58.59-2.jpeg?fit=1080%2C1054&ssl=1&resize=700%2C400 2x, https:\/\/i0.wp.com\/radionorte.cl\/wp-content\/uploads\/2022\/02\/WhatsApp-Image-2022-02-06-at-10.58.59-2.jpeg?fit=1080%2C1054&ssl=1&resize=1050%2C600 3x"},"classes":[]},{"id":467,"url":"https:\/\/radionorte.cl\/?p=467","url_meta":{"origin":501,"position":5},"title":"Intensifican fiscalizaci\u00f3n en plantas de algas pardas en la regi\u00f3n de Antofagasta","author":"carocklina","date":"Diciembre 28, 2022","format":false,"excerpt":"Tras controles a plantas y comercializadoras de algas pardas se ha detectado 46 toneladas de huiro negro barreteado que no cuentan con acreditaci\u00f3n de origen legal (AOL) o infraccionan la veda vigente en la zona en lo que va del a\u00f1o. Ante el aumento de extracci\u00f3n ilegal de algas pardas\u2026","rel":"","context":"En &quot;Radio Norte&quot;","block_context":{"text":"Radio Norte","link":"https:\/\/radionorte.cl\/?cat=149"},"img":{"alt_text":"","src":"https:\/\/i0.wp.com\/radionorte.cl\/wp-content\/uploads\/2022\/12\/02.png?fit=1200%2C674&ssl=1&resize=350%2C200","width":350,"height":200,"srcset":"https:\/\/i0.wp.com\/radionorte.cl\/wp-content\/uploads\/2022\/12\/02.png?fit=1200%2C674&ssl=1&resize=350%2C200 1x, https:\/\/i0.wp.com\/radionorte.cl\/wp-content\/uploads\/2022\/12\/02.png?fit=1200%2C674&ssl=1&resize=525%2C300 1.5x, https:\/\/i0.wp.com\/radionorte.cl\/wp-content\/uploads\/2022\/12\/02.png?fit=1200%2C674&ssl=1&resize=700%2C400 2x, https:\/\/i0.wp.com\/radionorte.cl\/wp-content\/uploads\/2022\/12\/02.png?fit=1200%2C674&ssl=1&resize=1050%2C600 3x"},"classes":[]}],"jetpack_sharing_enabled":true,"_links":{"self":[{"href":"https:\/\/radionorte.cl\/index.php?rest_route=\/wp\/v2\/posts\/501","targetHints":{"allow":["GET"]}}],"collection":[{"href":"https:\/\/radionorte.cl\/index.php?rest_route=\/wp\/v2\/posts"}],"about":[{"href":"https:\/\/radionorte.cl\/index.php?rest_route=\/wp\/v2\/types\/post"}],"author":[{"embeddable":true,"href":"https:\/\/radionorte.cl\/index.php?rest_route=\/wp\/v2\/users\/1"}],"replies":[{"embeddable":true,"href":"https:\/\/radionorte.cl\/index.php?rest_route=%2Fwp%2Fv2%2Fcomments&post=501"}],"version-history":[{"count":1,"href":"https:\/\/radionorte.cl\/index.php?rest_route=\/wp\/v2\/posts\/501\/revisions"}],"predecessor-version":[{"id":503,"href":"https:\/\/radionorte.cl\/index.php?rest_route=\/wp\/v2\/posts\/501\/revisions\/503"}],"wp:featuredmedia":[{"embeddable":true,"href":"https:\/\/radionorte.cl\/index.php?rest_route=\/wp\/v2\/media\/502"}],"wp:attachment":[{"href":"https:\/\/radionorte.cl\/index.php?rest_route=%2Fwp%2Fv2%2Fmedia&parent=501"}],"wp:term":[{"taxonomy":"category","embeddable":true,"href":"https:\/\/radionorte.cl\/index.php?rest_route=%2Fwp%2Fv2%2Fcategories&post=501"},{"taxonomy":"post_tag","embeddable":true,"href":"https:\/\/radionorte.cl\/index.php?rest_route=%2Fwp%2Fv2%2Ftags&post=501"}],"curies":[{"name":"wp","href":"https:\/\/api.w.org\/{rel}","templated":true}]}}