{"id":513,"date":"2023-01-04T21:35:05","date_gmt":"2023-01-04T21:35:05","guid":{"rendered":"https:\/\/radionorte.cl\/?p=513"},"modified":"2023-01-04T21:35:08","modified_gmt":"2023-01-04T21:35:08","slug":"ante-pronostico-de-lluvias-estivales-mop-inspecciono-puntos-criticos-de-la-region-de-antofagasta-y-presento-plan-de-contingencia","status":"publish","type":"post","link":"https:\/\/radionorte.cl\/?p=513","title":{"rendered":"Ante pron\u00f3stico de lluvias estivales: MOP inspeccion\u00f3 puntos cr\u00edticos de la regi\u00f3n de Antofagasta y present\u00f3 plan de contingencia"},"content":{"rendered":"\n<p>Seremi y directores de Obras P\u00fablicas recorrieron la regi\u00f3n para dar cuenta sobre el estado de los proyectos que ser\u00e1n claves en el caso de una emergencia mayor en la \u00e9poca de lluvias al interior de la zona.<\/p>\n\n\n<div class=\"wp-block-image\">\n<figure class=\"aligncenter size-full\"><img data-recalc-dims=\"1\" loading=\"lazy\" decoding=\"async\" width=\"960\" height=\"720\" src=\"https:\/\/i0.wp.com\/radionorte.cl\/wp-content\/uploads\/2023\/01\/02.png?resize=960%2C720&#038;ssl=1\" alt=\"\" class=\"wp-image-514\" srcset=\"https:\/\/i0.wp.com\/radionorte.cl\/wp-content\/uploads\/2023\/01\/02.png?w=1024&amp;ssl=1 1024w, https:\/\/i0.wp.com\/radionorte.cl\/wp-content\/uploads\/2023\/01\/02.png?resize=300%2C225&amp;ssl=1 300w, https:\/\/i0.wp.com\/radionorte.cl\/wp-content\/uploads\/2023\/01\/02.png?resize=768%2C576&amp;ssl=1 768w, https:\/\/i0.wp.com\/radionorte.cl\/wp-content\/uploads\/2023\/01\/02.png?resize=510%2C382&amp;ssl=1 510w, https:\/\/i0.wp.com\/radionorte.cl\/wp-content\/uploads\/2023\/01\/02.png?resize=980%2C735&amp;ssl=1 980w, https:\/\/i0.wp.com\/radionorte.cl\/wp-content\/uploads\/2023\/01\/02.png?resize=480%2C360&amp;ssl=1 480w\" sizes=\"auto, (max-width: 960px) 100vw, 960px\" \/><\/figure>\n<\/div>\n\n\n<p>Con un recorrido por los distintos proyectos de Vialidad y de Obras Hidr\u00e1ulicas en Calama, San Pedro de Atacama y sus alrededores, el seremi de Obras P\u00fablicas, Oscar Orellana y los equipos de las respectivas direcciones encargadas, iniciaron un trabajo preventivo con motivo del inicio de la \u00e9poca de lluvias estivales en la regi\u00f3n.<\/p>\n\n\n\n<p>Orellana indic\u00f3 que la relevancia de las obras visitadas nace desde la necesidad de los territorios y de la experiencia vivida el 2019 donde el fen\u00f3meno clim\u00e1tico azot\u00f3 fuertemente la zona, \u201cel prop\u00f3sito de esta visita era ver en qu\u00e9 situaci\u00f3n se encontraban aquellos puntos o lugares que son considerados cr\u00edticos ante una eventual lluvia de las caracter\u00edsticas que han sufrido estas localidades el 2019, y ver de qu\u00e9 manera estamos preparados, c\u00f3mo hemos ido resolviendo algunos problemas, c\u00f3mo las iremos abordando\u201d.<\/p>\n\n\n\n<p>Junto con este recorrido por las localidades, la autoridad del MOP y los directores y directoras de Planeamiento, Vialidad, Obras Hidr\u00e1ulicas y Aguas, se reunieron con la delegada presidencial regional, Karen Behrens, para informar de la infraestructura y equipos disponibles con los que cuenta MOP y que ser\u00e1n esenciales al momento de mitigar el impacto de un fen\u00f3meno clim\u00e1tico.<\/p>\n\n\n\n<p>\u201cNo solo es relevante el plan de contingencia propio del ministerio, sino una coordinaci\u00f3n entre todos los servicios para darle tranquilidad a la gente porque las obras que nosotros hacemos est\u00e1n dise\u00f1adas para que cumplan su objetivo: salvar vidas\u201d, enfatiz\u00f3 el seremi del MOP.<\/p>\n\n\n\n<p>Por su parte, la delegada Behrens manifest\u00f3 que, \u201ccomo una acci\u00f3n preventiva nos reunimos con las direcciones t\u00e9cnicas del Ministerio de Obras P\u00fablicas, para realizar las coordinaciones que sean necesarias para resguardar la vida de las personas, el normal funcionamiento del territorio y el resguardo de la infraestructura cr\u00edtica, considerando una eventual emergencia producto del invierno altipl\u00e1nico, que es un fen\u00f3meno meteorol\u00f3gico muy propio de nuestra zona, y necesitamos asegurar la conectividad y la seguridad en este periodo estival\u201d.<\/p>\n\n\n\n<p>Entre las obras visitadas, por la Direcci\u00f3n de Obras Hidr\u00e1ulicas, est\u00e1 la conservaci\u00f3n de riberas y protecci\u00f3n de cauces en los ayllus de Coyo y Tulor; la limpieza y desembanque del cauce del R\u00edo San Pedro (entre el puente de acceso y sif\u00f3n Yayes, y cauce del r\u00edo sector Mantancilla); y la conservaci\u00f3n y mejoramiento de las obras fluviales de San Pedro de Atacama. Iniciativas que suman una inversi\u00f3n de m\u00e1s de 2.600 millones de pesos, donde las dos primeras fueron terminadas y la tercera est\u00e1 a semanas de concluir.<\/p>\n\n\n\n<p>Adem\u00e1s, la directora de Obras Hidr\u00e1ulicas, Gabriela Carrasco, destac\u00f3 la visita al Embalse Conchi: \u201cllegamos hasta una de las mayores obras de infraestructura h\u00eddrica de la regi\u00f3n, el Embalse Conchi, donde se pudo evidenciar todo lo que hemos trabajado en mantenci\u00f3n, en lo relacionado a la entrega de agua, la revisi\u00f3n de las v\u00e1lvulas, bombas y, principalmente, la forma de control y manejo que debemos tener en el embalse para mantener un colch\u00f3n de seguridad de los niveles de agua durante los periodos de mayor incorporaci\u00f3n del recurso al lago\u201d.<\/p>\n\n\n\n<p>En materia de conectividad se visit\u00f3 la reposici\u00f3n y ampliaci\u00f3n de obras de saneamiento de aguas, ejecutadas por Vialidad, en las rutas B-245, en los cruces de los r\u00edos Vilama y Puripica (bad\u00e9n), Ruta 23CH en el cruce con R\u00edo San Pedro, y la 27CH con R\u00edo Vilama. Iniciativas cien por ciento terminadas, y que, entre las tres, alcanzan los 5.200 millones de pesos.<\/p>\n\n\n\n<p>Cabe destacar que, adem\u00e1s de estas obras, Vialidad tiene una participaci\u00f3n activa en la reposici\u00f3n de la conectividad, en el caso de que las lluvias inhabiliten la transitabilidad de los caminos, situaci\u00f3n que moviliza a funcionarios vialinos y maquinarias especializadas como barrenieve, soplanieve, motoniveladoras, cargadores frontales, entre otras, adem\u00e1s del apoyo de los contratos vigentes.<\/p>\n\n\n\n<p>Para monitorear la regi\u00f3n, la Direcci\u00f3n Regional de Aguas, mantiene operativa una red de estaciones hidrom\u00e9tricas que se ubican principalmente en puntos que requieren especial atenci\u00f3n. Veintiocho de ellas est\u00e1n instaladas en los principales cauces de la regi\u00f3n en zonas que abarcan la cordillera, precordillera y costa, registrando informaci\u00f3n esencial para el an\u00e1lisis de datos que permiten conocer, graduar y controlar la informaci\u00f3n hidrol\u00f3gica en l\u00ednea (https:\/\/snia.mop.gob.cl\/sat\/site\/informes\/mapas\/mapas.xhtml), y de esta manera, los organismos respectivos (Sinapred, ex Onemi) tengan la informaci\u00f3n en un tiempo oportuno para entregar a la comunidad y autoridades las alertas respectivas cuando los vol\u00famenes de precipitaciones alcanzan los niveles que podr\u00edan generar crecidas y\/o inundaciones.<\/p>\n","protected":false},"excerpt":{"rendered":"<p>Seremi y directores de Obras P\u00fablicas recorrieron la regi\u00f3n para dar cuenta sobre el estado de los proyectos que ser\u00e1n claves en el caso de una emergencia mayor en la \u00e9poca de lluvias al interior de la zona. Con un recorrido por los distintos proyectos de Vialidad y de Obras Hidr\u00e1ulicas en Calama, San Pedro de Atacama y sus alrededores, el seremi de Obras P\u00fablicas, Oscar Orellana y los equipos de las respectivas direcciones encargadas, iniciaron un trabajo preventivo con motivo del inicio de la \u00e9poca de lluvias estivales en la regi\u00f3n. Orellana indic\u00f3 que la relevancia de las obras visitadas nace desde la necesidad de los territorios y de la experiencia vivida el 2019 donde el fen\u00f3meno clim\u00e1tico azot\u00f3 fuertemente la zona, \u201cel prop\u00f3sito de esta visita era ver en qu\u00e9 situaci\u00f3n se encontraban aquellos puntos o lugares que son considerados cr\u00edticos ante una eventual lluvia de las caracter\u00edsticas que han sufrido estas localidades el 2019, y ver de qu\u00e9 manera estamos preparados, c\u00f3mo hemos ido resolviendo algunos problemas, c\u00f3mo las iremos abordando\u201d. Junto con este recorrido por las localidades, la autoridad del MOP y los directores y directoras de Planeamiento, Vialidad, Obras Hidr\u00e1ulicas y Aguas, se reunieron con la delegada presidencial regional, Karen Behrens, para informar de la infraestructura y equipos disponibles con los que cuenta MOP y que ser\u00e1n esenciales al momento de mitigar el impacto de un fen\u00f3meno clim\u00e1tico. \u201cNo solo es relevante el plan de contingencia propio del ministerio, sino una coordinaci\u00f3n entre todos los servicios para darle tranquilidad a la gente porque las obras que nosotros hacemos est\u00e1n dise\u00f1adas para que cumplan su objetivo: salvar vidas\u201d, enfatiz\u00f3 el seremi del MOP. Por su parte, la delegada Behrens manifest\u00f3 que, \u201ccomo una acci\u00f3n preventiva nos reunimos con las direcciones t\u00e9cnicas del Ministerio de Obras P\u00fablicas, para realizar las coordinaciones que sean necesarias para resguardar la vida de las personas, el normal funcionamiento del territorio y el resguardo de la infraestructura cr\u00edtica, considerando una eventual emergencia producto del invierno altipl\u00e1nico, que es un fen\u00f3meno meteorol\u00f3gico muy propio de nuestra zona, y necesitamos asegurar la conectividad y la seguridad en este periodo estival\u201d. Entre las obras visitadas, por la Direcci\u00f3n de Obras Hidr\u00e1ulicas, est\u00e1 la conservaci\u00f3n de riberas y protecci\u00f3n de cauces en los ayllus de Coyo y Tulor; la limpieza y desembanque del cauce del R\u00edo San Pedro (entre el puente de acceso y sif\u00f3n Yayes, y cauce del r\u00edo sector Mantancilla); y la conservaci\u00f3n y mejoramiento de las obras fluviales de San Pedro de Atacama. Iniciativas que suman una inversi\u00f3n de m\u00e1s de 2.600 millones de pesos, donde las dos primeras fueron terminadas y la tercera est\u00e1 a semanas de concluir. Adem\u00e1s, la directora de Obras Hidr\u00e1ulicas, Gabriela Carrasco, destac\u00f3 la visita al Embalse Conchi: \u201cllegamos hasta una de las mayores obras de infraestructura h\u00eddrica de la regi\u00f3n, el Embalse Conchi, donde se pudo evidenciar todo lo que hemos trabajado en mantenci\u00f3n, en lo relacionado a la entrega de agua, la revisi\u00f3n de las v\u00e1lvulas, bombas y, principalmente, la forma de control y manejo que debemos tener en el embalse para mantener un colch\u00f3n de seguridad de los niveles de agua durante los periodos de mayor incorporaci\u00f3n del recurso al lago\u201d. En materia de conectividad se visit\u00f3 la reposici\u00f3n y ampliaci\u00f3n de obras de saneamiento de aguas, ejecutadas por Vialidad, en las rutas B-245, en los cruces de los r\u00edos Vilama y Puripica (bad\u00e9n), Ruta 23CH en el cruce con R\u00edo San Pedro, y la 27CH con R\u00edo Vilama. Iniciativas cien por ciento terminadas, y que, entre las tres, alcanzan los 5.200 millones de pesos. Cabe destacar que, adem\u00e1s de estas obras, Vialidad tiene una participaci\u00f3n activa en la reposici\u00f3n de la conectividad, en el caso de que las lluvias inhabiliten la transitabilidad de los caminos, situaci\u00f3n que moviliza a funcionarios vialinos y maquinarias especializadas como barrenieve, soplanieve, motoniveladoras, cargadores frontales, entre otras, adem\u00e1s del apoyo de los contratos vigentes. Para monitorear la regi\u00f3n, la Direcci\u00f3n Regional de Aguas, mantiene operativa una red de estaciones hidrom\u00e9tricas que se ubican principalmente en puntos que requieren especial atenci\u00f3n. Veintiocho de ellas est\u00e1n instaladas en los principales cauces de la regi\u00f3n en zonas que abarcan la cordillera, precordillera y costa, registrando informaci\u00f3n esencial para el an\u00e1lisis de datos que permiten conocer, graduar y controlar la informaci\u00f3n hidrol\u00f3gica en l\u00ednea (https:\/\/snia.mop.gob.cl\/sat\/site\/informes\/mapas\/mapas.xhtml), y de esta manera, los organismos respectivos (Sinapred, ex Onemi) tengan la informaci\u00f3n en un tiempo oportuno para entregar a la comunidad y autoridades las alertas respectivas cuando los vol\u00famenes de precipitaciones alcanzan los niveles que podr\u00edan generar crecidas y\/o inundaciones.<\/p>\n","protected":false},"author":1,"featured_media":514,"comment_status":"open","ping_status":"open","sticky":false,"template":"","format":"standard","meta":{"_jetpack_memberships_contains_paid_content":false,"footnotes":""},"categories":[149],"tags":[72,97,95,96],"class_list":["post-513","post","type-post","status-publish","format-standard","has-post-thumbnail","hentry","category-escucha-online-aqui","tag-antofagasta","tag-fenomeno-climatico","tag-lluvias-estivales","tag-obras-publicas"],"yoast_head":"<!-- This site is optimized with the Yoast SEO plugin v27.5 - https:\/\/yoast.com\/product\/yoast-seo-wordpress\/ -->\n<title>Ante pron\u00f3stico de lluvias estivales: MOP inspeccion\u00f3 puntos cr\u00edticos de la regi\u00f3n de Antofagasta y present\u00f3 plan de contingencia -<\/title>\n<meta name=\"robots\" content=\"index, follow, max-snippet:-1, max-image-preview:large, max-video-preview:-1\" \/>\n<link rel=\"canonical\" href=\"https:\/\/radionorte.cl\/?p=513\" \/>\n<meta property=\"og:locale\" content=\"es_ES\" \/>\n<meta property=\"og:type\" content=\"article\" \/>\n<meta property=\"og:title\" content=\"Ante pron\u00f3stico de lluvias estivales: MOP inspeccion\u00f3 puntos cr\u00edticos de la regi\u00f3n de Antofagasta y present\u00f3 plan de contingencia -\" \/>\n<meta property=\"og:description\" content=\"Seremi y directores de Obras P\u00fablicas recorrieron la regi\u00f3n para dar cuenta sobre el estado de los proyectos que ser\u00e1n claves en el caso de una emergencia mayor en la \u00e9poca de lluvias al interior de la zona. Con un recorrido por los distintos proyectos de Vialidad y de Obras Hidr\u00e1ulicas en Calama, San Pedro de Atacama y sus alrededores, el seremi de Obras P\u00fablicas, Oscar Orellana y los equipos de las respectivas direcciones encargadas, iniciaron un trabajo preventivo con motivo del inicio de la \u00e9poca de lluvias estivales en la regi\u00f3n. Orellana indic\u00f3 que la relevancia de las obras visitadas nace desde la necesidad de los territorios y de la experiencia vivida el 2019 donde el fen\u00f3meno clim\u00e1tico azot\u00f3 fuertemente la zona, \u201cel prop\u00f3sito de esta visita era ver en qu\u00e9 situaci\u00f3n se encontraban aquellos puntos o lugares que son considerados cr\u00edticos ante una eventual lluvia de las caracter\u00edsticas que han sufrido estas localidades el 2019, y ver de qu\u00e9 manera estamos preparados, c\u00f3mo hemos ido resolviendo algunos problemas, c\u00f3mo las iremos abordando\u201d. Junto con este recorrido por las localidades, la autoridad del MOP y los directores y directoras de Planeamiento, Vialidad, Obras Hidr\u00e1ulicas y Aguas, se reunieron con la delegada presidencial regional, Karen Behrens, para informar de la infraestructura y equipos disponibles con los que cuenta MOP y que ser\u00e1n esenciales al momento de mitigar el impacto de un fen\u00f3meno clim\u00e1tico. \u201cNo solo es relevante el plan de contingencia propio del ministerio, sino una coordinaci\u00f3n entre todos los servicios para darle tranquilidad a la gente porque las obras que nosotros hacemos est\u00e1n dise\u00f1adas para que cumplan su objetivo: salvar vidas\u201d, enfatiz\u00f3 el seremi del MOP. Por su parte, la delegada Behrens manifest\u00f3 que, \u201ccomo una acci\u00f3n preventiva nos reunimos con las direcciones t\u00e9cnicas del Ministerio de Obras P\u00fablicas, para realizar las coordinaciones que sean necesarias para resguardar la vida de las personas, el normal funcionamiento del territorio y el resguardo de la infraestructura cr\u00edtica, considerando una eventual emergencia producto del invierno altipl\u00e1nico, que es un fen\u00f3meno meteorol\u00f3gico muy propio de nuestra zona, y necesitamos asegurar la conectividad y la seguridad en este periodo estival\u201d. Entre las obras visitadas, por la Direcci\u00f3n de Obras Hidr\u00e1ulicas, est\u00e1 la conservaci\u00f3n de riberas y protecci\u00f3n de cauces en los ayllus de Coyo y Tulor; la limpieza y desembanque del cauce del R\u00edo San Pedro (entre el puente de acceso y sif\u00f3n Yayes, y cauce del r\u00edo sector Mantancilla); y la conservaci\u00f3n y mejoramiento de las obras fluviales de San Pedro de Atacama. Iniciativas que suman una inversi\u00f3n de m\u00e1s de 2.600 millones de pesos, donde las dos primeras fueron terminadas y la tercera est\u00e1 a semanas de concluir. Adem\u00e1s, la directora de Obras Hidr\u00e1ulicas, Gabriela Carrasco, destac\u00f3 la visita al Embalse Conchi: \u201cllegamos hasta una de las mayores obras de infraestructura h\u00eddrica de la regi\u00f3n, el Embalse Conchi, donde se pudo evidenciar todo lo que hemos trabajado en mantenci\u00f3n, en lo relacionado a la entrega de agua, la revisi\u00f3n de las v\u00e1lvulas, bombas y, principalmente, la forma de control y manejo que debemos tener en el embalse para mantener un colch\u00f3n de seguridad de los niveles de agua durante los periodos de mayor incorporaci\u00f3n del recurso al lago\u201d. En materia de conectividad se visit\u00f3 la reposici\u00f3n y ampliaci\u00f3n de obras de saneamiento de aguas, ejecutadas por Vialidad, en las rutas B-245, en los cruces de los r\u00edos Vilama y Puripica (bad\u00e9n), Ruta 23CH en el cruce con R\u00edo San Pedro, y la 27CH con R\u00edo Vilama. Iniciativas cien por ciento terminadas, y que, entre las tres, alcanzan los 5.200 millones de pesos. Cabe destacar que, adem\u00e1s de estas obras, Vialidad tiene una participaci\u00f3n activa en la reposici\u00f3n de la conectividad, en el caso de que las lluvias inhabiliten la transitabilidad de los caminos, situaci\u00f3n que moviliza a funcionarios vialinos y maquinarias especializadas como barrenieve, soplanieve, motoniveladoras, cargadores frontales, entre otras, adem\u00e1s del apoyo de los contratos vigentes. Para monitorear la regi\u00f3n, la Direcci\u00f3n Regional de Aguas, mantiene operativa una red de estaciones hidrom\u00e9tricas que se ubican principalmente en puntos que requieren especial atenci\u00f3n. Veintiocho de ellas est\u00e1n instaladas en los principales cauces de la regi\u00f3n en zonas que abarcan la cordillera, precordillera y costa, registrando informaci\u00f3n esencial para el an\u00e1lisis de datos que permiten conocer, graduar y controlar la informaci\u00f3n hidrol\u00f3gica en l\u00ednea (https:\/\/snia.mop.gob.cl\/sat\/site\/informes\/mapas\/mapas.xhtml), y de esta manera, los organismos respectivos (Sinapred, ex Onemi) tengan la informaci\u00f3n en un tiempo oportuno para entregar a la comunidad y autoridades las alertas respectivas cuando los vol\u00famenes de precipitaciones alcanzan los niveles que podr\u00edan generar crecidas y\/o inundaciones.\" \/>\n<meta property=\"og:url\" content=\"https:\/\/radionorte.cl\/?p=513\" \/>\n<meta property=\"article:published_time\" content=\"2023-01-04T21:35:05+00:00\" \/>\n<meta property=\"article:modified_time\" content=\"2023-01-04T21:35:08+00:00\" \/>\n<meta property=\"og:image\" content=\"http:\/\/radionorte.cl\/wp-content\/uploads\/2023\/01\/02.png\" \/>\n\t<meta property=\"og:image:width\" content=\"1024\" \/>\n\t<meta property=\"og:image:height\" content=\"768\" \/>\n\t<meta property=\"og:image:type\" content=\"image\/png\" \/>\n<meta name=\"author\" content=\"carocklina\" \/>\n<meta name=\"twitter:card\" content=\"summary_large_image\" \/>\n<meta name=\"twitter:label1\" content=\"Escrito por\" \/>\n\t<meta name=\"twitter:data1\" content=\"carocklina\" \/>\n\t<meta name=\"twitter:label2\" content=\"Tiempo estimado de lectura\" \/>\n\t<meta name=\"twitter:data2\" content=\"4 minutos\" \/>\n<script type=\"application\/ld+json\" class=\"yoast-schema-graph\">{\"@context\":\"https:\\\/\\\/schema.org\",\"@graph\":[{\"@type\":\"Article\",\"@id\":\"https:\\\/\\\/radionorte.cl\\\/?p=513#article\",\"isPartOf\":{\"@id\":\"https:\\\/\\\/radionorte.cl\\\/?p=513\"},\"author\":{\"name\":\"carocklina\",\"@id\":\"https:\\\/\\\/radionorte.cl\\\/#\\\/schema\\\/person\\\/baacf6923dce8651ca2587cbf14dbef2\"},\"headline\":\"Ante pron\u00f3stico de lluvias estivales: MOP inspeccion\u00f3 puntos cr\u00edticos de la regi\u00f3n de Antofagasta y present\u00f3 plan de contingencia\",\"datePublished\":\"2023-01-04T21:35:05+00:00\",\"dateModified\":\"2023-01-04T21:35:08+00:00\",\"mainEntityOfPage\":{\"@id\":\"https:\\\/\\\/radionorte.cl\\\/?p=513\"},\"wordCount\":864,\"commentCount\":0,\"image\":{\"@id\":\"https:\\\/\\\/radionorte.cl\\\/?p=513#primaryimage\"},\"thumbnailUrl\":\"https:\\\/\\\/i0.wp.com\\\/radionorte.cl\\\/wp-content\\\/uploads\\\/2023\\\/01\\\/02.png?fit=1024%2C768&ssl=1\",\"keywords\":[\"Antofagasta\",\"fen\u00f3meno clim\u00e1tico\",\"lluvias estivales\",\"Obras P\u00fablicas\"],\"articleSection\":[\"Radio Norte\"],\"inLanguage\":\"es-CL\",\"potentialAction\":[{\"@type\":\"CommentAction\",\"name\":\"Comment\",\"target\":[\"https:\\\/\\\/radionorte.cl\\\/?p=513#respond\"]}]},{\"@type\":\"WebPage\",\"@id\":\"https:\\\/\\\/radionorte.cl\\\/?p=513\",\"url\":\"https:\\\/\\\/radionorte.cl\\\/?p=513\",\"name\":\"Ante pron\u00f3stico de lluvias estivales: MOP inspeccion\u00f3 puntos cr\u00edticos de la regi\u00f3n de Antofagasta y present\u00f3 plan de contingencia -\",\"isPartOf\":{\"@id\":\"https:\\\/\\\/radionorte.cl\\\/#website\"},\"primaryImageOfPage\":{\"@id\":\"https:\\\/\\\/radionorte.cl\\\/?p=513#primaryimage\"},\"image\":{\"@id\":\"https:\\\/\\\/radionorte.cl\\\/?p=513#primaryimage\"},\"thumbnailUrl\":\"https:\\\/\\\/i0.wp.com\\\/radionorte.cl\\\/wp-content\\\/uploads\\\/2023\\\/01\\\/02.png?fit=1024%2C768&ssl=1\",\"datePublished\":\"2023-01-04T21:35:05+00:00\",\"dateModified\":\"2023-01-04T21:35:08+00:00\",\"author\":{\"@id\":\"https:\\\/\\\/radionorte.cl\\\/#\\\/schema\\\/person\\\/baacf6923dce8651ca2587cbf14dbef2\"},\"breadcrumb\":{\"@id\":\"https:\\\/\\\/radionorte.cl\\\/?p=513#breadcrumb\"},\"inLanguage\":\"es-CL\",\"potentialAction\":[{\"@type\":\"ReadAction\",\"target\":[\"https:\\\/\\\/radionorte.cl\\\/?p=513\"]}]},{\"@type\":\"ImageObject\",\"inLanguage\":\"es-CL\",\"@id\":\"https:\\\/\\\/radionorte.cl\\\/?p=513#primaryimage\",\"url\":\"https:\\\/\\\/i0.wp.com\\\/radionorte.cl\\\/wp-content\\\/uploads\\\/2023\\\/01\\\/02.png?fit=1024%2C768&ssl=1\",\"contentUrl\":\"https:\\\/\\\/i0.wp.com\\\/radionorte.cl\\\/wp-content\\\/uploads\\\/2023\\\/01\\\/02.png?fit=1024%2C768&ssl=1\",\"width\":1024,\"height\":768},{\"@type\":\"BreadcrumbList\",\"@id\":\"https:\\\/\\\/radionorte.cl\\\/?p=513#breadcrumb\",\"itemListElement\":[{\"@type\":\"ListItem\",\"position\":1,\"name\":\"Home\",\"item\":\"https:\\\/\\\/radionorte.cl\\\/\"},{\"@type\":\"ListItem\",\"position\":2,\"name\":\"Ante pron\u00f3stico de lluvias estivales: MOP inspeccion\u00f3 puntos cr\u00edticos de la regi\u00f3n de Antofagasta y present\u00f3 plan de contingencia\"}]},{\"@type\":\"WebSite\",\"@id\":\"https:\\\/\\\/radionorte.cl\\\/#website\",\"url\":\"https:\\\/\\\/radionorte.cl\\\/\",\"name\":\"\",\"description\":\"\",\"potentialAction\":[{\"@type\":\"SearchAction\",\"target\":{\"@type\":\"EntryPoint\",\"urlTemplate\":\"https:\\\/\\\/radionorte.cl\\\/?s={search_term_string}\"},\"query-input\":{\"@type\":\"PropertyValueSpecification\",\"valueRequired\":true,\"valueName\":\"search_term_string\"}}],\"inLanguage\":\"es-CL\"},{\"@type\":\"Person\",\"@id\":\"https:\\\/\\\/radionorte.cl\\\/#\\\/schema\\\/person\\\/baacf6923dce8651ca2587cbf14dbef2\",\"name\":\"carocklina\",\"image\":{\"@type\":\"ImageObject\",\"inLanguage\":\"es-CL\",\"@id\":\"https:\\\/\\\/secure.gravatar.com\\\/avatar\\\/9edc52d7207ebb4d2bce985a253a7e2e313a7e3ced068ec36b73c76301b89836?s=96&d=mm&r=g\",\"url\":\"https:\\\/\\\/secure.gravatar.com\\\/avatar\\\/9edc52d7207ebb4d2bce985a253a7e2e313a7e3ced068ec36b73c76301b89836?s=96&d=mm&r=g\",\"contentUrl\":\"https:\\\/\\\/secure.gravatar.com\\\/avatar\\\/9edc52d7207ebb4d2bce985a253a7e2e313a7e3ced068ec36b73c76301b89836?s=96&d=mm&r=g\",\"caption\":\"carocklina\"},\"sameAs\":[\"http:\\\/\\\/radionorte.cl\"],\"url\":\"https:\\\/\\\/radionorte.cl\\\/?author=1\"}]}<\/script>\n<!-- \/ Yoast SEO plugin. -->","yoast_head_json":{"title":"Ante pron\u00f3stico de lluvias estivales: MOP inspeccion\u00f3 puntos cr\u00edticos de la regi\u00f3n de Antofagasta y present\u00f3 plan de contingencia -","robots":{"index":"index","follow":"follow","max-snippet":"max-snippet:-1","max-image-preview":"max-image-preview:large","max-video-preview":"max-video-preview:-1"},"canonical":"https:\/\/radionorte.cl\/?p=513","og_locale":"es_ES","og_type":"article","og_title":"Ante pron\u00f3stico de lluvias estivales: MOP inspeccion\u00f3 puntos cr\u00edticos de la regi\u00f3n de Antofagasta y present\u00f3 plan de contingencia -","og_description":"Seremi y directores de Obras P\u00fablicas recorrieron la regi\u00f3n para dar cuenta sobre el estado de los proyectos que ser\u00e1n claves en el caso de una emergencia mayor en la \u00e9poca de lluvias al interior de la zona. Con un recorrido por los distintos proyectos de Vialidad y de Obras Hidr\u00e1ulicas en Calama, San Pedro de Atacama y sus alrededores, el seremi de Obras P\u00fablicas, Oscar Orellana y los equipos de las respectivas direcciones encargadas, iniciaron un trabajo preventivo con motivo del inicio de la \u00e9poca de lluvias estivales en la regi\u00f3n. Orellana indic\u00f3 que la relevancia de las obras visitadas nace desde la necesidad de los territorios y de la experiencia vivida el 2019 donde el fen\u00f3meno clim\u00e1tico azot\u00f3 fuertemente la zona, \u201cel prop\u00f3sito de esta visita era ver en qu\u00e9 situaci\u00f3n se encontraban aquellos puntos o lugares que son considerados cr\u00edticos ante una eventual lluvia de las caracter\u00edsticas que han sufrido estas localidades el 2019, y ver de qu\u00e9 manera estamos preparados, c\u00f3mo hemos ido resolviendo algunos problemas, c\u00f3mo las iremos abordando\u201d. Junto con este recorrido por las localidades, la autoridad del MOP y los directores y directoras de Planeamiento, Vialidad, Obras Hidr\u00e1ulicas y Aguas, se reunieron con la delegada presidencial regional, Karen Behrens, para informar de la infraestructura y equipos disponibles con los que cuenta MOP y que ser\u00e1n esenciales al momento de mitigar el impacto de un fen\u00f3meno clim\u00e1tico. \u201cNo solo es relevante el plan de contingencia propio del ministerio, sino una coordinaci\u00f3n entre todos los servicios para darle tranquilidad a la gente porque las obras que nosotros hacemos est\u00e1n dise\u00f1adas para que cumplan su objetivo: salvar vidas\u201d, enfatiz\u00f3 el seremi del MOP. Por su parte, la delegada Behrens manifest\u00f3 que, \u201ccomo una acci\u00f3n preventiva nos reunimos con las direcciones t\u00e9cnicas del Ministerio de Obras P\u00fablicas, para realizar las coordinaciones que sean necesarias para resguardar la vida de las personas, el normal funcionamiento del territorio y el resguardo de la infraestructura cr\u00edtica, considerando una eventual emergencia producto del invierno altipl\u00e1nico, que es un fen\u00f3meno meteorol\u00f3gico muy propio de nuestra zona, y necesitamos asegurar la conectividad y la seguridad en este periodo estival\u201d. Entre las obras visitadas, por la Direcci\u00f3n de Obras Hidr\u00e1ulicas, est\u00e1 la conservaci\u00f3n de riberas y protecci\u00f3n de cauces en los ayllus de Coyo y Tulor; la limpieza y desembanque del cauce del R\u00edo San Pedro (entre el puente de acceso y sif\u00f3n Yayes, y cauce del r\u00edo sector Mantancilla); y la conservaci\u00f3n y mejoramiento de las obras fluviales de San Pedro de Atacama. Iniciativas que suman una inversi\u00f3n de m\u00e1s de 2.600 millones de pesos, donde las dos primeras fueron terminadas y la tercera est\u00e1 a semanas de concluir. Adem\u00e1s, la directora de Obras Hidr\u00e1ulicas, Gabriela Carrasco, destac\u00f3 la visita al Embalse Conchi: \u201cllegamos hasta una de las mayores obras de infraestructura h\u00eddrica de la regi\u00f3n, el Embalse Conchi, donde se pudo evidenciar todo lo que hemos trabajado en mantenci\u00f3n, en lo relacionado a la entrega de agua, la revisi\u00f3n de las v\u00e1lvulas, bombas y, principalmente, la forma de control y manejo que debemos tener en el embalse para mantener un colch\u00f3n de seguridad de los niveles de agua durante los periodos de mayor incorporaci\u00f3n del recurso al lago\u201d. En materia de conectividad se visit\u00f3 la reposici\u00f3n y ampliaci\u00f3n de obras de saneamiento de aguas, ejecutadas por Vialidad, en las rutas B-245, en los cruces de los r\u00edos Vilama y Puripica (bad\u00e9n), Ruta 23CH en el cruce con R\u00edo San Pedro, y la 27CH con R\u00edo Vilama. Iniciativas cien por ciento terminadas, y que, entre las tres, alcanzan los 5.200 millones de pesos. Cabe destacar que, adem\u00e1s de estas obras, Vialidad tiene una participaci\u00f3n activa en la reposici\u00f3n de la conectividad, en el caso de que las lluvias inhabiliten la transitabilidad de los caminos, situaci\u00f3n que moviliza a funcionarios vialinos y maquinarias especializadas como barrenieve, soplanieve, motoniveladoras, cargadores frontales, entre otras, adem\u00e1s del apoyo de los contratos vigentes. Para monitorear la regi\u00f3n, la Direcci\u00f3n Regional de Aguas, mantiene operativa una red de estaciones hidrom\u00e9tricas que se ubican principalmente en puntos que requieren especial atenci\u00f3n. Veintiocho de ellas est\u00e1n instaladas en los principales cauces de la regi\u00f3n en zonas que abarcan la cordillera, precordillera y costa, registrando informaci\u00f3n esencial para el an\u00e1lisis de datos que permiten conocer, graduar y controlar la informaci\u00f3n hidrol\u00f3gica en l\u00ednea (https:\/\/snia.mop.gob.cl\/sat\/site\/informes\/mapas\/mapas.xhtml), y de esta manera, los organismos respectivos (Sinapred, ex Onemi) tengan la informaci\u00f3n en un tiempo oportuno para entregar a la comunidad y autoridades las alertas respectivas cuando los vol\u00famenes de precipitaciones alcanzan los niveles que podr\u00edan generar crecidas y\/o inundaciones.","og_url":"https:\/\/radionorte.cl\/?p=513","article_published_time":"2023-01-04T21:35:05+00:00","article_modified_time":"2023-01-04T21:35:08+00:00","og_image":[{"width":1024,"height":768,"url":"http:\/\/radionorte.cl\/wp-content\/uploads\/2023\/01\/02.png","type":"image\/png"}],"author":"carocklina","twitter_card":"summary_large_image","twitter_misc":{"Escrito por":"carocklina","Tiempo estimado de lectura":"4 minutos"},"schema":{"@context":"https:\/\/schema.org","@graph":[{"@type":"Article","@id":"https:\/\/radionorte.cl\/?p=513#article","isPartOf":{"@id":"https:\/\/radionorte.cl\/?p=513"},"author":{"name":"carocklina","@id":"https:\/\/radionorte.cl\/#\/schema\/person\/baacf6923dce8651ca2587cbf14dbef2"},"headline":"Ante pron\u00f3stico de lluvias estivales: MOP inspeccion\u00f3 puntos cr\u00edticos de la regi\u00f3n de Antofagasta y present\u00f3 plan de contingencia","datePublished":"2023-01-04T21:35:05+00:00","dateModified":"2023-01-04T21:35:08+00:00","mainEntityOfPage":{"@id":"https:\/\/radionorte.cl\/?p=513"},"wordCount":864,"commentCount":0,"image":{"@id":"https:\/\/radionorte.cl\/?p=513#primaryimage"},"thumbnailUrl":"https:\/\/i0.wp.com\/radionorte.cl\/wp-content\/uploads\/2023\/01\/02.png?fit=1024%2C768&ssl=1","keywords":["Antofagasta","fen\u00f3meno clim\u00e1tico","lluvias estivales","Obras P\u00fablicas"],"articleSection":["Radio Norte"],"inLanguage":"es-CL","potentialAction":[{"@type":"CommentAction","name":"Comment","target":["https:\/\/radionorte.cl\/?p=513#respond"]}]},{"@type":"WebPage","@id":"https:\/\/radionorte.cl\/?p=513","url":"https:\/\/radionorte.cl\/?p=513","name":"Ante pron\u00f3stico de lluvias estivales: MOP inspeccion\u00f3 puntos cr\u00edticos de la regi\u00f3n de Antofagasta y present\u00f3 plan de contingencia -","isPartOf":{"@id":"https:\/\/radionorte.cl\/#website"},"primaryImageOfPage":{"@id":"https:\/\/radionorte.cl\/?p=513#primaryimage"},"image":{"@id":"https:\/\/radionorte.cl\/?p=513#primaryimage"},"thumbnailUrl":"https:\/\/i0.wp.com\/radionorte.cl\/wp-content\/uploads\/2023\/01\/02.png?fit=1024%2C768&ssl=1","datePublished":"2023-01-04T21:35:05+00:00","dateModified":"2023-01-04T21:35:08+00:00","author":{"@id":"https:\/\/radionorte.cl\/#\/schema\/person\/baacf6923dce8651ca2587cbf14dbef2"},"breadcrumb":{"@id":"https:\/\/radionorte.cl\/?p=513#breadcrumb"},"inLanguage":"es-CL","potentialAction":[{"@type":"ReadAction","target":["https:\/\/radionorte.cl\/?p=513"]}]},{"@type":"ImageObject","inLanguage":"es-CL","@id":"https:\/\/radionorte.cl\/?p=513#primaryimage","url":"https:\/\/i0.wp.com\/radionorte.cl\/wp-content\/uploads\/2023\/01\/02.png?fit=1024%2C768&ssl=1","contentUrl":"https:\/\/i0.wp.com\/radionorte.cl\/wp-content\/uploads\/2023\/01\/02.png?fit=1024%2C768&ssl=1","width":1024,"height":768},{"@type":"BreadcrumbList","@id":"https:\/\/radionorte.cl\/?p=513#breadcrumb","itemListElement":[{"@type":"ListItem","position":1,"name":"Home","item":"https:\/\/radionorte.cl\/"},{"@type":"ListItem","position":2,"name":"Ante pron\u00f3stico de lluvias estivales: MOP inspeccion\u00f3 puntos cr\u00edticos de la regi\u00f3n de Antofagasta y present\u00f3 plan de contingencia"}]},{"@type":"WebSite","@id":"https:\/\/radionorte.cl\/#website","url":"https:\/\/radionorte.cl\/","name":"","description":"","potentialAction":[{"@type":"SearchAction","target":{"@type":"EntryPoint","urlTemplate":"https:\/\/radionorte.cl\/?s={search_term_string}"},"query-input":{"@type":"PropertyValueSpecification","valueRequired":true,"valueName":"search_term_string"}}],"inLanguage":"es-CL"},{"@type":"Person","@id":"https:\/\/radionorte.cl\/#\/schema\/person\/baacf6923dce8651ca2587cbf14dbef2","name":"carocklina","image":{"@type":"ImageObject","inLanguage":"es-CL","@id":"https:\/\/secure.gravatar.com\/avatar\/9edc52d7207ebb4d2bce985a253a7e2e313a7e3ced068ec36b73c76301b89836?s=96&d=mm&r=g","url":"https:\/\/secure.gravatar.com\/avatar\/9edc52d7207ebb4d2bce985a253a7e2e313a7e3ced068ec36b73c76301b89836?s=96&d=mm&r=g","contentUrl":"https:\/\/secure.gravatar.com\/avatar\/9edc52d7207ebb4d2bce985a253a7e2e313a7e3ced068ec36b73c76301b89836?s=96&d=mm&r=g","caption":"carocklina"},"sameAs":["http:\/\/radionorte.cl"],"url":"https:\/\/radionorte.cl\/?author=1"}]}},"jetpack_featured_media_url":"https:\/\/i0.wp.com\/radionorte.cl\/wp-content\/uploads\/2023\/01\/02.png?fit=1024%2C768&ssl=1","jetpack-related-posts":[{"id":637,"url":"https:\/\/radionorte.cl\/?p=637","url_meta":{"origin":513,"position":0},"title":"Inversi\u00f3n hist\u00f3rica para el desarrollo de proyectos en la regi\u00f3n de Antofagasta 2023 supera los $160 mi millones","author":"carocklina","date":"Enero 21, 2023","format":false,"excerpt":"Como una muy buena noticia en materia de infraestructura para la regi\u00f3n, catalog\u00f3 el seremi de Obras P\u00fablicas, Oscar Orellana Astudillo, el total de inversi\u00f3n programado por el MOP para la ejecuci\u00f3n de proyectos durante el 2023, seg\u00fan anunci\u00f3 la autoridad. \u201cLa inversi\u00f3n total proyectada para la regi\u00f3n durante este\u2026","rel":"","context":"En &quot;Radio Norte&quot;","block_context":{"text":"Radio Norte","link":"https:\/\/radionorte.cl\/?cat=149"},"img":{"alt_text":"","src":"https:\/\/i0.wp.com\/radionorte.cl\/wp-content\/uploads\/2023\/01\/02-1.png?fit=922%2C613&ssl=1&resize=350%2C200","width":350,"height":200,"srcset":"https:\/\/i0.wp.com\/radionorte.cl\/wp-content\/uploads\/2023\/01\/02-1.png?fit=922%2C613&ssl=1&resize=350%2C200 1x, https:\/\/i0.wp.com\/radionorte.cl\/wp-content\/uploads\/2023\/01\/02-1.png?fit=922%2C613&ssl=1&resize=525%2C300 1.5x, https:\/\/i0.wp.com\/radionorte.cl\/wp-content\/uploads\/2023\/01\/02-1.png?fit=922%2C613&ssl=1&resize=700%2C400 2x"},"classes":[]},{"id":611,"url":"https:\/\/radionorte.cl\/?p=611","url_meta":{"origin":513,"position":1},"title":"Lanzan Plan de Verano con miras a la reactivaci\u00f3n de aprendizajes en ni\u00f1as, ni\u00f1os y adolescentes de la regi\u00f3n de Antofagasta","author":"carocklina","date":"Enero 12, 2023","format":false,"excerpt":"En las colonias escolares realizadas en el Colegio T\u00e9cnico Industrial Don Bosco de Antofagasta, el seremi de Educaci\u00f3n, Alberto Santander, junto al director regional de JUNAEB, H\u00e9ctor Andrade, hicieron el lanzamiento del Plan Verano 2023 del Ministerio de Educaci\u00f3n, una serie de actividades y acciones enmarcadas en el Plan de\u2026","rel":"","context":"En &quot;Radio Norte&quot;","block_context":{"text":"Radio Norte","link":"https:\/\/radionorte.cl\/?cat=149"},"img":{"alt_text":"","src":"https:\/\/i0.wp.com\/radionorte.cl\/wp-content\/uploads\/2023\/01\/01-10.png?fit=1068%2C801&ssl=1&resize=350%2C200","width":350,"height":200,"srcset":"https:\/\/i0.wp.com\/radionorte.cl\/wp-content\/uploads\/2023\/01\/01-10.png?fit=1068%2C801&ssl=1&resize=350%2C200 1x, https:\/\/i0.wp.com\/radionorte.cl\/wp-content\/uploads\/2023\/01\/01-10.png?fit=1068%2C801&ssl=1&resize=525%2C300 1.5x, https:\/\/i0.wp.com\/radionorte.cl\/wp-content\/uploads\/2023\/01\/01-10.png?fit=1068%2C801&ssl=1&resize=700%2C400 2x, https:\/\/i0.wp.com\/radionorte.cl\/wp-content\/uploads\/2023\/01\/01-10.png?fit=1068%2C801&ssl=1&resize=1050%2C600 3x"},"classes":[]},{"id":672,"url":"https:\/\/radionorte.cl\/?p=672","url_meta":{"origin":513,"position":2},"title":"Trabajadoras destacan realizando oficios masculinizados en distintas empresas","author":"carocklina","date":"Febrero 3, 2023","format":false,"excerpt":"Trabajadoras de Antofagasta y Mejillones dedicadas a diversos rubros con predominancia masculina se reunieron para compartir experiencias en el desempe\u00f1o de sus trabajos, del apoyo recibido por sus familias y las empresas donde fueron contratadas. A la cita acudieron soldadoras, mujeres capataces, tarjadoras, horquilleras, operadoras de gr\u00faas tierra, movilizadoras, operadoras\u2026","rel":"","context":"En &quot;Radio Norte&quot;","block_context":{"text":"Radio Norte","link":"https:\/\/radionorte.cl\/?cat=149"},"img":{"alt_text":"","src":"https:\/\/i0.wp.com\/radionorte.cl\/wp-content\/uploads\/2023\/02\/01-2.png?fit=1200%2C687&ssl=1&resize=350%2C200","width":350,"height":200,"srcset":"https:\/\/i0.wp.com\/radionorte.cl\/wp-content\/uploads\/2023\/02\/01-2.png?fit=1200%2C687&ssl=1&resize=350%2C200 1x, https:\/\/i0.wp.com\/radionorte.cl\/wp-content\/uploads\/2023\/02\/01-2.png?fit=1200%2C687&ssl=1&resize=525%2C300 1.5x, https:\/\/i0.wp.com\/radionorte.cl\/wp-content\/uploads\/2023\/02\/01-2.png?fit=1200%2C687&ssl=1&resize=700%2C400 2x, https:\/\/i0.wp.com\/radionorte.cl\/wp-content\/uploads\/2023\/02\/01-2.png?fit=1200%2C687&ssl=1&resize=1050%2C600 3x"},"classes":[]},{"id":634,"url":"https:\/\/radionorte.cl\/?p=634","url_meta":{"origin":513,"position":3},"title":"Dan ultim\u00e1tum a empresa responsable de plaga de zancudos en Antofagasta","author":"carocklina","date":"Enero 20, 2023","format":false,"excerpt":"La ma\u00f1ana de este jueves y mediante Acta, la Seremi de Salud exigi\u00f3 a los representantes de la inmobiliaria Mar Abierto \u2013 Calicanto en Antofagasta, la presentaci\u00f3n de un plan de trabajo que implique la mitigaci\u00f3n, retiro de agua y control de vectores del terreno en abandono ubicado en Lord\u2026","rel":"","context":"En &quot;Radio Norte&quot;","block_context":{"text":"Radio Norte","link":"https:\/\/radionorte.cl\/?cat=149"},"img":{"alt_text":"","src":"https:\/\/i0.wp.com\/radionorte.cl\/wp-content\/uploads\/2023\/01\/01-16.png?fit=1096%2C644&ssl=1&resize=350%2C200","width":350,"height":200,"srcset":"https:\/\/i0.wp.com\/radionorte.cl\/wp-content\/uploads\/2023\/01\/01-16.png?fit=1096%2C644&ssl=1&resize=350%2C200 1x, https:\/\/i0.wp.com\/radionorte.cl\/wp-content\/uploads\/2023\/01\/01-16.png?fit=1096%2C644&ssl=1&resize=525%2C300 1.5x, https:\/\/i0.wp.com\/radionorte.cl\/wp-content\/uploads\/2023\/01\/01-16.png?fit=1096%2C644&ssl=1&resize=700%2C400 2x, https:\/\/i0.wp.com\/radionorte.cl\/wp-content\/uploads\/2023\/01\/01-16.png?fit=1096%2C644&ssl=1&resize=1050%2C600 3x"},"classes":[]},{"id":650,"url":"https:\/\/radionorte.cl\/?p=650","url_meta":{"origin":513,"position":4},"title":"Detienen en Antofagasta a uno de los presuntos autores de un homicidio ocurrido en La Serena","author":"carocklina","date":"Enero 26, 2023","format":false,"excerpt":"Detectives de la Brigada de Homicidios de la PDI Antofagasta, en coordinaci\u00f3n con la Brigada de Homicidios de La Serena lograron la detenci\u00f3n de un ciudadano extranjero sobre quien pesaba una orden de detenci\u00f3n por el delito de Homicidio y Homicidio Frustrado en un hecho ocurrido el fin de semana\u2026","rel":"","context":"En &quot;Radio Norte&quot;","block_context":{"text":"Radio Norte","link":"https:\/\/radionorte.cl\/?cat=149"},"img":{"alt_text":"","src":"https:\/\/i0.wp.com\/radionorte.cl\/wp-content\/uploads\/2023\/01\/01-20.png?resize=350%2C200&ssl=1","width":350,"height":200,"srcset":"https:\/\/i0.wp.com\/radionorte.cl\/wp-content\/uploads\/2023\/01\/01-20.png?resize=350%2C200&ssl=1 1x, https:\/\/i0.wp.com\/radionorte.cl\/wp-content\/uploads\/2023\/01\/01-20.png?resize=525%2C300&ssl=1 1.5x"},"classes":[]},{"id":617,"url":"https:\/\/radionorte.cl\/?p=617","url_meta":{"origin":513,"position":5},"title":"Mujer sufre violento robo en las afuera de un banco en Antofagasta","author":"carocklina","date":"Enero 14, 2023","format":false,"excerpt":"El parlamentario por la regi\u00f3n de Antofagasta, Sebasti\u00e1n Videla (IND-PL), ante diversas denuncias de vecinos en sus redes sociales, ha viralizado el relato de una afectada por la ola de robos en las afueras de los bancos de la capital regional. En palabras del parlamentario, la situaci\u00f3n ha crecido exponencialmente\u2026","rel":"","context":"En &quot;Radio Norte&quot;","block_context":{"text":"Radio Norte","link":"https:\/\/radionorte.cl\/?cat=149"},"img":{"alt_text":"","src":"https:\/\/i0.wp.com\/radionorte.cl\/wp-content\/uploads\/2023\/01\/03.png?fit=1200%2C675&ssl=1&resize=350%2C200","width":350,"height":200,"srcset":"https:\/\/i0.wp.com\/radionorte.cl\/wp-content\/uploads\/2023\/01\/03.png?fit=1200%2C675&ssl=1&resize=350%2C200 1x, https:\/\/i0.wp.com\/radionorte.cl\/wp-content\/uploads\/2023\/01\/03.png?fit=1200%2C675&ssl=1&resize=525%2C300 1.5x, https:\/\/i0.wp.com\/radionorte.cl\/wp-content\/uploads\/2023\/01\/03.png?fit=1200%2C675&ssl=1&resize=700%2C400 2x, https:\/\/i0.wp.com\/radionorte.cl\/wp-content\/uploads\/2023\/01\/03.png?fit=1200%2C675&ssl=1&resize=1050%2C600 3x"},"classes":[]}],"jetpack_sharing_enabled":true,"_links":{"self":[{"href":"https:\/\/radionorte.cl\/index.php?rest_route=\/wp\/v2\/posts\/513","targetHints":{"allow":["GET"]}}],"collection":[{"href":"https:\/\/radionorte.cl\/index.php?rest_route=\/wp\/v2\/posts"}],"about":[{"href":"https:\/\/radionorte.cl\/index.php?rest_route=\/wp\/v2\/types\/post"}],"author":[{"embeddable":true,"href":"https:\/\/radionorte.cl\/index.php?rest_route=\/wp\/v2\/users\/1"}],"replies":[{"embeddable":true,"href":"https:\/\/radionorte.cl\/index.php?rest_route=%2Fwp%2Fv2%2Fcomments&post=513"}],"version-history":[{"count":1,"href":"https:\/\/radionorte.cl\/index.php?rest_route=\/wp\/v2\/posts\/513\/revisions"}],"predecessor-version":[{"id":515,"href":"https:\/\/radionorte.cl\/index.php?rest_route=\/wp\/v2\/posts\/513\/revisions\/515"}],"wp:featuredmedia":[{"embeddable":true,"href":"https:\/\/radionorte.cl\/index.php?rest_route=\/wp\/v2\/media\/514"}],"wp:attachment":[{"href":"https:\/\/radionorte.cl\/index.php?rest_route=%2Fwp%2Fv2%2Fmedia&parent=513"}],"wp:term":[{"taxonomy":"category","embeddable":true,"href":"https:\/\/radionorte.cl\/index.php?rest_route=%2Fwp%2Fv2%2Fcategories&post=513"},{"taxonomy":"post_tag","embeddable":true,"href":"https:\/\/radionorte.cl\/index.php?rest_route=%2Fwp%2Fv2%2Ftags&post=513"}],"curies":[{"name":"wp","href":"https:\/\/api.w.org\/{rel}","templated":true}]}}