{"id":527,"date":"2023-01-05T19:11:49","date_gmt":"2023-01-05T19:11:49","guid":{"rendered":"https:\/\/radionorte.cl\/?p=527"},"modified":"2023-01-05T19:11:51","modified_gmt":"2023-01-05T19:11:51","slug":"hombre-fallecio-tras-estar-nadando-en-el-balneario-municipal-de-antofagasta","status":"publish","type":"post","link":"https:\/\/radionorte.cl\/?p=527","title":{"rendered":"Hombre falleci\u00f3 tras estar nadando en el Balneario Municipal de Antofagasta"},"content":{"rendered":"\n<p>Alrededor de las 03:00 horas de este jueves 05 de enero, la Central de Alarmas de Bomberos de Antofagasta despach\u00f3 a sus unidades R3 hasta la intersecci\u00f3n de Avenida Rep\u00fablica de Croacia con El Quisco, por informaci\u00f3n preliminar de persona en Paro Cardiorrespiratorio.<\/p>\n\n\n<div class=\"wp-block-image\">\n<figure class=\"aligncenter size-large\"><img data-recalc-dims=\"1\" loading=\"lazy\" decoding=\"async\" width=\"960\" height=\"720\" src=\"https:\/\/i0.wp.com\/radionorte.cl\/wp-content\/uploads\/2023\/01\/01-3-1024x768.png?resize=960%2C720&#038;ssl=1\" alt=\"\" class=\"wp-image-528\" srcset=\"https:\/\/i0.wp.com\/radionorte.cl\/wp-content\/uploads\/2023\/01\/01-3.png?resize=1024%2C768&amp;ssl=1 1024w, https:\/\/i0.wp.com\/radionorte.cl\/wp-content\/uploads\/2023\/01\/01-3.png?resize=300%2C225&amp;ssl=1 300w, https:\/\/i0.wp.com\/radionorte.cl\/wp-content\/uploads\/2023\/01\/01-3.png?resize=768%2C576&amp;ssl=1 768w, https:\/\/i0.wp.com\/radionorte.cl\/wp-content\/uploads\/2023\/01\/01-3.png?w=1068&amp;ssl=1 1068w\" sizes=\"auto, (max-width: 960px) 100vw, 960px\" \/><\/figure>\n<\/div>\n\n\n<p>Tras la llegada de Bomberos, trabajaron en el procedimiento de la persona que se encontraba, nadando en el Balneario Municipal.<\/p>\n\n\n\n<p>Lamentablemente, pese a los intentos de reanimaci\u00f3n, la persona de sexo masculino, aproximadamente de 45 a\u00f1os, falleci\u00f3 en el lugar.<\/p>\n\n\n\n<p>En la emergencia trabajaron en conjunto personal de Tercera Compa\u00f1\u00eda de Bomberos y Personal de Samu.<\/p>\n","protected":false},"excerpt":{"rendered":"<p>Alrededor de las 03:00 horas de este jueves 05 de enero, la Central de Alarmas de Bomberos de Antofagasta despach\u00f3 a sus unidades R3 hasta la intersecci\u00f3n de Avenida Rep\u00fablica de Croacia con El Quisco, por informaci\u00f3n preliminar de persona en Paro Cardiorrespiratorio. Tras la llegada de Bomberos, trabajaron en el procedimiento de la persona que se encontraba, nadando en el Balneario Municipal. Lamentablemente, pese a los intentos de reanimaci\u00f3n, la persona de sexo masculino, aproximadamente de 45 a\u00f1os, falleci\u00f3 en el lugar. En la emergencia trabajaron en conjunto personal de Tercera Compa\u00f1\u00eda de Bomberos y Personal de Samu.<\/p>\n","protected":false},"author":1,"featured_media":528,"comment_status":"open","ping_status":"open","sticky":false,"template":"","format":"standard","meta":{"_jetpack_memberships_contains_paid_content":false,"footnotes":""},"categories":[149],"tags":[72,98,99],"class_list":["post-527","post","type-post","status-publish","format-standard","has-post-thumbnail","hentry","category-escucha-online-aqui","tag-antofagasta","tag-balneario-municipal-de-antofagasta","tag-paro-cardiorrespiratorio"],"yoast_head":"<!-- This site is optimized with the Yoast SEO plugin v27.5 - https:\/\/yoast.com\/product\/yoast-seo-wordpress\/ -->\n<title>Hombre falleci\u00f3 tras estar nadando en el Balneario Municipal de Antofagasta -<\/title>\n<meta name=\"robots\" content=\"index, follow, max-snippet:-1, max-image-preview:large, max-video-preview:-1\" \/>\n<link rel=\"canonical\" href=\"https:\/\/radionorte.cl\/?p=527\" \/>\n<meta property=\"og:locale\" content=\"es_ES\" \/>\n<meta property=\"og:type\" content=\"article\" \/>\n<meta property=\"og:title\" content=\"Hombre falleci\u00f3 tras estar nadando en el Balneario Municipal de Antofagasta -\" \/>\n<meta property=\"og:description\" content=\"Alrededor de las 03:00 horas de este jueves 05 de enero, la Central de Alarmas de Bomberos de Antofagasta despach\u00f3 a sus unidades R3 hasta la intersecci\u00f3n de Avenida Rep\u00fablica de Croacia con El Quisco, por informaci\u00f3n preliminar de persona en Paro Cardiorrespiratorio. Tras la llegada de Bomberos, trabajaron en el procedimiento de la persona que se encontraba, nadando en el Balneario Municipal. Lamentablemente, pese a los intentos de reanimaci\u00f3n, la persona de sexo masculino, aproximadamente de 45 a\u00f1os, falleci\u00f3 en el lugar. En la emergencia trabajaron en conjunto personal de Tercera Compa\u00f1\u00eda de Bomberos y Personal de Samu.\" \/>\n<meta property=\"og:url\" content=\"https:\/\/radionorte.cl\/?p=527\" \/>\n<meta property=\"article:published_time\" content=\"2023-01-05T19:11:49+00:00\" \/>\n<meta property=\"article:modified_time\" content=\"2023-01-05T19:11:51+00:00\" \/>\n<meta property=\"og:image\" content=\"http:\/\/radionorte.cl\/wp-content\/uploads\/2023\/01\/01-3.png\" \/>\n\t<meta property=\"og:image:width\" content=\"1068\" \/>\n\t<meta property=\"og:image:height\" content=\"801\" \/>\n\t<meta property=\"og:image:type\" content=\"image\/png\" \/>\n<meta name=\"author\" content=\"carocklina\" \/>\n<meta name=\"twitter:card\" content=\"summary_large_image\" \/>\n<meta name=\"twitter:label1\" content=\"Escrito por\" \/>\n\t<meta name=\"twitter:data1\" content=\"carocklina\" \/>\n\t<meta name=\"twitter:label2\" content=\"Tiempo estimado de lectura\" \/>\n\t<meta name=\"twitter:data2\" content=\"1 minuto\" \/>\n<script type=\"application\/ld+json\" class=\"yoast-schema-graph\">{\"@context\":\"https:\\\/\\\/schema.org\",\"@graph\":[{\"@type\":\"Article\",\"@id\":\"https:\\\/\\\/radionorte.cl\\\/?p=527#article\",\"isPartOf\":{\"@id\":\"https:\\\/\\\/radionorte.cl\\\/?p=527\"},\"author\":{\"name\":\"carocklina\",\"@id\":\"https:\\\/\\\/radionorte.cl\\\/#\\\/schema\\\/person\\\/baacf6923dce8651ca2587cbf14dbef2\"},\"headline\":\"Hombre falleci\u00f3 tras estar nadando en el Balneario Municipal de Antofagasta\",\"datePublished\":\"2023-01-05T19:11:49+00:00\",\"dateModified\":\"2023-01-05T19:11:51+00:00\",\"mainEntityOfPage\":{\"@id\":\"https:\\\/\\\/radionorte.cl\\\/?p=527\"},\"wordCount\":113,\"commentCount\":0,\"image\":{\"@id\":\"https:\\\/\\\/radionorte.cl\\\/?p=527#primaryimage\"},\"thumbnailUrl\":\"https:\\\/\\\/i0.wp.com\\\/radionorte.cl\\\/wp-content\\\/uploads\\\/2023\\\/01\\\/01-3.png?fit=1068%2C801&ssl=1\",\"keywords\":[\"Antofagasta\",\"Balneario Municipal de Antofagasta\",\"Paro Cardiorrespiratorio\"],\"articleSection\":[\"Radio Norte\"],\"inLanguage\":\"es-CL\",\"potentialAction\":[{\"@type\":\"CommentAction\",\"name\":\"Comment\",\"target\":[\"https:\\\/\\\/radionorte.cl\\\/?p=527#respond\"]}]},{\"@type\":\"WebPage\",\"@id\":\"https:\\\/\\\/radionorte.cl\\\/?p=527\",\"url\":\"https:\\\/\\\/radionorte.cl\\\/?p=527\",\"name\":\"Hombre falleci\u00f3 tras estar nadando en el Balneario Municipal de Antofagasta -\",\"isPartOf\":{\"@id\":\"https:\\\/\\\/radionorte.cl\\\/#website\"},\"primaryImageOfPage\":{\"@id\":\"https:\\\/\\\/radionorte.cl\\\/?p=527#primaryimage\"},\"image\":{\"@id\":\"https:\\\/\\\/radionorte.cl\\\/?p=527#primaryimage\"},\"thumbnailUrl\":\"https:\\\/\\\/i0.wp.com\\\/radionorte.cl\\\/wp-content\\\/uploads\\\/2023\\\/01\\\/01-3.png?fit=1068%2C801&ssl=1\",\"datePublished\":\"2023-01-05T19:11:49+00:00\",\"dateModified\":\"2023-01-05T19:11:51+00:00\",\"author\":{\"@id\":\"https:\\\/\\\/radionorte.cl\\\/#\\\/schema\\\/person\\\/baacf6923dce8651ca2587cbf14dbef2\"},\"breadcrumb\":{\"@id\":\"https:\\\/\\\/radionorte.cl\\\/?p=527#breadcrumb\"},\"inLanguage\":\"es-CL\",\"potentialAction\":[{\"@type\":\"ReadAction\",\"target\":[\"https:\\\/\\\/radionorte.cl\\\/?p=527\"]}]},{\"@type\":\"ImageObject\",\"inLanguage\":\"es-CL\",\"@id\":\"https:\\\/\\\/radionorte.cl\\\/?p=527#primaryimage\",\"url\":\"https:\\\/\\\/i0.wp.com\\\/radionorte.cl\\\/wp-content\\\/uploads\\\/2023\\\/01\\\/01-3.png?fit=1068%2C801&ssl=1\",\"contentUrl\":\"https:\\\/\\\/i0.wp.com\\\/radionorte.cl\\\/wp-content\\\/uploads\\\/2023\\\/01\\\/01-3.png?fit=1068%2C801&ssl=1\",\"width\":1068,\"height\":801},{\"@type\":\"BreadcrumbList\",\"@id\":\"https:\\\/\\\/radionorte.cl\\\/?p=527#breadcrumb\",\"itemListElement\":[{\"@type\":\"ListItem\",\"position\":1,\"name\":\"Home\",\"item\":\"https:\\\/\\\/radionorte.cl\\\/\"},{\"@type\":\"ListItem\",\"position\":2,\"name\":\"Hombre falleci\u00f3 tras estar nadando en el Balneario Municipal de Antofagasta\"}]},{\"@type\":\"WebSite\",\"@id\":\"https:\\\/\\\/radionorte.cl\\\/#website\",\"url\":\"https:\\\/\\\/radionorte.cl\\\/\",\"name\":\"\",\"description\":\"\",\"potentialAction\":[{\"@type\":\"SearchAction\",\"target\":{\"@type\":\"EntryPoint\",\"urlTemplate\":\"https:\\\/\\\/radionorte.cl\\\/?s={search_term_string}\"},\"query-input\":{\"@type\":\"PropertyValueSpecification\",\"valueRequired\":true,\"valueName\":\"search_term_string\"}}],\"inLanguage\":\"es-CL\"},{\"@type\":\"Person\",\"@id\":\"https:\\\/\\\/radionorte.cl\\\/#\\\/schema\\\/person\\\/baacf6923dce8651ca2587cbf14dbef2\",\"name\":\"carocklina\",\"image\":{\"@type\":\"ImageObject\",\"inLanguage\":\"es-CL\",\"@id\":\"https:\\\/\\\/secure.gravatar.com\\\/avatar\\\/9edc52d7207ebb4d2bce985a253a7e2e313a7e3ced068ec36b73c76301b89836?s=96&d=mm&r=g\",\"url\":\"https:\\\/\\\/secure.gravatar.com\\\/avatar\\\/9edc52d7207ebb4d2bce985a253a7e2e313a7e3ced068ec36b73c76301b89836?s=96&d=mm&r=g\",\"contentUrl\":\"https:\\\/\\\/secure.gravatar.com\\\/avatar\\\/9edc52d7207ebb4d2bce985a253a7e2e313a7e3ced068ec36b73c76301b89836?s=96&d=mm&r=g\",\"caption\":\"carocklina\"},\"sameAs\":[\"http:\\\/\\\/radionorte.cl\"],\"url\":\"https:\\\/\\\/radionorte.cl\\\/?author=1\"}]}<\/script>\n<!-- \/ Yoast SEO plugin. -->","yoast_head_json":{"title":"Hombre falleci\u00f3 tras estar nadando en el Balneario Municipal de Antofagasta -","robots":{"index":"index","follow":"follow","max-snippet":"max-snippet:-1","max-image-preview":"max-image-preview:large","max-video-preview":"max-video-preview:-1"},"canonical":"https:\/\/radionorte.cl\/?p=527","og_locale":"es_ES","og_type":"article","og_title":"Hombre falleci\u00f3 tras estar nadando en el Balneario Municipal de Antofagasta -","og_description":"Alrededor de las 03:00 horas de este jueves 05 de enero, la Central de Alarmas de Bomberos de Antofagasta despach\u00f3 a sus unidades R3 hasta la intersecci\u00f3n de Avenida Rep\u00fablica de Croacia con El Quisco, por informaci\u00f3n preliminar de persona en Paro Cardiorrespiratorio. Tras la llegada de Bomberos, trabajaron en el procedimiento de la persona que se encontraba, nadando en el Balneario Municipal. Lamentablemente, pese a los intentos de reanimaci\u00f3n, la persona de sexo masculino, aproximadamente de 45 a\u00f1os, falleci\u00f3 en el lugar. En la emergencia trabajaron en conjunto personal de Tercera Compa\u00f1\u00eda de Bomberos y Personal de Samu.","og_url":"https:\/\/radionorte.cl\/?p=527","article_published_time":"2023-01-05T19:11:49+00:00","article_modified_time":"2023-01-05T19:11:51+00:00","og_image":[{"width":1068,"height":801,"url":"http:\/\/radionorte.cl\/wp-content\/uploads\/2023\/01\/01-3.png","type":"image\/png"}],"author":"carocklina","twitter_card":"summary_large_image","twitter_misc":{"Escrito por":"carocklina","Tiempo estimado de lectura":"1 minuto"},"schema":{"@context":"https:\/\/schema.org","@graph":[{"@type":"Article","@id":"https:\/\/radionorte.cl\/?p=527#article","isPartOf":{"@id":"https:\/\/radionorte.cl\/?p=527"},"author":{"name":"carocklina","@id":"https:\/\/radionorte.cl\/#\/schema\/person\/baacf6923dce8651ca2587cbf14dbef2"},"headline":"Hombre falleci\u00f3 tras estar nadando en el Balneario Municipal de Antofagasta","datePublished":"2023-01-05T19:11:49+00:00","dateModified":"2023-01-05T19:11:51+00:00","mainEntityOfPage":{"@id":"https:\/\/radionorte.cl\/?p=527"},"wordCount":113,"commentCount":0,"image":{"@id":"https:\/\/radionorte.cl\/?p=527#primaryimage"},"thumbnailUrl":"https:\/\/i0.wp.com\/radionorte.cl\/wp-content\/uploads\/2023\/01\/01-3.png?fit=1068%2C801&ssl=1","keywords":["Antofagasta","Balneario Municipal de Antofagasta","Paro Cardiorrespiratorio"],"articleSection":["Radio Norte"],"inLanguage":"es-CL","potentialAction":[{"@type":"CommentAction","name":"Comment","target":["https:\/\/radionorte.cl\/?p=527#respond"]}]},{"@type":"WebPage","@id":"https:\/\/radionorte.cl\/?p=527","url":"https:\/\/radionorte.cl\/?p=527","name":"Hombre falleci\u00f3 tras estar nadando en el Balneario Municipal de Antofagasta -","isPartOf":{"@id":"https:\/\/radionorte.cl\/#website"},"primaryImageOfPage":{"@id":"https:\/\/radionorte.cl\/?p=527#primaryimage"},"image":{"@id":"https:\/\/radionorte.cl\/?p=527#primaryimage"},"thumbnailUrl":"https:\/\/i0.wp.com\/radionorte.cl\/wp-content\/uploads\/2023\/01\/01-3.png?fit=1068%2C801&ssl=1","datePublished":"2023-01-05T19:11:49+00:00","dateModified":"2023-01-05T19:11:51+00:00","author":{"@id":"https:\/\/radionorte.cl\/#\/schema\/person\/baacf6923dce8651ca2587cbf14dbef2"},"breadcrumb":{"@id":"https:\/\/radionorte.cl\/?p=527#breadcrumb"},"inLanguage":"es-CL","potentialAction":[{"@type":"ReadAction","target":["https:\/\/radionorte.cl\/?p=527"]}]},{"@type":"ImageObject","inLanguage":"es-CL","@id":"https:\/\/radionorte.cl\/?p=527#primaryimage","url":"https:\/\/i0.wp.com\/radionorte.cl\/wp-content\/uploads\/2023\/01\/01-3.png?fit=1068%2C801&ssl=1","contentUrl":"https:\/\/i0.wp.com\/radionorte.cl\/wp-content\/uploads\/2023\/01\/01-3.png?fit=1068%2C801&ssl=1","width":1068,"height":801},{"@type":"BreadcrumbList","@id":"https:\/\/radionorte.cl\/?p=527#breadcrumb","itemListElement":[{"@type":"ListItem","position":1,"name":"Home","item":"https:\/\/radionorte.cl\/"},{"@type":"ListItem","position":2,"name":"Hombre falleci\u00f3 tras estar nadando en el Balneario Municipal de Antofagasta"}]},{"@type":"WebSite","@id":"https:\/\/radionorte.cl\/#website","url":"https:\/\/radionorte.cl\/","name":"","description":"","potentialAction":[{"@type":"SearchAction","target":{"@type":"EntryPoint","urlTemplate":"https:\/\/radionorte.cl\/?s={search_term_string}"},"query-input":{"@type":"PropertyValueSpecification","valueRequired":true,"valueName":"search_term_string"}}],"inLanguage":"es-CL"},{"@type":"Person","@id":"https:\/\/radionorte.cl\/#\/schema\/person\/baacf6923dce8651ca2587cbf14dbef2","name":"carocklina","image":{"@type":"ImageObject","inLanguage":"es-CL","@id":"https:\/\/secure.gravatar.com\/avatar\/9edc52d7207ebb4d2bce985a253a7e2e313a7e3ced068ec36b73c76301b89836?s=96&d=mm&r=g","url":"https:\/\/secure.gravatar.com\/avatar\/9edc52d7207ebb4d2bce985a253a7e2e313a7e3ced068ec36b73c76301b89836?s=96&d=mm&r=g","contentUrl":"https:\/\/secure.gravatar.com\/avatar\/9edc52d7207ebb4d2bce985a253a7e2e313a7e3ced068ec36b73c76301b89836?s=96&d=mm&r=g","caption":"carocklina"},"sameAs":["http:\/\/radionorte.cl"],"url":"https:\/\/radionorte.cl\/?author=1"}]}},"jetpack_featured_media_url":"https:\/\/i0.wp.com\/radionorte.cl\/wp-content\/uploads\/2023\/01\/01-3.png?fit=1068%2C801&ssl=1","jetpack-related-posts":[{"id":644,"url":"https:\/\/radionorte.cl\/?p=644","url_meta":{"origin":527,"position":0},"title":"Devastador incendio destruye 9 viviendas y deja 42 damnificados en Antofagasta","author":"carocklina","date":"Enero 24, 2023","format":false,"excerpt":"Un incendio de grandes proporciones se produjo la madrugada de este martes en el sector norte alto de Antofagasta. Se trata del campamento \u201cMujeres emprendedoras\u201d, ubicado a la altura de calle Pantale\u00f3n Cort\u00e9s. La emergencia oblig\u00f3 el despliegue del Cuerpo de Bomberos de Antofagasta, instituci\u00f3n que luego de cerca de\u2026","rel":"","context":"En &quot;Radio Norte&quot;","block_context":{"text":"Radio Norte","link":"https:\/\/radionorte.cl\/?cat=149"},"img":{"alt_text":"","src":"https:\/\/i0.wp.com\/radionorte.cl\/wp-content\/uploads\/2023\/01\/02-2.png?resize=350%2C200&ssl=1","width":350,"height":200,"srcset":"https:\/\/i0.wp.com\/radionorte.cl\/wp-content\/uploads\/2023\/01\/02-2.png?resize=350%2C200&ssl=1 1x, https:\/\/i0.wp.com\/radionorte.cl\/wp-content\/uploads\/2023\/01\/02-2.png?resize=525%2C300&ssl=1 1.5x, https:\/\/i0.wp.com\/radionorte.cl\/wp-content\/uploads\/2023\/01\/02-2.png?resize=700%2C400&ssl=1 2x, https:\/\/i0.wp.com\/radionorte.cl\/wp-content\/uploads\/2023\/01\/02-2.png?resize=1050%2C600&ssl=1 3x"},"classes":[]},{"id":641,"url":"https:\/\/radionorte.cl\/?p=641","url_meta":{"origin":527,"position":1},"title":"Parapentista sufre ca\u00edda en borde costero de Antofagasta","author":"carocklina","date":"Enero 23, 2023","format":false,"excerpt":"Cerca de las 15:00 horas de este domingo 22 de enero, la Central de Bomberos de Antofagasta despach\u00f3 unidades de rescate hasta el sector del cruce La Portada \u2013 Juan L\u00f3pez, por ca\u00edda de parapentista en el borde costero. Posteriormente, dos unidades m\u00e1s se sumaron en apoyo de la emergencia,\u2026","rel":"","context":"En &quot;Radio Norte&quot;","block_context":{"text":"Radio Norte","link":"https:\/\/radionorte.cl\/?cat=149"},"img":{"alt_text":"","src":"https:\/\/i0.wp.com\/radionorte.cl\/wp-content\/uploads\/2023\/01\/01-18.png?resize=350%2C200&ssl=1","width":350,"height":200,"srcset":"https:\/\/i0.wp.com\/radionorte.cl\/wp-content\/uploads\/2023\/01\/01-18.png?resize=350%2C200&ssl=1 1x, https:\/\/i0.wp.com\/radionorte.cl\/wp-content\/uploads\/2023\/01\/01-18.png?resize=525%2C300&ssl=1 1.5x, https:\/\/i0.wp.com\/radionorte.cl\/wp-content\/uploads\/2023\/01\/01-18.png?resize=700%2C400&ssl=1 2x"},"classes":[]},{"id":367,"url":"https:\/\/radionorte.cl\/?p=367","url_meta":{"origin":527,"position":2},"title":"Sandy D","author":"carocklina","date":"Febrero 26, 2022","format":false,"excerpt":"Soy titulada de profesora b\u00e1sica con un post t\u00edtulo en ingl\u00e9s, capaz de dejar todo de lado por la m\u00fasica, apasionada y con la concepci\u00f3n de que en el canto hay que encontrar una voz propia que te diferenciede los dem\u00e1s y as\u00ed abordar una canci\u00f3n como v\u00eda de expresi\u00f3n\u2026","rel":"","context":"En &quot;Radio Norte&quot;","block_context":{"text":"Radio Norte","link":"https:\/\/radionorte.cl\/?cat=149"},"img":{"alt_text":"","src":"https:\/\/i0.wp.com\/radionorte.cl\/wp-content\/uploads\/2022\/02\/sandy-1.jpg?fit=480%2C480&ssl=1&resize=350%2C200","width":350,"height":200},"classes":[]},{"id":586,"url":"https:\/\/radionorte.cl\/?p=586","url_meta":{"origin":527,"position":3},"title":"Calama: Operativo de limpieza en Yalquincha dej\u00f3 m\u00e1s de 12 toneladas de retiro de basura","author":"carocklina","date":"Enero 9, 2023","format":false,"excerpt":"Con el compromiso de mantener un oasis libre de contaminaci\u00f3n, el municipio de Calama trabaja en distintos puntos de la ciudad para mantener sus \u00e1reas verdes. Este fin de semana se realiz\u00f3 un nuevo operativo de limpieza en la ciudad de Calama, compromiso que el Alcalde Eliecer Chamorro Vargas contin\u00faa\u2026","rel":"","context":"En &quot;Radio Norte&quot;","block_context":{"text":"Radio Norte","link":"https:\/\/radionorte.cl\/?cat=149"},"img":{"alt_text":"","src":"https:\/\/i0.wp.com\/radionorte.cl\/wp-content\/uploads\/2023\/01\/01-7.png?fit=760%2C571&ssl=1&resize=350%2C200","width":350,"height":200,"srcset":"https:\/\/i0.wp.com\/radionorte.cl\/wp-content\/uploads\/2023\/01\/01-7.png?fit=760%2C571&ssl=1&resize=350%2C200 1x, https:\/\/i0.wp.com\/radionorte.cl\/wp-content\/uploads\/2023\/01\/01-7.png?fit=760%2C571&ssl=1&resize=525%2C300 1.5x, https:\/\/i0.wp.com\/radionorte.cl\/wp-content\/uploads\/2023\/01\/01-7.png?fit=760%2C571&ssl=1&resize=700%2C400 2x"},"classes":[]},{"id":452,"url":"https:\/\/radionorte.cl\/?p=452","url_meta":{"origin":527,"position":4},"title":"S\u00e1dica celebra sus 10 a\u00f1os en Teatro Municipal","author":"carocklina","date":"Septiembre 1, 2022","format":false,"excerpt":"Entradas se podr\u00e1n adquirir a trav\u00e9s de Ecopass.cl La banda antofagastina \u201cS\u00e1dica\u201d prepara concierto de aniversario en el Teatro Municipal de Antofagasta. Adem\u00e1s de los estrenos en vivo de los temas \u201cTr\u00e9mula y Salvaje\u201d y \u201cLa perdici\u00f3n\u201d S\u00e1dica es una banda de rock alternativo que lleva diez a\u00f1os en la\u2026","rel":"","context":"En &quot;Radio Norte&quot;","block_context":{"text":"Radio Norte","link":"https:\/\/radionorte.cl\/?cat=149"},"img":{"alt_text":"","src":"https:\/\/i0.wp.com\/radionorte.cl\/wp-content\/uploads\/2022\/09\/WhatsApp-Image-2022-09-01-at-09.48.28.jpeg?fit=960%2C640&ssl=1&resize=350%2C200","width":350,"height":200,"srcset":"https:\/\/i0.wp.com\/radionorte.cl\/wp-content\/uploads\/2022\/09\/WhatsApp-Image-2022-09-01-at-09.48.28.jpeg?fit=960%2C640&ssl=1&resize=350%2C200 1x, https:\/\/i0.wp.com\/radionorte.cl\/wp-content\/uploads\/2022\/09\/WhatsApp-Image-2022-09-01-at-09.48.28.jpeg?fit=960%2C640&ssl=1&resize=525%2C300 1.5x, https:\/\/i0.wp.com\/radionorte.cl\/wp-content\/uploads\/2022\/09\/WhatsApp-Image-2022-09-01-at-09.48.28.jpeg?fit=960%2C640&ssl=1&resize=700%2C400 2x"},"classes":[]},{"id":611,"url":"https:\/\/radionorte.cl\/?p=611","url_meta":{"origin":527,"position":5},"title":"Lanzan Plan de Verano con miras a la reactivaci\u00f3n de aprendizajes en ni\u00f1as, ni\u00f1os y adolescentes de la regi\u00f3n de Antofagasta","author":"carocklina","date":"Enero 12, 2023","format":false,"excerpt":"En las colonias escolares realizadas en el Colegio T\u00e9cnico Industrial Don Bosco de Antofagasta, el seremi de Educaci\u00f3n, Alberto Santander, junto al director regional de JUNAEB, H\u00e9ctor Andrade, hicieron el lanzamiento del Plan Verano 2023 del Ministerio de Educaci\u00f3n, una serie de actividades y acciones enmarcadas en el Plan de\u2026","rel":"","context":"En &quot;Radio Norte&quot;","block_context":{"text":"Radio Norte","link":"https:\/\/radionorte.cl\/?cat=149"},"img":{"alt_text":"","src":"https:\/\/i0.wp.com\/radionorte.cl\/wp-content\/uploads\/2023\/01\/01-10.png?fit=1068%2C801&ssl=1&resize=350%2C200","width":350,"height":200,"srcset":"https:\/\/i0.wp.com\/radionorte.cl\/wp-content\/uploads\/2023\/01\/01-10.png?fit=1068%2C801&ssl=1&resize=350%2C200 1x, https:\/\/i0.wp.com\/radionorte.cl\/wp-content\/uploads\/2023\/01\/01-10.png?fit=1068%2C801&ssl=1&resize=525%2C300 1.5x, https:\/\/i0.wp.com\/radionorte.cl\/wp-content\/uploads\/2023\/01\/01-10.png?fit=1068%2C801&ssl=1&resize=700%2C400 2x, https:\/\/i0.wp.com\/radionorte.cl\/wp-content\/uploads\/2023\/01\/01-10.png?fit=1068%2C801&ssl=1&resize=1050%2C600 3x"},"classes":[]}],"jetpack_sharing_enabled":true,"_links":{"self":[{"href":"https:\/\/radionorte.cl\/index.php?rest_route=\/wp\/v2\/posts\/527","targetHints":{"allow":["GET"]}}],"collection":[{"href":"https:\/\/radionorte.cl\/index.php?rest_route=\/wp\/v2\/posts"}],"about":[{"href":"https:\/\/radionorte.cl\/index.php?rest_route=\/wp\/v2\/types\/post"}],"author":[{"embeddable":true,"href":"https:\/\/radionorte.cl\/index.php?rest_route=\/wp\/v2\/users\/1"}],"replies":[{"embeddable":true,"href":"https:\/\/radionorte.cl\/index.php?rest_route=%2Fwp%2Fv2%2Fcomments&post=527"}],"version-history":[{"count":1,"href":"https:\/\/radionorte.cl\/index.php?rest_route=\/wp\/v2\/posts\/527\/revisions"}],"predecessor-version":[{"id":529,"href":"https:\/\/radionorte.cl\/index.php?rest_route=\/wp\/v2\/posts\/527\/revisions\/529"}],"wp:featuredmedia":[{"embeddable":true,"href":"https:\/\/radionorte.cl\/index.php?rest_route=\/wp\/v2\/media\/528"}],"wp:attachment":[{"href":"https:\/\/radionorte.cl\/index.php?rest_route=%2Fwp%2Fv2%2Fmedia&parent=527"}],"wp:term":[{"taxonomy":"category","embeddable":true,"href":"https:\/\/radionorte.cl\/index.php?rest_route=%2Fwp%2Fv2%2Fcategories&post=527"},{"taxonomy":"post_tag","embeddable":true,"href":"https:\/\/radionorte.cl\/index.php?rest_route=%2Fwp%2Fv2%2Ftags&post=527"}],"curies":[{"name":"wp","href":"https:\/\/api.w.org\/{rel}","templated":true}]}}