{"id":579,"date":"2023-01-07T20:40:36","date_gmt":"2023-01-07T20:40:36","guid":{"rendered":"https:\/\/radionorte.cl\/?p=579"},"modified":"2023-01-07T20:40:39","modified_gmt":"2023-01-07T20:40:39","slug":"robo-de-camioneta-en-calama-delincuente-fingio-ser-la-victima-para-evitar-su-detencion","status":"publish","type":"post","link":"https:\/\/radionorte.cl\/?p=579","title":{"rendered":"Robo de camioneta en Calama: Delincuente fingi\u00f3 ser la v\u00edctima para evitar su detenci\u00f3n"},"content":{"rendered":"\n<p>Durante la jornada de este s\u00e1bado se concret\u00f3 la detenci\u00f3n de un sujeto involucrado en el robo con violencia de una camioneta, ocurrido el pasado mi\u00e9rcoles 4 de enero, en la ciudad de Calama.<\/p>\n\n\n<div class=\"wp-block-image\">\n<figure class=\"aligncenter size-full\"><img data-recalc-dims=\"1\" loading=\"lazy\" decoding=\"async\" width=\"712\" height=\"380\" src=\"https:\/\/i0.wp.com\/radionorte.cl\/wp-content\/uploads\/2023\/01\/01-6.png?resize=712%2C380&#038;ssl=1\" alt=\"\" class=\"wp-image-580\" srcset=\"https:\/\/i0.wp.com\/radionorte.cl\/wp-content\/uploads\/2023\/01\/01-6.png?w=712&amp;ssl=1 712w, https:\/\/i0.wp.com\/radionorte.cl\/wp-content\/uploads\/2023\/01\/01-6.png?resize=300%2C160&amp;ssl=1 300w, https:\/\/i0.wp.com\/radionorte.cl\/wp-content\/uploads\/2023\/01\/01-6.png?resize=480%2C256&amp;ssl=1 480w\" sizes=\"auto, (max-width: 712px) 100vw, 712px\" \/><\/figure>\n<\/div>\n\n\n<p>Sobre este caso, ya se hab\u00edan detenido a tres personas, sin embargo, mediante las diligencias investigativas realizadas por la unidad especializada de Carabineros, SEBV de Calama, se esclareci\u00f3 la participaci\u00f3n de un cuarto integrante.<\/p>\n\n\n\n<p>No obstante, se llevaron una gran sorpresa al descubrir que la identidad del cuarto involucrado correspond\u00eda J.P.V., joven de 19 a\u00f1os, quien se hab\u00eda presentado la semana pasada como la v\u00edctima del violento asalto.<\/p>\n\n\n\n<p>Con estos antecedentes y en coordinaci\u00f3n con el Fiscal, se solicit\u00f3 la orden de detenci\u00f3n contra J.V.P., la cual se efectu\u00f3 durante la ma\u00f1ana de este s\u00e1bado 7 de enero, adem\u00e1s del allanamiento de su domicilio para buscar nuevas evidencias.<\/p>\n\n\n\n<p>En tanto, el imputado de 19 a\u00f1os, pasar\u00e1 a control de detenci\u00f3n en conjunto con los otros tres imputados, el d\u00eda domingo, ante el Juzgado de Garant\u00eda de Calama.<\/p>\n","protected":false},"excerpt":{"rendered":"<p>Durante la jornada de este s\u00e1bado se concret\u00f3 la detenci\u00f3n de un sujeto involucrado en el robo con violencia de una camioneta, ocurrido el pasado mi\u00e9rcoles 4 de enero, en la ciudad de Calama. Sobre este caso, ya se hab\u00edan detenido a tres personas, sin embargo, mediante las diligencias investigativas realizadas por la unidad especializada de Carabineros, SEBV de Calama, se esclareci\u00f3 la participaci\u00f3n de un cuarto integrante. No obstante, se llevaron una gran sorpresa al descubrir que la identidad del cuarto involucrado correspond\u00eda J.P.V., joven de 19 a\u00f1os, quien se hab\u00eda presentado la semana pasada como la v\u00edctima del violento asalto. Con estos antecedentes y en coordinaci\u00f3n con el Fiscal, se solicit\u00f3 la orden de detenci\u00f3n contra J.V.P., la cual se efectu\u00f3 durante la ma\u00f1ana de este s\u00e1bado 7 de enero, adem\u00e1s del allanamiento de su domicilio para buscar nuevas evidencias. En tanto, el imputado de 19 a\u00f1os, pasar\u00e1 a control de detenci\u00f3n en conjunto con los otros tres imputados, el d\u00eda domingo, ante el Juzgado de Garant\u00eda de Calama.<\/p>\n","protected":false},"author":1,"featured_media":580,"comment_status":"open","ping_status":"open","sticky":false,"template":"","format":"standard","meta":{"_jetpack_memberships_contains_paid_content":false,"footnotes":""},"categories":[149],"tags":[67,105,104],"class_list":["post-579","post","type-post","status-publish","format-standard","has-post-thumbnail","hentry","category-escucha-online-aqui","tag-calama","tag-delincuencia","tag-robo"],"yoast_head":"<!-- This site is optimized with the Yoast SEO plugin v27.5 - https:\/\/yoast.com\/product\/yoast-seo-wordpress\/ -->\n<title>Robo de camioneta en Calama: Delincuente fingi\u00f3 ser la v\u00edctima para evitar su detenci\u00f3n -<\/title>\n<meta name=\"robots\" content=\"index, follow, max-snippet:-1, max-image-preview:large, max-video-preview:-1\" \/>\n<link rel=\"canonical\" href=\"https:\/\/radionorte.cl\/?p=579\" \/>\n<meta property=\"og:locale\" content=\"es_ES\" \/>\n<meta property=\"og:type\" content=\"article\" \/>\n<meta property=\"og:title\" content=\"Robo de camioneta en Calama: Delincuente fingi\u00f3 ser la v\u00edctima para evitar su detenci\u00f3n -\" \/>\n<meta property=\"og:description\" content=\"Durante la jornada de este s\u00e1bado se concret\u00f3 la detenci\u00f3n de un sujeto involucrado en el robo con violencia de una camioneta, ocurrido el pasado mi\u00e9rcoles 4 de enero, en la ciudad de Calama. Sobre este caso, ya se hab\u00edan detenido a tres personas, sin embargo, mediante las diligencias investigativas realizadas por la unidad especializada de Carabineros, SEBV de Calama, se esclareci\u00f3 la participaci\u00f3n de un cuarto integrante. No obstante, se llevaron una gran sorpresa al descubrir que la identidad del cuarto involucrado correspond\u00eda J.P.V., joven de 19 a\u00f1os, quien se hab\u00eda presentado la semana pasada como la v\u00edctima del violento asalto. Con estos antecedentes y en coordinaci\u00f3n con el Fiscal, se solicit\u00f3 la orden de detenci\u00f3n contra J.V.P., la cual se efectu\u00f3 durante la ma\u00f1ana de este s\u00e1bado 7 de enero, adem\u00e1s del allanamiento de su domicilio para buscar nuevas evidencias. En tanto, el imputado de 19 a\u00f1os, pasar\u00e1 a control de detenci\u00f3n en conjunto con los otros tres imputados, el d\u00eda domingo, ante el Juzgado de Garant\u00eda de Calama.\" \/>\n<meta property=\"og:url\" content=\"https:\/\/radionorte.cl\/?p=579\" \/>\n<meta property=\"article:published_time\" content=\"2023-01-07T20:40:36+00:00\" \/>\n<meta property=\"article:modified_time\" content=\"2023-01-07T20:40:39+00:00\" \/>\n<meta property=\"og:image\" content=\"http:\/\/radionorte.cl\/wp-content\/uploads\/2023\/01\/01-6.png\" \/>\n\t<meta property=\"og:image:width\" content=\"712\" \/>\n\t<meta property=\"og:image:height\" content=\"380\" \/>\n\t<meta property=\"og:image:type\" content=\"image\/png\" \/>\n<meta name=\"author\" content=\"carocklina\" \/>\n<meta name=\"twitter:card\" content=\"summary_large_image\" \/>\n<meta name=\"twitter:label1\" content=\"Escrito por\" \/>\n\t<meta name=\"twitter:data1\" content=\"carocklina\" \/>\n\t<meta name=\"twitter:label2\" content=\"Tiempo estimado de lectura\" \/>\n\t<meta name=\"twitter:data2\" content=\"1 minuto\" \/>\n<script type=\"application\/ld+json\" class=\"yoast-schema-graph\">{\"@context\":\"https:\\\/\\\/schema.org\",\"@graph\":[{\"@type\":\"Article\",\"@id\":\"https:\\\/\\\/radionorte.cl\\\/?p=579#article\",\"isPartOf\":{\"@id\":\"https:\\\/\\\/radionorte.cl\\\/?p=579\"},\"author\":{\"name\":\"carocklina\",\"@id\":\"https:\\\/\\\/radionorte.cl\\\/#\\\/schema\\\/person\\\/baacf6923dce8651ca2587cbf14dbef2\"},\"headline\":\"Robo de camioneta en Calama: Delincuente fingi\u00f3 ser la v\u00edctima para evitar su detenci\u00f3n\",\"datePublished\":\"2023-01-07T20:40:36+00:00\",\"dateModified\":\"2023-01-07T20:40:39+00:00\",\"mainEntityOfPage\":{\"@id\":\"https:\\\/\\\/radionorte.cl\\\/?p=579\"},\"wordCount\":205,\"commentCount\":0,\"image\":{\"@id\":\"https:\\\/\\\/radionorte.cl\\\/?p=579#primaryimage\"},\"thumbnailUrl\":\"https:\\\/\\\/i0.wp.com\\\/radionorte.cl\\\/wp-content\\\/uploads\\\/2023\\\/01\\\/01-6.png?fit=712%2C380&ssl=1\",\"keywords\":[\"Calama\",\"Delincuencia\",\"Robo\"],\"articleSection\":[\"Radio Norte\"],\"inLanguage\":\"es-CL\",\"potentialAction\":[{\"@type\":\"CommentAction\",\"name\":\"Comment\",\"target\":[\"https:\\\/\\\/radionorte.cl\\\/?p=579#respond\"]}]},{\"@type\":\"WebPage\",\"@id\":\"https:\\\/\\\/radionorte.cl\\\/?p=579\",\"url\":\"https:\\\/\\\/radionorte.cl\\\/?p=579\",\"name\":\"Robo de camioneta en Calama: Delincuente fingi\u00f3 ser la v\u00edctima para evitar su detenci\u00f3n -\",\"isPartOf\":{\"@id\":\"https:\\\/\\\/radionorte.cl\\\/#website\"},\"primaryImageOfPage\":{\"@id\":\"https:\\\/\\\/radionorte.cl\\\/?p=579#primaryimage\"},\"image\":{\"@id\":\"https:\\\/\\\/radionorte.cl\\\/?p=579#primaryimage\"},\"thumbnailUrl\":\"https:\\\/\\\/i0.wp.com\\\/radionorte.cl\\\/wp-content\\\/uploads\\\/2023\\\/01\\\/01-6.png?fit=712%2C380&ssl=1\",\"datePublished\":\"2023-01-07T20:40:36+00:00\",\"dateModified\":\"2023-01-07T20:40:39+00:00\",\"author\":{\"@id\":\"https:\\\/\\\/radionorte.cl\\\/#\\\/schema\\\/person\\\/baacf6923dce8651ca2587cbf14dbef2\"},\"breadcrumb\":{\"@id\":\"https:\\\/\\\/radionorte.cl\\\/?p=579#breadcrumb\"},\"inLanguage\":\"es-CL\",\"potentialAction\":[{\"@type\":\"ReadAction\",\"target\":[\"https:\\\/\\\/radionorte.cl\\\/?p=579\"]}]},{\"@type\":\"ImageObject\",\"inLanguage\":\"es-CL\",\"@id\":\"https:\\\/\\\/radionorte.cl\\\/?p=579#primaryimage\",\"url\":\"https:\\\/\\\/i0.wp.com\\\/radionorte.cl\\\/wp-content\\\/uploads\\\/2023\\\/01\\\/01-6.png?fit=712%2C380&ssl=1\",\"contentUrl\":\"https:\\\/\\\/i0.wp.com\\\/radionorte.cl\\\/wp-content\\\/uploads\\\/2023\\\/01\\\/01-6.png?fit=712%2C380&ssl=1\",\"width\":712,\"height\":380},{\"@type\":\"BreadcrumbList\",\"@id\":\"https:\\\/\\\/radionorte.cl\\\/?p=579#breadcrumb\",\"itemListElement\":[{\"@type\":\"ListItem\",\"position\":1,\"name\":\"Home\",\"item\":\"https:\\\/\\\/radionorte.cl\\\/\"},{\"@type\":\"ListItem\",\"position\":2,\"name\":\"Robo de camioneta en Calama: Delincuente fingi\u00f3 ser la v\u00edctima para evitar su detenci\u00f3n\"}]},{\"@type\":\"WebSite\",\"@id\":\"https:\\\/\\\/radionorte.cl\\\/#website\",\"url\":\"https:\\\/\\\/radionorte.cl\\\/\",\"name\":\"\",\"description\":\"\",\"potentialAction\":[{\"@type\":\"SearchAction\",\"target\":{\"@type\":\"EntryPoint\",\"urlTemplate\":\"https:\\\/\\\/radionorte.cl\\\/?s={search_term_string}\"},\"query-input\":{\"@type\":\"PropertyValueSpecification\",\"valueRequired\":true,\"valueName\":\"search_term_string\"}}],\"inLanguage\":\"es-CL\"},{\"@type\":\"Person\",\"@id\":\"https:\\\/\\\/radionorte.cl\\\/#\\\/schema\\\/person\\\/baacf6923dce8651ca2587cbf14dbef2\",\"name\":\"carocklina\",\"image\":{\"@type\":\"ImageObject\",\"inLanguage\":\"es-CL\",\"@id\":\"https:\\\/\\\/secure.gravatar.com\\\/avatar\\\/9edc52d7207ebb4d2bce985a253a7e2e313a7e3ced068ec36b73c76301b89836?s=96&d=mm&r=g\",\"url\":\"https:\\\/\\\/secure.gravatar.com\\\/avatar\\\/9edc52d7207ebb4d2bce985a253a7e2e313a7e3ced068ec36b73c76301b89836?s=96&d=mm&r=g\",\"contentUrl\":\"https:\\\/\\\/secure.gravatar.com\\\/avatar\\\/9edc52d7207ebb4d2bce985a253a7e2e313a7e3ced068ec36b73c76301b89836?s=96&d=mm&r=g\",\"caption\":\"carocklina\"},\"sameAs\":[\"http:\\\/\\\/radionorte.cl\"],\"url\":\"https:\\\/\\\/radionorte.cl\\\/?author=1\"}]}<\/script>\n<!-- \/ Yoast SEO plugin. -->","yoast_head_json":{"title":"Robo de camioneta en Calama: Delincuente fingi\u00f3 ser la v\u00edctima para evitar su detenci\u00f3n -","robots":{"index":"index","follow":"follow","max-snippet":"max-snippet:-1","max-image-preview":"max-image-preview:large","max-video-preview":"max-video-preview:-1"},"canonical":"https:\/\/radionorte.cl\/?p=579","og_locale":"es_ES","og_type":"article","og_title":"Robo de camioneta en Calama: Delincuente fingi\u00f3 ser la v\u00edctima para evitar su detenci\u00f3n -","og_description":"Durante la jornada de este s\u00e1bado se concret\u00f3 la detenci\u00f3n de un sujeto involucrado en el robo con violencia de una camioneta, ocurrido el pasado mi\u00e9rcoles 4 de enero, en la ciudad de Calama. Sobre este caso, ya se hab\u00edan detenido a tres personas, sin embargo, mediante las diligencias investigativas realizadas por la unidad especializada de Carabineros, SEBV de Calama, se esclareci\u00f3 la participaci\u00f3n de un cuarto integrante. No obstante, se llevaron una gran sorpresa al descubrir que la identidad del cuarto involucrado correspond\u00eda J.P.V., joven de 19 a\u00f1os, quien se hab\u00eda presentado la semana pasada como la v\u00edctima del violento asalto. Con estos antecedentes y en coordinaci\u00f3n con el Fiscal, se solicit\u00f3 la orden de detenci\u00f3n contra J.V.P., la cual se efectu\u00f3 durante la ma\u00f1ana de este s\u00e1bado 7 de enero, adem\u00e1s del allanamiento de su domicilio para buscar nuevas evidencias. En tanto, el imputado de 19 a\u00f1os, pasar\u00e1 a control de detenci\u00f3n en conjunto con los otros tres imputados, el d\u00eda domingo, ante el Juzgado de Garant\u00eda de Calama.","og_url":"https:\/\/radionorte.cl\/?p=579","article_published_time":"2023-01-07T20:40:36+00:00","article_modified_time":"2023-01-07T20:40:39+00:00","og_image":[{"width":712,"height":380,"url":"http:\/\/radionorte.cl\/wp-content\/uploads\/2023\/01\/01-6.png","type":"image\/png"}],"author":"carocklina","twitter_card":"summary_large_image","twitter_misc":{"Escrito por":"carocklina","Tiempo estimado de lectura":"1 minuto"},"schema":{"@context":"https:\/\/schema.org","@graph":[{"@type":"Article","@id":"https:\/\/radionorte.cl\/?p=579#article","isPartOf":{"@id":"https:\/\/radionorte.cl\/?p=579"},"author":{"name":"carocklina","@id":"https:\/\/radionorte.cl\/#\/schema\/person\/baacf6923dce8651ca2587cbf14dbef2"},"headline":"Robo de camioneta en Calama: Delincuente fingi\u00f3 ser la v\u00edctima para evitar su detenci\u00f3n","datePublished":"2023-01-07T20:40:36+00:00","dateModified":"2023-01-07T20:40:39+00:00","mainEntityOfPage":{"@id":"https:\/\/radionorte.cl\/?p=579"},"wordCount":205,"commentCount":0,"image":{"@id":"https:\/\/radionorte.cl\/?p=579#primaryimage"},"thumbnailUrl":"https:\/\/i0.wp.com\/radionorte.cl\/wp-content\/uploads\/2023\/01\/01-6.png?fit=712%2C380&ssl=1","keywords":["Calama","Delincuencia","Robo"],"articleSection":["Radio Norte"],"inLanguage":"es-CL","potentialAction":[{"@type":"CommentAction","name":"Comment","target":["https:\/\/radionorte.cl\/?p=579#respond"]}]},{"@type":"WebPage","@id":"https:\/\/radionorte.cl\/?p=579","url":"https:\/\/radionorte.cl\/?p=579","name":"Robo de camioneta en Calama: Delincuente fingi\u00f3 ser la v\u00edctima para evitar su detenci\u00f3n -","isPartOf":{"@id":"https:\/\/radionorte.cl\/#website"},"primaryImageOfPage":{"@id":"https:\/\/radionorte.cl\/?p=579#primaryimage"},"image":{"@id":"https:\/\/radionorte.cl\/?p=579#primaryimage"},"thumbnailUrl":"https:\/\/i0.wp.com\/radionorte.cl\/wp-content\/uploads\/2023\/01\/01-6.png?fit=712%2C380&ssl=1","datePublished":"2023-01-07T20:40:36+00:00","dateModified":"2023-01-07T20:40:39+00:00","author":{"@id":"https:\/\/radionorte.cl\/#\/schema\/person\/baacf6923dce8651ca2587cbf14dbef2"},"breadcrumb":{"@id":"https:\/\/radionorte.cl\/?p=579#breadcrumb"},"inLanguage":"es-CL","potentialAction":[{"@type":"ReadAction","target":["https:\/\/radionorte.cl\/?p=579"]}]},{"@type":"ImageObject","inLanguage":"es-CL","@id":"https:\/\/radionorte.cl\/?p=579#primaryimage","url":"https:\/\/i0.wp.com\/radionorte.cl\/wp-content\/uploads\/2023\/01\/01-6.png?fit=712%2C380&ssl=1","contentUrl":"https:\/\/i0.wp.com\/radionorte.cl\/wp-content\/uploads\/2023\/01\/01-6.png?fit=712%2C380&ssl=1","width":712,"height":380},{"@type":"BreadcrumbList","@id":"https:\/\/radionorte.cl\/?p=579#breadcrumb","itemListElement":[{"@type":"ListItem","position":1,"name":"Home","item":"https:\/\/radionorte.cl\/"},{"@type":"ListItem","position":2,"name":"Robo de camioneta en Calama: Delincuente fingi\u00f3 ser la v\u00edctima para evitar su detenci\u00f3n"}]},{"@type":"WebSite","@id":"https:\/\/radionorte.cl\/#website","url":"https:\/\/radionorte.cl\/","name":"","description":"","potentialAction":[{"@type":"SearchAction","target":{"@type":"EntryPoint","urlTemplate":"https:\/\/radionorte.cl\/?s={search_term_string}"},"query-input":{"@type":"PropertyValueSpecification","valueRequired":true,"valueName":"search_term_string"}}],"inLanguage":"es-CL"},{"@type":"Person","@id":"https:\/\/radionorte.cl\/#\/schema\/person\/baacf6923dce8651ca2587cbf14dbef2","name":"carocklina","image":{"@type":"ImageObject","inLanguage":"es-CL","@id":"https:\/\/secure.gravatar.com\/avatar\/9edc52d7207ebb4d2bce985a253a7e2e313a7e3ced068ec36b73c76301b89836?s=96&d=mm&r=g","url":"https:\/\/secure.gravatar.com\/avatar\/9edc52d7207ebb4d2bce985a253a7e2e313a7e3ced068ec36b73c76301b89836?s=96&d=mm&r=g","contentUrl":"https:\/\/secure.gravatar.com\/avatar\/9edc52d7207ebb4d2bce985a253a7e2e313a7e3ced068ec36b73c76301b89836?s=96&d=mm&r=g","caption":"carocklina"},"sameAs":["http:\/\/radionorte.cl"],"url":"https:\/\/radionorte.cl\/?author=1"}]}},"jetpack_featured_media_url":"https:\/\/i0.wp.com\/radionorte.cl\/wp-content\/uploads\/2023\/01\/01-6.png?fit=712%2C380&ssl=1","jetpack-related-posts":[{"id":593,"url":"https:\/\/radionorte.cl\/?p=593","url_meta":{"origin":579,"position":0},"title":"Calama: Recuperan autom\u00f3vil robado en Santiago y detienen a una persona imputada por Receptaci\u00f3n","author":"carocklina","date":"Enero 11, 2023","format":false,"excerpt":"Detectives de la Brigada Investigadora de Robos Calama, en coordinaci\u00f3n con la Fiscal\u00eda Local, lograron la detenci\u00f3n flagrante de una persona a quien se le imputa el delito de Receptaci\u00f3n de Veh\u00edculo Motorizado y portar una patente falsa. El hecho se inici\u00f3 en los estacionamientos de un supermercado, cuando los\u2026","rel":"","context":"En &quot;Radio Norte&quot;","block_context":{"text":"Radio Norte","link":"https:\/\/radionorte.cl\/?cat=149"},"img":{"alt_text":"","src":"https:\/\/i0.wp.com\/radionorte.cl\/wp-content\/uploads\/2023\/01\/01-9.png?fit=765%2C500&ssl=1&resize=350%2C200","width":350,"height":200,"srcset":"https:\/\/i0.wp.com\/radionorte.cl\/wp-content\/uploads\/2023\/01\/01-9.png?fit=765%2C500&ssl=1&resize=350%2C200 1x, https:\/\/i0.wp.com\/radionorte.cl\/wp-content\/uploads\/2023\/01\/01-9.png?fit=765%2C500&ssl=1&resize=525%2C300 1.5x, https:\/\/i0.wp.com\/radionorte.cl\/wp-content\/uploads\/2023\/01\/01-9.png?fit=765%2C500&ssl=1&resize=700%2C400 2x"},"classes":[]},{"id":676,"url":"https:\/\/radionorte.cl\/?p=676","url_meta":{"origin":579,"position":1},"title":"Operativo en Calama concluy\u00f3 con 31 detenidos","author":"carocklina","date":"Febrero 4, 2023","format":false,"excerpt":"Durante cuatro d\u00edas se desarrollaron rondas por el personal de Carabineros de Calama y la patrulla Centauro de Antofagasta, dejando 31 detenidos, de los cuales doce son por mantener \u00f3rdenes vigentes y el resto por diversos delitos como porte de elementos para cometer, porte de arma blanca, robo en lugar\u2026","rel":"","context":"En &quot;Radio Norte&quot;","block_context":{"text":"Radio Norte","link":"https:\/\/radionorte.cl\/?cat=149"},"img":{"alt_text":"","src":"https:\/\/i0.wp.com\/radionorte.cl\/wp-content\/uploads\/2023\/02\/01-3.png?fit=1200%2C797&ssl=1&resize=350%2C200","width":350,"height":200,"srcset":"https:\/\/i0.wp.com\/radionorte.cl\/wp-content\/uploads\/2023\/02\/01-3.png?fit=1200%2C797&ssl=1&resize=350%2C200 1x, https:\/\/i0.wp.com\/radionorte.cl\/wp-content\/uploads\/2023\/02\/01-3.png?fit=1200%2C797&ssl=1&resize=525%2C300 1.5x, https:\/\/i0.wp.com\/radionorte.cl\/wp-content\/uploads\/2023\/02\/01-3.png?fit=1200%2C797&ssl=1&resize=700%2C400 2x, https:\/\/i0.wp.com\/radionorte.cl\/wp-content\/uploads\/2023\/02\/01-3.png?fit=1200%2C797&ssl=1&resize=1050%2C600 3x"},"classes":[]},{"id":464,"url":"https:\/\/radionorte.cl\/?p=464","url_meta":{"origin":579,"position":2},"title":"En Calama detienen a sujeto buscado internacionalmente por almacenar material pornogr\u00e1fico infantil","author":"carocklina","date":"Diciembre 28, 2022","format":false,"excerpt":"Personal de la Brigada de Investigaci\u00f3n Calama de la PDI junto a analistas de la Oficina de An\u00e1lisis Criminal Calama y coordinados por el fiscal Ra\u00fal Marabol\u00ed Salas, detuvieron a una persona de 28 a\u00f1os, a quien se le imputa el delito flagrante de Almacenamiento de Material Pornogr\u00e1fico Infantil, quien\u2026","rel":"","context":"En &quot;Radio Norte&quot;","block_context":{"text":"Radio Norte","link":"https:\/\/radionorte.cl\/?cat=149"},"img":{"alt_text":"","src":"https:\/\/i0.wp.com\/radionorte.cl\/wp-content\/uploads\/2022\/12\/01.png?fit=1200%2C633&ssl=1&resize=350%2C200","width":350,"height":200,"srcset":"https:\/\/i0.wp.com\/radionorte.cl\/wp-content\/uploads\/2022\/12\/01.png?fit=1200%2C633&ssl=1&resize=350%2C200 1x, https:\/\/i0.wp.com\/radionorte.cl\/wp-content\/uploads\/2022\/12\/01.png?fit=1200%2C633&ssl=1&resize=525%2C300 1.5x, https:\/\/i0.wp.com\/radionorte.cl\/wp-content\/uploads\/2022\/12\/01.png?fit=1200%2C633&ssl=1&resize=700%2C400 2x, https:\/\/i0.wp.com\/radionorte.cl\/wp-content\/uploads\/2022\/12\/01.png?fit=1200%2C633&ssl=1&resize=1050%2C600 3x"},"classes":[]},{"id":494,"url":"https:\/\/radionorte.cl\/?p=494","url_meta":{"origin":579,"position":3},"title":"Rescatan a perrita y sus cuatro cachorros en Calama: Habr\u00edan hecho madriguera para resguardarse","author":"carocklina","date":"Diciembre 31, 2022","format":false,"excerpt":"Una perrita y sus cuatro cachorros fueron rescatados desde una madriguera debajo del pavimento, afuera del Registro Civil de la ciudad de Calama. Seg\u00fan inform\u00f3 el voluntario Jhony Bustamante, en conversaci\u00f3n con ATV, la 1\u00b0 Compa\u00f1\u00eda de Bomberos de Calama recibi\u00f3 el llamado pasada las 15:00 horas del viernes 30\u2026","rel":"","context":"En &quot;Radio Norte&quot;","block_context":{"text":"Radio Norte","link":"https:\/\/radionorte.cl\/?cat=149"},"img":{"alt_text":"","src":"https:\/\/i0.wp.com\/radionorte.cl\/wp-content\/uploads\/2022\/12\/01-4.png?fit=1068%2C572&ssl=1&resize=350%2C200","width":350,"height":200,"srcset":"https:\/\/i0.wp.com\/radionorte.cl\/wp-content\/uploads\/2022\/12\/01-4.png?fit=1068%2C572&ssl=1&resize=350%2C200 1x, https:\/\/i0.wp.com\/radionorte.cl\/wp-content\/uploads\/2022\/12\/01-4.png?fit=1068%2C572&ssl=1&resize=525%2C300 1.5x, https:\/\/i0.wp.com\/radionorte.cl\/wp-content\/uploads\/2022\/12\/01-4.png?fit=1068%2C572&ssl=1&resize=700%2C400 2x, https:\/\/i0.wp.com\/radionorte.cl\/wp-content\/uploads\/2022\/12\/01-4.png?fit=1068%2C572&ssl=1&resize=1050%2C600 3x"},"classes":[]},{"id":586,"url":"https:\/\/radionorte.cl\/?p=586","url_meta":{"origin":579,"position":4},"title":"Calama: Operativo de limpieza en Yalquincha dej\u00f3 m\u00e1s de 12 toneladas de retiro de basura","author":"carocklina","date":"Enero 9, 2023","format":false,"excerpt":"Con el compromiso de mantener un oasis libre de contaminaci\u00f3n, el municipio de Calama trabaja en distintos puntos de la ciudad para mantener sus \u00e1reas verdes. Este fin de semana se realiz\u00f3 un nuevo operativo de limpieza en la ciudad de Calama, compromiso que el Alcalde Eliecer Chamorro Vargas contin\u00faa\u2026","rel":"","context":"En &quot;Radio Norte&quot;","block_context":{"text":"Radio Norte","link":"https:\/\/radionorte.cl\/?cat=149"},"img":{"alt_text":"","src":"https:\/\/i0.wp.com\/radionorte.cl\/wp-content\/uploads\/2023\/01\/01-7.png?fit=760%2C571&ssl=1&resize=350%2C200","width":350,"height":200,"srcset":"https:\/\/i0.wp.com\/radionorte.cl\/wp-content\/uploads\/2023\/01\/01-7.png?fit=760%2C571&ssl=1&resize=350%2C200 1x, https:\/\/i0.wp.com\/radionorte.cl\/wp-content\/uploads\/2023\/01\/01-7.png?fit=760%2C571&ssl=1&resize=525%2C300 1.5x, https:\/\/i0.wp.com\/radionorte.cl\/wp-content\/uploads\/2023\/01\/01-7.png?fit=760%2C571&ssl=1&resize=700%2C400 2x"},"classes":[]},{"id":312,"url":"https:\/\/radionorte.cl\/?p=312","url_meta":{"origin":579,"position":5},"title":"Chocolater\u00eda SantiD\u00e1n","author":"carocklina","date":"Febrero 10, 2022","format":false,"excerpt":"Regalos artesanales para toda ocasi\u00f3n. Nos encargamos de que sea un detalle especial para quien m\u00e1s quieres, de forma personalizada y original. \u2013 Tel\u00e9fonos: +56994771158-+56998664718 Correo: chocolateriasantidan@gmail.com Facebook: https:\/\/www.facebook.com\/chocolatesSantiDan\/ Calama","rel":"","context":"En &quot;Radio Norte&quot;","block_context":{"text":"Radio Norte","link":"https:\/\/radionorte.cl\/?cat=149"},"img":{"alt_text":"","src":"https:\/\/i0.wp.com\/radionorte.cl\/wp-content\/uploads\/2022\/02\/WhatsApp-Image-2022-02-07-at-06.35.31-2.jpeg?fit=1080%2C675&ssl=1&resize=350%2C200","width":350,"height":200,"srcset":"https:\/\/i0.wp.com\/radionorte.cl\/wp-content\/uploads\/2022\/02\/WhatsApp-Image-2022-02-07-at-06.35.31-2.jpeg?fit=1080%2C675&ssl=1&resize=350%2C200 1x, https:\/\/i0.wp.com\/radionorte.cl\/wp-content\/uploads\/2022\/02\/WhatsApp-Image-2022-02-07-at-06.35.31-2.jpeg?fit=1080%2C675&ssl=1&resize=525%2C300 1.5x, https:\/\/i0.wp.com\/radionorte.cl\/wp-content\/uploads\/2022\/02\/WhatsApp-Image-2022-02-07-at-06.35.31-2.jpeg?fit=1080%2C675&ssl=1&resize=700%2C400 2x, https:\/\/i0.wp.com\/radionorte.cl\/wp-content\/uploads\/2022\/02\/WhatsApp-Image-2022-02-07-at-06.35.31-2.jpeg?fit=1080%2C675&ssl=1&resize=1050%2C600 3x"},"classes":[]}],"jetpack_sharing_enabled":true,"_links":{"self":[{"href":"https:\/\/radionorte.cl\/index.php?rest_route=\/wp\/v2\/posts\/579","targetHints":{"allow":["GET"]}}],"collection":[{"href":"https:\/\/radionorte.cl\/index.php?rest_route=\/wp\/v2\/posts"}],"about":[{"href":"https:\/\/radionorte.cl\/index.php?rest_route=\/wp\/v2\/types\/post"}],"author":[{"embeddable":true,"href":"https:\/\/radionorte.cl\/index.php?rest_route=\/wp\/v2\/users\/1"}],"replies":[{"embeddable":true,"href":"https:\/\/radionorte.cl\/index.php?rest_route=%2Fwp%2Fv2%2Fcomments&post=579"}],"version-history":[{"count":1,"href":"https:\/\/radionorte.cl\/index.php?rest_route=\/wp\/v2\/posts\/579\/revisions"}],"predecessor-version":[{"id":581,"href":"https:\/\/radionorte.cl\/index.php?rest_route=\/wp\/v2\/posts\/579\/revisions\/581"}],"wp:featuredmedia":[{"embeddable":true,"href":"https:\/\/radionorte.cl\/index.php?rest_route=\/wp\/v2\/media\/580"}],"wp:attachment":[{"href":"https:\/\/radionorte.cl\/index.php?rest_route=%2Fwp%2Fv2%2Fmedia&parent=579"}],"wp:term":[{"taxonomy":"category","embeddable":true,"href":"https:\/\/radionorte.cl\/index.php?rest_route=%2Fwp%2Fv2%2Fcategories&post=579"},{"taxonomy":"post_tag","embeddable":true,"href":"https:\/\/radionorte.cl\/index.php?rest_route=%2Fwp%2Fv2%2Ftags&post=579"}],"curies":[{"name":"wp","href":"https:\/\/api.w.org\/{rel}","templated":true}]}}