{"id":586,"date":"2023-01-09T21:34:56","date_gmt":"2023-01-09T21:34:56","guid":{"rendered":"https:\/\/radionorte.cl\/?p=586"},"modified":"2023-01-09T21:34:57","modified_gmt":"2023-01-09T21:34:57","slug":"calama-operativo-de-limpieza-en-yalquincha-dejo-mas-de-12-toneladas-de-retiro-de-basura","status":"publish","type":"post","link":"https:\/\/radionorte.cl\/?p=586","title":{"rendered":"Calama: Operativo de limpieza en Yalquincha dej\u00f3 m\u00e1s de 12 toneladas de retiro de basura"},"content":{"rendered":"\n<p>Con el compromiso de mantener un oasis libre de contaminaci\u00f3n, el municipio de Calama trabaja en distintos puntos de la ciudad para mantener sus \u00e1reas verdes.<\/p>\n\n\n<div class=\"wp-block-image\">\n<figure class=\"aligncenter size-full\"><img data-recalc-dims=\"1\" loading=\"lazy\" decoding=\"async\" width=\"760\" height=\"571\" src=\"https:\/\/i0.wp.com\/radionorte.cl\/wp-content\/uploads\/2023\/01\/01-7.png?resize=760%2C571&#038;ssl=1\" alt=\"\" class=\"wp-image-587\" srcset=\"https:\/\/i0.wp.com\/radionorte.cl\/wp-content\/uploads\/2023\/01\/01-7.png?w=760&amp;ssl=1 760w, https:\/\/i0.wp.com\/radionorte.cl\/wp-content\/uploads\/2023\/01\/01-7.png?resize=300%2C225&amp;ssl=1 300w\" sizes=\"auto, (max-width: 760px) 100vw, 760px\" \/><\/figure>\n<\/div>\n\n\n<p>Este fin de semana se realiz\u00f3 un nuevo operativo de limpieza en la ciudad de Calama, compromiso que el Alcalde Eliecer Chamorro Vargas contin\u00faa trabajando a trav\u00e9s de la Unidad de Medio Ambiente (Dimao) de la Municipalidad de Calama, esta vez, se cont\u00f3 con el apoyo de las comunidades atacame\u00f1as de Yalquincha y la Red Calama Sustentable, abarcando desde el puente de Yalquincha hasta el sector ca\u00f1er\u00edas correspondiente a aguas Antofagasta (1km y \u00bd aprox), es as\u00ed como se retir\u00f3 cerca de 12 toneladas de basura (2 bateas llenas y 4 maxi sacos) correspondiente s\u00f3lo en este sector.<\/p>\n\n\n\n<p>Yery Luza, jefe del Departamento de Medio Ambiente de la Municipalidad de Calama, hace un llamado a \u201clas comunidades que defienden este valle a participar de este tipo de operativos de limpieza, ya que eso los acerca a lo que es la conciencia ambiental y protecci\u00f3n de esta zona\u201d, enfatizando adem\u00e1s a \u201cla gente que ocupa estos espacios, se lleve la basura a su casa y no deje basura en el valle de Yalquincha\u201d.<\/p>\n\n\n\n<p>El operativo adem\u00e1s cont\u00f3 con la presencia de las profesionales expertas en flora, fauna y ecolog\u00eda, Francisca Oliva y Francisca Labra, quienes apoyaron con el levantamiento de informaci\u00f3n del sector, as\u00ed tambi\u00e9n entregaron informaci\u00f3n a todos los voluntarios que a trav\u00e9s de charlas en terreno, el mismo d\u00eda del operativo, los cuales, se continuar\u00e1n realizando en distintos puntos de la comuna.<\/p>\n","protected":false},"excerpt":{"rendered":"<p>Con el compromiso de mantener un oasis libre de contaminaci\u00f3n, el municipio de Calama trabaja en distintos puntos de la ciudad para mantener sus \u00e1reas verdes. Este fin de semana se realiz\u00f3 un nuevo operativo de limpieza en la ciudad de Calama, compromiso que el Alcalde Eliecer Chamorro Vargas contin\u00faa trabajando a trav\u00e9s de la Unidad de Medio Ambiente (Dimao) de la Municipalidad de Calama, esta vez, se cont\u00f3 con el apoyo de las comunidades atacame\u00f1as de Yalquincha y la Red Calama Sustentable, abarcando desde el puente de Yalquincha hasta el sector ca\u00f1er\u00edas correspondiente a aguas Antofagasta (1km y \u00bd aprox), es as\u00ed como se retir\u00f3 cerca de 12 toneladas de basura (2 bateas llenas y 4 maxi sacos) correspondiente s\u00f3lo en este sector. Yery Luza, jefe del Departamento de Medio Ambiente de la Municipalidad de Calama, hace un llamado a \u201clas comunidades que defienden este valle a participar de este tipo de operativos de limpieza, ya que eso los acerca a lo que es la conciencia ambiental y protecci\u00f3n de esta zona\u201d, enfatizando adem\u00e1s a \u201cla gente que ocupa estos espacios, se lleve la basura a su casa y no deje basura en el valle de Yalquincha\u201d. El operativo adem\u00e1s cont\u00f3 con la presencia de las profesionales expertas en flora, fauna y ecolog\u00eda, Francisca Oliva y Francisca Labra, quienes apoyaron con el levantamiento de informaci\u00f3n del sector, as\u00ed tambi\u00e9n entregaron informaci\u00f3n a todos los voluntarios que a trav\u00e9s de charlas en terreno, el mismo d\u00eda del operativo, los cuales, se continuar\u00e1n realizando en distintos puntos de la comuna.<\/p>\n","protected":false},"author":1,"featured_media":587,"comment_status":"open","ping_status":"open","sticky":false,"template":"","format":"standard","meta":{"_jetpack_memberships_contains_paid_content":false,"footnotes":""},"categories":[149],"tags":[72,67,106,107],"class_list":["post-586","post","type-post","status-publish","format-standard","has-post-thumbnail","hentry","category-escucha-online-aqui","tag-antofagasta","tag-calama","tag-medio-ambiente","tag-yalquincha"],"yoast_head":"<!-- This site is optimized with the Yoast SEO plugin v27.4 - https:\/\/yoast.com\/product\/yoast-seo-wordpress\/ -->\n<title>Calama: Operativo de limpieza en Yalquincha dej\u00f3 m\u00e1s de 12 toneladas de retiro de basura -<\/title>\n<meta name=\"robots\" content=\"index, follow, max-snippet:-1, max-image-preview:large, max-video-preview:-1\" \/>\n<link rel=\"canonical\" href=\"https:\/\/radionorte.cl\/?p=586\" \/>\n<meta property=\"og:locale\" content=\"es_ES\" \/>\n<meta property=\"og:type\" content=\"article\" \/>\n<meta property=\"og:title\" content=\"Calama: Operativo de limpieza en Yalquincha dej\u00f3 m\u00e1s de 12 toneladas de retiro de basura -\" \/>\n<meta property=\"og:description\" content=\"Con el compromiso de mantener un oasis libre de contaminaci\u00f3n, el municipio de Calama trabaja en distintos puntos de la ciudad para mantener sus \u00e1reas verdes. Este fin de semana se realiz\u00f3 un nuevo operativo de limpieza en la ciudad de Calama, compromiso que el Alcalde Eliecer Chamorro Vargas contin\u00faa trabajando a trav\u00e9s de la Unidad de Medio Ambiente (Dimao) de la Municipalidad de Calama, esta vez, se cont\u00f3 con el apoyo de las comunidades atacame\u00f1as de Yalquincha y la Red Calama Sustentable, abarcando desde el puente de Yalquincha hasta el sector ca\u00f1er\u00edas correspondiente a aguas Antofagasta (1km y \u00bd aprox), es as\u00ed como se retir\u00f3 cerca de 12 toneladas de basura (2 bateas llenas y 4 maxi sacos) correspondiente s\u00f3lo en este sector. Yery Luza, jefe del Departamento de Medio Ambiente de la Municipalidad de Calama, hace un llamado a \u201clas comunidades que defienden este valle a participar de este tipo de operativos de limpieza, ya que eso los acerca a lo que es la conciencia ambiental y protecci\u00f3n de esta zona\u201d, enfatizando adem\u00e1s a \u201cla gente que ocupa estos espacios, se lleve la basura a su casa y no deje basura en el valle de Yalquincha\u201d. El operativo adem\u00e1s cont\u00f3 con la presencia de las profesionales expertas en flora, fauna y ecolog\u00eda, Francisca Oliva y Francisca Labra, quienes apoyaron con el levantamiento de informaci\u00f3n del sector, as\u00ed tambi\u00e9n entregaron informaci\u00f3n a todos los voluntarios que a trav\u00e9s de charlas en terreno, el mismo d\u00eda del operativo, los cuales, se continuar\u00e1n realizando en distintos puntos de la comuna.\" \/>\n<meta property=\"og:url\" content=\"https:\/\/radionorte.cl\/?p=586\" \/>\n<meta property=\"article:published_time\" content=\"2023-01-09T21:34:56+00:00\" \/>\n<meta property=\"article:modified_time\" content=\"2023-01-09T21:34:57+00:00\" \/>\n<meta property=\"og:image\" content=\"http:\/\/radionorte.cl\/wp-content\/uploads\/2023\/01\/01-7.png\" \/>\n\t<meta property=\"og:image:width\" content=\"760\" \/>\n\t<meta property=\"og:image:height\" content=\"571\" \/>\n\t<meta property=\"og:image:type\" content=\"image\/png\" \/>\n<meta name=\"author\" content=\"carocklina\" \/>\n<meta name=\"twitter:card\" content=\"summary_large_image\" \/>\n<meta name=\"twitter:label1\" content=\"Escrito por\" \/>\n\t<meta name=\"twitter:data1\" content=\"carocklina\" \/>\n\t<meta name=\"twitter:label2\" content=\"Tiempo estimado de lectura\" \/>\n\t<meta name=\"twitter:data2\" content=\"2 minutos\" \/>\n<script type=\"application\/ld+json\" class=\"yoast-schema-graph\">{\"@context\":\"https:\\\/\\\/schema.org\",\"@graph\":[{\"@type\":\"Article\",\"@id\":\"https:\\\/\\\/radionorte.cl\\\/?p=586#article\",\"isPartOf\":{\"@id\":\"https:\\\/\\\/radionorte.cl\\\/?p=586\"},\"author\":{\"name\":\"carocklina\",\"@id\":\"https:\\\/\\\/radionorte.cl\\\/#\\\/schema\\\/person\\\/baacf6923dce8651ca2587cbf14dbef2\"},\"headline\":\"Calama: Operativo de limpieza en Yalquincha dej\u00f3 m\u00e1s de 12 toneladas de retiro de basura\",\"datePublished\":\"2023-01-09T21:34:56+00:00\",\"dateModified\":\"2023-01-09T21:34:57+00:00\",\"mainEntityOfPage\":{\"@id\":\"https:\\\/\\\/radionorte.cl\\\/?p=586\"},\"wordCount\":287,\"commentCount\":0,\"image\":{\"@id\":\"https:\\\/\\\/radionorte.cl\\\/?p=586#primaryimage\"},\"thumbnailUrl\":\"https:\\\/\\\/i0.wp.com\\\/radionorte.cl\\\/wp-content\\\/uploads\\\/2023\\\/01\\\/01-7.png?fit=760%2C571&ssl=1\",\"keywords\":[\"Antofagasta\",\"Calama\",\"Medio Ambiente\",\"Yalquincha\"],\"articleSection\":[\"Radio Norte\"],\"inLanguage\":\"es-CL\",\"potentialAction\":[{\"@type\":\"CommentAction\",\"name\":\"Comment\",\"target\":[\"https:\\\/\\\/radionorte.cl\\\/?p=586#respond\"]}]},{\"@type\":\"WebPage\",\"@id\":\"https:\\\/\\\/radionorte.cl\\\/?p=586\",\"url\":\"https:\\\/\\\/radionorte.cl\\\/?p=586\",\"name\":\"Calama: Operativo de limpieza en Yalquincha dej\u00f3 m\u00e1s de 12 toneladas de retiro de basura -\",\"isPartOf\":{\"@id\":\"https:\\\/\\\/radionorte.cl\\\/#website\"},\"primaryImageOfPage\":{\"@id\":\"https:\\\/\\\/radionorte.cl\\\/?p=586#primaryimage\"},\"image\":{\"@id\":\"https:\\\/\\\/radionorte.cl\\\/?p=586#primaryimage\"},\"thumbnailUrl\":\"https:\\\/\\\/i0.wp.com\\\/radionorte.cl\\\/wp-content\\\/uploads\\\/2023\\\/01\\\/01-7.png?fit=760%2C571&ssl=1\",\"datePublished\":\"2023-01-09T21:34:56+00:00\",\"dateModified\":\"2023-01-09T21:34:57+00:00\",\"author\":{\"@id\":\"https:\\\/\\\/radionorte.cl\\\/#\\\/schema\\\/person\\\/baacf6923dce8651ca2587cbf14dbef2\"},\"breadcrumb\":{\"@id\":\"https:\\\/\\\/radionorte.cl\\\/?p=586#breadcrumb\"},\"inLanguage\":\"es-CL\",\"potentialAction\":[{\"@type\":\"ReadAction\",\"target\":[\"https:\\\/\\\/radionorte.cl\\\/?p=586\"]}]},{\"@type\":\"ImageObject\",\"inLanguage\":\"es-CL\",\"@id\":\"https:\\\/\\\/radionorte.cl\\\/?p=586#primaryimage\",\"url\":\"https:\\\/\\\/i0.wp.com\\\/radionorte.cl\\\/wp-content\\\/uploads\\\/2023\\\/01\\\/01-7.png?fit=760%2C571&ssl=1\",\"contentUrl\":\"https:\\\/\\\/i0.wp.com\\\/radionorte.cl\\\/wp-content\\\/uploads\\\/2023\\\/01\\\/01-7.png?fit=760%2C571&ssl=1\",\"width\":760,\"height\":571},{\"@type\":\"BreadcrumbList\",\"@id\":\"https:\\\/\\\/radionorte.cl\\\/?p=586#breadcrumb\",\"itemListElement\":[{\"@type\":\"ListItem\",\"position\":1,\"name\":\"Home\",\"item\":\"https:\\\/\\\/radionorte.cl\\\/\"},{\"@type\":\"ListItem\",\"position\":2,\"name\":\"Calama: Operativo de limpieza en Yalquincha dej\u00f3 m\u00e1s de 12 toneladas de retiro de basura\"}]},{\"@type\":\"WebSite\",\"@id\":\"https:\\\/\\\/radionorte.cl\\\/#website\",\"url\":\"https:\\\/\\\/radionorte.cl\\\/\",\"name\":\"\",\"description\":\"\",\"potentialAction\":[{\"@type\":\"SearchAction\",\"target\":{\"@type\":\"EntryPoint\",\"urlTemplate\":\"https:\\\/\\\/radionorte.cl\\\/?s={search_term_string}\"},\"query-input\":{\"@type\":\"PropertyValueSpecification\",\"valueRequired\":true,\"valueName\":\"search_term_string\"}}],\"inLanguage\":\"es-CL\"},{\"@type\":\"Person\",\"@id\":\"https:\\\/\\\/radionorte.cl\\\/#\\\/schema\\\/person\\\/baacf6923dce8651ca2587cbf14dbef2\",\"name\":\"carocklina\",\"image\":{\"@type\":\"ImageObject\",\"inLanguage\":\"es-CL\",\"@id\":\"https:\\\/\\\/secure.gravatar.com\\\/avatar\\\/9edc52d7207ebb4d2bce985a253a7e2e313a7e3ced068ec36b73c76301b89836?s=96&d=mm&r=g\",\"url\":\"https:\\\/\\\/secure.gravatar.com\\\/avatar\\\/9edc52d7207ebb4d2bce985a253a7e2e313a7e3ced068ec36b73c76301b89836?s=96&d=mm&r=g\",\"contentUrl\":\"https:\\\/\\\/secure.gravatar.com\\\/avatar\\\/9edc52d7207ebb4d2bce985a253a7e2e313a7e3ced068ec36b73c76301b89836?s=96&d=mm&r=g\",\"caption\":\"carocklina\"},\"sameAs\":[\"http:\\\/\\\/radionorte.cl\"],\"url\":\"https:\\\/\\\/radionorte.cl\\\/?author=1\"}]}<\/script>\n<!-- \/ Yoast SEO plugin. -->","yoast_head_json":{"title":"Calama: Operativo de limpieza en Yalquincha dej\u00f3 m\u00e1s de 12 toneladas de retiro de basura -","robots":{"index":"index","follow":"follow","max-snippet":"max-snippet:-1","max-image-preview":"max-image-preview:large","max-video-preview":"max-video-preview:-1"},"canonical":"https:\/\/radionorte.cl\/?p=586","og_locale":"es_ES","og_type":"article","og_title":"Calama: Operativo de limpieza en Yalquincha dej\u00f3 m\u00e1s de 12 toneladas de retiro de basura -","og_description":"Con el compromiso de mantener un oasis libre de contaminaci\u00f3n, el municipio de Calama trabaja en distintos puntos de la ciudad para mantener sus \u00e1reas verdes. Este fin de semana se realiz\u00f3 un nuevo operativo de limpieza en la ciudad de Calama, compromiso que el Alcalde Eliecer Chamorro Vargas contin\u00faa trabajando a trav\u00e9s de la Unidad de Medio Ambiente (Dimao) de la Municipalidad de Calama, esta vez, se cont\u00f3 con el apoyo de las comunidades atacame\u00f1as de Yalquincha y la Red Calama Sustentable, abarcando desde el puente de Yalquincha hasta el sector ca\u00f1er\u00edas correspondiente a aguas Antofagasta (1km y \u00bd aprox), es as\u00ed como se retir\u00f3 cerca de 12 toneladas de basura (2 bateas llenas y 4 maxi sacos) correspondiente s\u00f3lo en este sector. Yery Luza, jefe del Departamento de Medio Ambiente de la Municipalidad de Calama, hace un llamado a \u201clas comunidades que defienden este valle a participar de este tipo de operativos de limpieza, ya que eso los acerca a lo que es la conciencia ambiental y protecci\u00f3n de esta zona\u201d, enfatizando adem\u00e1s a \u201cla gente que ocupa estos espacios, se lleve la basura a su casa y no deje basura en el valle de Yalquincha\u201d. El operativo adem\u00e1s cont\u00f3 con la presencia de las profesionales expertas en flora, fauna y ecolog\u00eda, Francisca Oliva y Francisca Labra, quienes apoyaron con el levantamiento de informaci\u00f3n del sector, as\u00ed tambi\u00e9n entregaron informaci\u00f3n a todos los voluntarios que a trav\u00e9s de charlas en terreno, el mismo d\u00eda del operativo, los cuales, se continuar\u00e1n realizando en distintos puntos de la comuna.","og_url":"https:\/\/radionorte.cl\/?p=586","article_published_time":"2023-01-09T21:34:56+00:00","article_modified_time":"2023-01-09T21:34:57+00:00","og_image":[{"width":760,"height":571,"url":"http:\/\/radionorte.cl\/wp-content\/uploads\/2023\/01\/01-7.png","type":"image\/png"}],"author":"carocklina","twitter_card":"summary_large_image","twitter_misc":{"Escrito por":"carocklina","Tiempo estimado de lectura":"2 minutos"},"schema":{"@context":"https:\/\/schema.org","@graph":[{"@type":"Article","@id":"https:\/\/radionorte.cl\/?p=586#article","isPartOf":{"@id":"https:\/\/radionorte.cl\/?p=586"},"author":{"name":"carocklina","@id":"https:\/\/radionorte.cl\/#\/schema\/person\/baacf6923dce8651ca2587cbf14dbef2"},"headline":"Calama: Operativo de limpieza en Yalquincha dej\u00f3 m\u00e1s de 12 toneladas de retiro de basura","datePublished":"2023-01-09T21:34:56+00:00","dateModified":"2023-01-09T21:34:57+00:00","mainEntityOfPage":{"@id":"https:\/\/radionorte.cl\/?p=586"},"wordCount":287,"commentCount":0,"image":{"@id":"https:\/\/radionorte.cl\/?p=586#primaryimage"},"thumbnailUrl":"https:\/\/i0.wp.com\/radionorte.cl\/wp-content\/uploads\/2023\/01\/01-7.png?fit=760%2C571&ssl=1","keywords":["Antofagasta","Calama","Medio Ambiente","Yalquincha"],"articleSection":["Radio Norte"],"inLanguage":"es-CL","potentialAction":[{"@type":"CommentAction","name":"Comment","target":["https:\/\/radionorte.cl\/?p=586#respond"]}]},{"@type":"WebPage","@id":"https:\/\/radionorte.cl\/?p=586","url":"https:\/\/radionorte.cl\/?p=586","name":"Calama: Operativo de limpieza en Yalquincha dej\u00f3 m\u00e1s de 12 toneladas de retiro de basura -","isPartOf":{"@id":"https:\/\/radionorte.cl\/#website"},"primaryImageOfPage":{"@id":"https:\/\/radionorte.cl\/?p=586#primaryimage"},"image":{"@id":"https:\/\/radionorte.cl\/?p=586#primaryimage"},"thumbnailUrl":"https:\/\/i0.wp.com\/radionorte.cl\/wp-content\/uploads\/2023\/01\/01-7.png?fit=760%2C571&ssl=1","datePublished":"2023-01-09T21:34:56+00:00","dateModified":"2023-01-09T21:34:57+00:00","author":{"@id":"https:\/\/radionorte.cl\/#\/schema\/person\/baacf6923dce8651ca2587cbf14dbef2"},"breadcrumb":{"@id":"https:\/\/radionorte.cl\/?p=586#breadcrumb"},"inLanguage":"es-CL","potentialAction":[{"@type":"ReadAction","target":["https:\/\/radionorte.cl\/?p=586"]}]},{"@type":"ImageObject","inLanguage":"es-CL","@id":"https:\/\/radionorte.cl\/?p=586#primaryimage","url":"https:\/\/i0.wp.com\/radionorte.cl\/wp-content\/uploads\/2023\/01\/01-7.png?fit=760%2C571&ssl=1","contentUrl":"https:\/\/i0.wp.com\/radionorte.cl\/wp-content\/uploads\/2023\/01\/01-7.png?fit=760%2C571&ssl=1","width":760,"height":571},{"@type":"BreadcrumbList","@id":"https:\/\/radionorte.cl\/?p=586#breadcrumb","itemListElement":[{"@type":"ListItem","position":1,"name":"Home","item":"https:\/\/radionorte.cl\/"},{"@type":"ListItem","position":2,"name":"Calama: Operativo de limpieza en Yalquincha dej\u00f3 m\u00e1s de 12 toneladas de retiro de basura"}]},{"@type":"WebSite","@id":"https:\/\/radionorte.cl\/#website","url":"https:\/\/radionorte.cl\/","name":"","description":"","potentialAction":[{"@type":"SearchAction","target":{"@type":"EntryPoint","urlTemplate":"https:\/\/radionorte.cl\/?s={search_term_string}"},"query-input":{"@type":"PropertyValueSpecification","valueRequired":true,"valueName":"search_term_string"}}],"inLanguage":"es-CL"},{"@type":"Person","@id":"https:\/\/radionorte.cl\/#\/schema\/person\/baacf6923dce8651ca2587cbf14dbef2","name":"carocklina","image":{"@type":"ImageObject","inLanguage":"es-CL","@id":"https:\/\/secure.gravatar.com\/avatar\/9edc52d7207ebb4d2bce985a253a7e2e313a7e3ced068ec36b73c76301b89836?s=96&d=mm&r=g","url":"https:\/\/secure.gravatar.com\/avatar\/9edc52d7207ebb4d2bce985a253a7e2e313a7e3ced068ec36b73c76301b89836?s=96&d=mm&r=g","contentUrl":"https:\/\/secure.gravatar.com\/avatar\/9edc52d7207ebb4d2bce985a253a7e2e313a7e3ced068ec36b73c76301b89836?s=96&d=mm&r=g","caption":"carocklina"},"sameAs":["http:\/\/radionorte.cl"],"url":"https:\/\/radionorte.cl\/?author=1"}]}},"jetpack_featured_media_url":"https:\/\/i0.wp.com\/radionorte.cl\/wp-content\/uploads\/2023\/01\/01-7.png?fit=760%2C571&ssl=1","jetpack-related-posts":[{"id":676,"url":"https:\/\/radionorte.cl\/?p=676","url_meta":{"origin":586,"position":0},"title":"Operativo en Calama concluy\u00f3 con 31 detenidos","author":"carocklina","date":"Febrero 4, 2023","format":false,"excerpt":"Durante cuatro d\u00edas se desarrollaron rondas por el personal de Carabineros de Calama y la patrulla Centauro de Antofagasta, dejando 31 detenidos, de los cuales doce son por mantener \u00f3rdenes vigentes y el resto por diversos delitos como porte de elementos para cometer, porte de arma blanca, robo en lugar\u2026","rel":"","context":"En &quot;Radio Norte&quot;","block_context":{"text":"Radio Norte","link":"https:\/\/radionorte.cl\/?cat=149"},"img":{"alt_text":"","src":"https:\/\/i0.wp.com\/radionorte.cl\/wp-content\/uploads\/2023\/02\/01-3.png?fit=1200%2C797&ssl=1&resize=350%2C200","width":350,"height":200,"srcset":"https:\/\/i0.wp.com\/radionorte.cl\/wp-content\/uploads\/2023\/02\/01-3.png?fit=1200%2C797&ssl=1&resize=350%2C200 1x, https:\/\/i0.wp.com\/radionorte.cl\/wp-content\/uploads\/2023\/02\/01-3.png?fit=1200%2C797&ssl=1&resize=525%2C300 1.5x, https:\/\/i0.wp.com\/radionorte.cl\/wp-content\/uploads\/2023\/02\/01-3.png?fit=1200%2C797&ssl=1&resize=700%2C400 2x, https:\/\/i0.wp.com\/radionorte.cl\/wp-content\/uploads\/2023\/02\/01-3.png?fit=1200%2C797&ssl=1&resize=1050%2C600 3x"},"classes":[]},{"id":593,"url":"https:\/\/radionorte.cl\/?p=593","url_meta":{"origin":586,"position":1},"title":"Calama: Recuperan autom\u00f3vil robado en Santiago y detienen a una persona imputada por Receptaci\u00f3n","author":"carocklina","date":"Enero 11, 2023","format":false,"excerpt":"Detectives de la Brigada Investigadora de Robos Calama, en coordinaci\u00f3n con la Fiscal\u00eda Local, lograron la detenci\u00f3n flagrante de una persona a quien se le imputa el delito de Receptaci\u00f3n de Veh\u00edculo Motorizado y portar una patente falsa. El hecho se inici\u00f3 en los estacionamientos de un supermercado, cuando los\u2026","rel":"","context":"En &quot;Radio Norte&quot;","block_context":{"text":"Radio Norte","link":"https:\/\/radionorte.cl\/?cat=149"},"img":{"alt_text":"","src":"https:\/\/i0.wp.com\/radionorte.cl\/wp-content\/uploads\/2023\/01\/01-9.png?fit=765%2C500&ssl=1&resize=350%2C200","width":350,"height":200,"srcset":"https:\/\/i0.wp.com\/radionorte.cl\/wp-content\/uploads\/2023\/01\/01-9.png?fit=765%2C500&ssl=1&resize=350%2C200 1x, https:\/\/i0.wp.com\/radionorte.cl\/wp-content\/uploads\/2023\/01\/01-9.png?fit=765%2C500&ssl=1&resize=525%2C300 1.5x, https:\/\/i0.wp.com\/radionorte.cl\/wp-content\/uploads\/2023\/01\/01-9.png?fit=765%2C500&ssl=1&resize=700%2C400 2x"},"classes":[]},{"id":464,"url":"https:\/\/radionorte.cl\/?p=464","url_meta":{"origin":586,"position":2},"title":"En Calama detienen a sujeto buscado internacionalmente por almacenar material pornogr\u00e1fico infantil","author":"carocklina","date":"Diciembre 28, 2022","format":false,"excerpt":"Personal de la Brigada de Investigaci\u00f3n Calama de la PDI junto a analistas de la Oficina de An\u00e1lisis Criminal Calama y coordinados por el fiscal Ra\u00fal Marabol\u00ed Salas, detuvieron a una persona de 28 a\u00f1os, a quien se le imputa el delito flagrante de Almacenamiento de Material Pornogr\u00e1fico Infantil, quien\u2026","rel":"","context":"En &quot;Radio Norte&quot;","block_context":{"text":"Radio Norte","link":"https:\/\/radionorte.cl\/?cat=149"},"img":{"alt_text":"","src":"https:\/\/i0.wp.com\/radionorte.cl\/wp-content\/uploads\/2022\/12\/01.png?fit=1200%2C633&ssl=1&resize=350%2C200","width":350,"height":200,"srcset":"https:\/\/i0.wp.com\/radionorte.cl\/wp-content\/uploads\/2022\/12\/01.png?fit=1200%2C633&ssl=1&resize=350%2C200 1x, https:\/\/i0.wp.com\/radionorte.cl\/wp-content\/uploads\/2022\/12\/01.png?fit=1200%2C633&ssl=1&resize=525%2C300 1.5x, https:\/\/i0.wp.com\/radionorte.cl\/wp-content\/uploads\/2022\/12\/01.png?fit=1200%2C633&ssl=1&resize=700%2C400 2x, https:\/\/i0.wp.com\/radionorte.cl\/wp-content\/uploads\/2022\/12\/01.png?fit=1200%2C633&ssl=1&resize=1050%2C600 3x"},"classes":[]},{"id":611,"url":"https:\/\/radionorte.cl\/?p=611","url_meta":{"origin":586,"position":3},"title":"Lanzan Plan de Verano con miras a la reactivaci\u00f3n de aprendizajes en ni\u00f1as, ni\u00f1os y adolescentes de la regi\u00f3n de Antofagasta","author":"carocklina","date":"Enero 12, 2023","format":false,"excerpt":"En las colonias escolares realizadas en el Colegio T\u00e9cnico Industrial Don Bosco de Antofagasta, el seremi de Educaci\u00f3n, Alberto Santander, junto al director regional de JUNAEB, H\u00e9ctor Andrade, hicieron el lanzamiento del Plan Verano 2023 del Ministerio de Educaci\u00f3n, una serie de actividades y acciones enmarcadas en el Plan de\u2026","rel":"","context":"En &quot;Radio Norte&quot;","block_context":{"text":"Radio Norte","link":"https:\/\/radionorte.cl\/?cat=149"},"img":{"alt_text":"","src":"https:\/\/i0.wp.com\/radionorte.cl\/wp-content\/uploads\/2023\/01\/01-10.png?fit=1068%2C801&ssl=1&resize=350%2C200","width":350,"height":200,"srcset":"https:\/\/i0.wp.com\/radionorte.cl\/wp-content\/uploads\/2023\/01\/01-10.png?fit=1068%2C801&ssl=1&resize=350%2C200 1x, https:\/\/i0.wp.com\/radionorte.cl\/wp-content\/uploads\/2023\/01\/01-10.png?fit=1068%2C801&ssl=1&resize=525%2C300 1.5x, https:\/\/i0.wp.com\/radionorte.cl\/wp-content\/uploads\/2023\/01\/01-10.png?fit=1068%2C801&ssl=1&resize=700%2C400 2x, https:\/\/i0.wp.com\/radionorte.cl\/wp-content\/uploads\/2023\/01\/01-10.png?fit=1068%2C801&ssl=1&resize=1050%2C600 3x"},"classes":[]},{"id":579,"url":"https:\/\/radionorte.cl\/?p=579","url_meta":{"origin":586,"position":4},"title":"Robo de camioneta en Calama: Delincuente fingi\u00f3 ser la v\u00edctima para evitar su detenci\u00f3n","author":"carocklina","date":"Enero 7, 2023","format":false,"excerpt":"Durante la jornada de este s\u00e1bado se concret\u00f3 la detenci\u00f3n de un sujeto involucrado en el robo con violencia de una camioneta, ocurrido el pasado mi\u00e9rcoles 4 de enero, en la ciudad de Calama. Sobre este caso, ya se hab\u00edan detenido a tres personas, sin embargo, mediante las diligencias investigativas\u2026","rel":"","context":"En &quot;Radio Norte&quot;","block_context":{"text":"Radio Norte","link":"https:\/\/radionorte.cl\/?cat=149"},"img":{"alt_text":"","src":"https:\/\/i0.wp.com\/radionorte.cl\/wp-content\/uploads\/2023\/01\/01-6.png?fit=712%2C380&ssl=1&resize=350%2C200","width":350,"height":200,"srcset":"https:\/\/i0.wp.com\/radionorte.cl\/wp-content\/uploads\/2023\/01\/01-6.png?fit=712%2C380&ssl=1&resize=350%2C200 1x, https:\/\/i0.wp.com\/radionorte.cl\/wp-content\/uploads\/2023\/01\/01-6.png?fit=712%2C380&ssl=1&resize=525%2C300 1.5x, https:\/\/i0.wp.com\/radionorte.cl\/wp-content\/uploads\/2023\/01\/01-6.png?fit=712%2C380&ssl=1&resize=700%2C400 2x"},"classes":[]},{"id":494,"url":"https:\/\/radionorte.cl\/?p=494","url_meta":{"origin":586,"position":5},"title":"Rescatan a perrita y sus cuatro cachorros en Calama: Habr\u00edan hecho madriguera para resguardarse","author":"carocklina","date":"Diciembre 31, 2022","format":false,"excerpt":"Una perrita y sus cuatro cachorros fueron rescatados desde una madriguera debajo del pavimento, afuera del Registro Civil de la ciudad de Calama. Seg\u00fan inform\u00f3 el voluntario Jhony Bustamante, en conversaci\u00f3n con ATV, la 1\u00b0 Compa\u00f1\u00eda de Bomberos de Calama recibi\u00f3 el llamado pasada las 15:00 horas del viernes 30\u2026","rel":"","context":"En &quot;Radio Norte&quot;","block_context":{"text":"Radio Norte","link":"https:\/\/radionorte.cl\/?cat=149"},"img":{"alt_text":"","src":"https:\/\/i0.wp.com\/radionorte.cl\/wp-content\/uploads\/2022\/12\/01-4.png?fit=1068%2C572&ssl=1&resize=350%2C200","width":350,"height":200,"srcset":"https:\/\/i0.wp.com\/radionorte.cl\/wp-content\/uploads\/2022\/12\/01-4.png?fit=1068%2C572&ssl=1&resize=350%2C200 1x, https:\/\/i0.wp.com\/radionorte.cl\/wp-content\/uploads\/2022\/12\/01-4.png?fit=1068%2C572&ssl=1&resize=525%2C300 1.5x, https:\/\/i0.wp.com\/radionorte.cl\/wp-content\/uploads\/2022\/12\/01-4.png?fit=1068%2C572&ssl=1&resize=700%2C400 2x, https:\/\/i0.wp.com\/radionorte.cl\/wp-content\/uploads\/2022\/12\/01-4.png?fit=1068%2C572&ssl=1&resize=1050%2C600 3x"},"classes":[]}],"jetpack_sharing_enabled":true,"_links":{"self":[{"href":"https:\/\/radionorte.cl\/index.php?rest_route=\/wp\/v2\/posts\/586","targetHints":{"allow":["GET"]}}],"collection":[{"href":"https:\/\/radionorte.cl\/index.php?rest_route=\/wp\/v2\/posts"}],"about":[{"href":"https:\/\/radionorte.cl\/index.php?rest_route=\/wp\/v2\/types\/post"}],"author":[{"embeddable":true,"href":"https:\/\/radionorte.cl\/index.php?rest_route=\/wp\/v2\/users\/1"}],"replies":[{"embeddable":true,"href":"https:\/\/radionorte.cl\/index.php?rest_route=%2Fwp%2Fv2%2Fcomments&post=586"}],"version-history":[{"count":1,"href":"https:\/\/radionorte.cl\/index.php?rest_route=\/wp\/v2\/posts\/586\/revisions"}],"predecessor-version":[{"id":588,"href":"https:\/\/radionorte.cl\/index.php?rest_route=\/wp\/v2\/posts\/586\/revisions\/588"}],"wp:featuredmedia":[{"embeddable":true,"href":"https:\/\/radionorte.cl\/index.php?rest_route=\/wp\/v2\/media\/587"}],"wp:attachment":[{"href":"https:\/\/radionorte.cl\/index.php?rest_route=%2Fwp%2Fv2%2Fmedia&parent=586"}],"wp:term":[{"taxonomy":"category","embeddable":true,"href":"https:\/\/radionorte.cl\/index.php?rest_route=%2Fwp%2Fv2%2Fcategories&post=586"},{"taxonomy":"post_tag","embeddable":true,"href":"https:\/\/radionorte.cl\/index.php?rest_route=%2Fwp%2Fv2%2Ftags&post=586"}],"curies":[{"name":"wp","href":"https:\/\/api.w.org\/{rel}","templated":true}]}}