{"id":593,"date":"2023-01-11T21:30:33","date_gmt":"2023-01-11T21:30:33","guid":{"rendered":"https:\/\/radionorte.cl\/?p=593"},"modified":"2023-01-11T21:30:34","modified_gmt":"2023-01-11T21:30:34","slug":"calama-recuperan-automovil-robado-en-santiago-y-detienen-a-una-persona-imputada-por-receptacion","status":"publish","type":"post","link":"https:\/\/radionorte.cl\/?p=593","title":{"rendered":"Calama: Recuperan autom\u00f3vil robado en Santiago y detienen a una persona imputada por Receptaci\u00f3n"},"content":{"rendered":"\n<p>Detectives de la Brigada Investigadora de Robos Calama, en coordinaci\u00f3n con la Fiscal\u00eda Local, lograron la detenci\u00f3n flagrante de una persona a quien se le imputa el delito de Receptaci\u00f3n de Veh\u00edculo Motorizado y portar una patente falsa.<\/p>\n\n\n<div class=\"wp-block-image\">\n<figure class=\"aligncenter size-full\"><img data-recalc-dims=\"1\" loading=\"lazy\" decoding=\"async\" width=\"765\" height=\"500\" src=\"https:\/\/i0.wp.com\/radionorte.cl\/wp-content\/uploads\/2023\/01\/01-9.png?resize=765%2C500&#038;ssl=1\" alt=\"\" class=\"wp-image-594\" srcset=\"https:\/\/i0.wp.com\/radionorte.cl\/wp-content\/uploads\/2023\/01\/01-9.png?w=765&amp;ssl=1 765w, https:\/\/i0.wp.com\/radionorte.cl\/wp-content\/uploads\/2023\/01\/01-9.png?resize=300%2C196&amp;ssl=1 300w\" sizes=\"auto, (max-width: 765px) 100vw, 765px\" \/><\/figure>\n<\/div>\n\n\n<p>El hecho se inici\u00f3 en los estacionamientos de un supermercado, cuando los oficiales divisaron al interior de un veh\u00edculo, a los ocupantes de \u00e9ste, quienes al parecer pretend\u00edan llevar a cabo el delito de Robo en Bienes Nacionales de Uso P\u00fablico, por lo que al ver la presencia policial se dieron a la fuga.<\/p>\n\n\n\n<p>Conforme al trabajo investigativo, se logr\u00f3 dar con la ubicaci\u00f3n de dicho veh\u00edculo, llev\u00e1ndose a cabo un control de identidad al sujeto que se encontraba a cargo del mismo, procediendo a la revisi\u00f3n del m\u00f3vil y logrando determinar que \u00e9ste se encontraba con sus patentes adulteradas.<\/p>\n\n\n\n<p>Al revelar los datos originales del veh\u00edculo, se pudo determinar que manten\u00eda encargo vigente por robo, en un hecho ocurrido el 1 de junio del a\u00f1o pasado y que estaba asociado a una denuncia por Robo con Intimidaci\u00f3n realizada en la comuna de La Cisterna de la ciudad de Santiago.<\/p>\n\n\n\n<p>Tras una inspecci\u00f3n detallada del interior del m\u00f3vil, se hallaron elementos conocidamente utilizados para la comisi\u00f3n del delito de robo, adem\u00e1s de la cantidad de 18.700 pesos argentinos, llaves de veh\u00edculos y un radiotransmisor handie, entre otros.<\/p>\n\n\n\n<p>De todas estas diligencias se dio cuenta al Fiscal de turno quien instruy\u00f3 poner a disposici\u00f3n al detenido al Tribunal de Garant\u00eda de Calama, para la correspondiente Audiencia de Control de Detenci\u00f3n.<\/p>\n","protected":false},"excerpt":{"rendered":"<p>Detectives de la Brigada Investigadora de Robos Calama, en coordinaci\u00f3n con la Fiscal\u00eda Local, lograron la detenci\u00f3n flagrante de una persona a quien se le imputa el delito de Receptaci\u00f3n de Veh\u00edculo Motorizado y portar una patente falsa. El hecho se inici\u00f3 en los estacionamientos de un supermercado, cuando los oficiales divisaron al interior de un veh\u00edculo, a los ocupantes de \u00e9ste, quienes al parecer pretend\u00edan llevar a cabo el delito de Robo en Bienes Nacionales de Uso P\u00fablico, por lo que al ver la presencia policial se dieron a la fuga. Conforme al trabajo investigativo, se logr\u00f3 dar con la ubicaci\u00f3n de dicho veh\u00edculo, llev\u00e1ndose a cabo un control de identidad al sujeto que se encontraba a cargo del mismo, procediendo a la revisi\u00f3n del m\u00f3vil y logrando determinar que \u00e9ste se encontraba con sus patentes adulteradas. Al revelar los datos originales del veh\u00edculo, se pudo determinar que manten\u00eda encargo vigente por robo, en un hecho ocurrido el 1 de junio del a\u00f1o pasado y que estaba asociado a una denuncia por Robo con Intimidaci\u00f3n realizada en la comuna de La Cisterna de la ciudad de Santiago. Tras una inspecci\u00f3n detallada del interior del m\u00f3vil, se hallaron elementos conocidamente utilizados para la comisi\u00f3n del delito de robo, adem\u00e1s de la cantidad de 18.700 pesos argentinos, llaves de veh\u00edculos y un radiotransmisor handie, entre otros. De todas estas diligencias se dio cuenta al Fiscal de turno quien instruy\u00f3 poner a disposici\u00f3n al detenido al Tribunal de Garant\u00eda de Calama, para la correspondiente Audiencia de Control de Detenci\u00f3n.<\/p>\n","protected":false},"author":1,"featured_media":594,"comment_status":"open","ping_status":"open","sticky":false,"template":"","format":"standard","meta":{"_jetpack_memberships_contains_paid_content":false,"footnotes":""},"categories":[149],"tags":[67,112,111],"class_list":["post-593","post","type-post","status-publish","format-standard","has-post-thumbnail","hentry","category-escucha-online-aqui","tag-calama","tag-policial","tag-robos"],"yoast_head":"<!-- This site is optimized with the Yoast SEO plugin v27.5 - https:\/\/yoast.com\/product\/yoast-seo-wordpress\/ -->\n<title>Calama: Recuperan autom\u00f3vil robado en Santiago y detienen a una persona imputada por Receptaci\u00f3n -<\/title>\n<meta name=\"robots\" content=\"index, follow, max-snippet:-1, max-image-preview:large, max-video-preview:-1\" \/>\n<link rel=\"canonical\" href=\"https:\/\/radionorte.cl\/?p=593\" \/>\n<meta property=\"og:locale\" content=\"es_ES\" \/>\n<meta property=\"og:type\" content=\"article\" \/>\n<meta property=\"og:title\" content=\"Calama: Recuperan autom\u00f3vil robado en Santiago y detienen a una persona imputada por Receptaci\u00f3n -\" \/>\n<meta property=\"og:description\" content=\"Detectives de la Brigada Investigadora de Robos Calama, en coordinaci\u00f3n con la Fiscal\u00eda Local, lograron la detenci\u00f3n flagrante de una persona a quien se le imputa el delito de Receptaci\u00f3n de Veh\u00edculo Motorizado y portar una patente falsa. El hecho se inici\u00f3 en los estacionamientos de un supermercado, cuando los oficiales divisaron al interior de un veh\u00edculo, a los ocupantes de \u00e9ste, quienes al parecer pretend\u00edan llevar a cabo el delito de Robo en Bienes Nacionales de Uso P\u00fablico, por lo que al ver la presencia policial se dieron a la fuga. Conforme al trabajo investigativo, se logr\u00f3 dar con la ubicaci\u00f3n de dicho veh\u00edculo, llev\u00e1ndose a cabo un control de identidad al sujeto que se encontraba a cargo del mismo, procediendo a la revisi\u00f3n del m\u00f3vil y logrando determinar que \u00e9ste se encontraba con sus patentes adulteradas. Al revelar los datos originales del veh\u00edculo, se pudo determinar que manten\u00eda encargo vigente por robo, en un hecho ocurrido el 1 de junio del a\u00f1o pasado y que estaba asociado a una denuncia por Robo con Intimidaci\u00f3n realizada en la comuna de La Cisterna de la ciudad de Santiago. Tras una inspecci\u00f3n detallada del interior del m\u00f3vil, se hallaron elementos conocidamente utilizados para la comisi\u00f3n del delito de robo, adem\u00e1s de la cantidad de 18.700 pesos argentinos, llaves de veh\u00edculos y un radiotransmisor handie, entre otros. De todas estas diligencias se dio cuenta al Fiscal de turno quien instruy\u00f3 poner a disposici\u00f3n al detenido al Tribunal de Garant\u00eda de Calama, para la correspondiente Audiencia de Control de Detenci\u00f3n.\" \/>\n<meta property=\"og:url\" content=\"https:\/\/radionorte.cl\/?p=593\" \/>\n<meta property=\"article:published_time\" content=\"2023-01-11T21:30:33+00:00\" \/>\n<meta property=\"article:modified_time\" content=\"2023-01-11T21:30:34+00:00\" \/>\n<meta property=\"og:image\" content=\"http:\/\/radionorte.cl\/wp-content\/uploads\/2023\/01\/01-9.png\" \/>\n\t<meta property=\"og:image:width\" content=\"765\" \/>\n\t<meta property=\"og:image:height\" content=\"500\" \/>\n\t<meta property=\"og:image:type\" content=\"image\/png\" \/>\n<meta name=\"author\" content=\"carocklina\" \/>\n<meta name=\"twitter:card\" content=\"summary_large_image\" \/>\n<meta name=\"twitter:label1\" content=\"Escrito por\" \/>\n\t<meta name=\"twitter:data1\" content=\"carocklina\" \/>\n\t<meta name=\"twitter:label2\" content=\"Tiempo estimado de lectura\" \/>\n\t<meta name=\"twitter:data2\" content=\"2 minutos\" \/>\n<script type=\"application\/ld+json\" class=\"yoast-schema-graph\">{\"@context\":\"https:\\\/\\\/schema.org\",\"@graph\":[{\"@type\":\"Article\",\"@id\":\"https:\\\/\\\/radionorte.cl\\\/?p=593#article\",\"isPartOf\":{\"@id\":\"https:\\\/\\\/radionorte.cl\\\/?p=593\"},\"author\":{\"name\":\"carocklina\",\"@id\":\"https:\\\/\\\/radionorte.cl\\\/#\\\/schema\\\/person\\\/baacf6923dce8651ca2587cbf14dbef2\"},\"headline\":\"Calama: Recuperan autom\u00f3vil robado en Santiago y detienen a una persona imputada por Receptaci\u00f3n\",\"datePublished\":\"2023-01-11T21:30:33+00:00\",\"dateModified\":\"2023-01-11T21:30:34+00:00\",\"mainEntityOfPage\":{\"@id\":\"https:\\\/\\\/radionorte.cl\\\/?p=593\"},\"wordCount\":296,\"commentCount\":0,\"image\":{\"@id\":\"https:\\\/\\\/radionorte.cl\\\/?p=593#primaryimage\"},\"thumbnailUrl\":\"https:\\\/\\\/i0.wp.com\\\/radionorte.cl\\\/wp-content\\\/uploads\\\/2023\\\/01\\\/01-9.png?fit=765%2C500&ssl=1\",\"keywords\":[\"Calama\",\"Policial\",\"Robos\"],\"articleSection\":[\"Radio Norte\"],\"inLanguage\":\"es-CL\",\"potentialAction\":[{\"@type\":\"CommentAction\",\"name\":\"Comment\",\"target\":[\"https:\\\/\\\/radionorte.cl\\\/?p=593#respond\"]}]},{\"@type\":\"WebPage\",\"@id\":\"https:\\\/\\\/radionorte.cl\\\/?p=593\",\"url\":\"https:\\\/\\\/radionorte.cl\\\/?p=593\",\"name\":\"Calama: Recuperan autom\u00f3vil robado en Santiago y detienen a una persona imputada por Receptaci\u00f3n -\",\"isPartOf\":{\"@id\":\"https:\\\/\\\/radionorte.cl\\\/#website\"},\"primaryImageOfPage\":{\"@id\":\"https:\\\/\\\/radionorte.cl\\\/?p=593#primaryimage\"},\"image\":{\"@id\":\"https:\\\/\\\/radionorte.cl\\\/?p=593#primaryimage\"},\"thumbnailUrl\":\"https:\\\/\\\/i0.wp.com\\\/radionorte.cl\\\/wp-content\\\/uploads\\\/2023\\\/01\\\/01-9.png?fit=765%2C500&ssl=1\",\"datePublished\":\"2023-01-11T21:30:33+00:00\",\"dateModified\":\"2023-01-11T21:30:34+00:00\",\"author\":{\"@id\":\"https:\\\/\\\/radionorte.cl\\\/#\\\/schema\\\/person\\\/baacf6923dce8651ca2587cbf14dbef2\"},\"breadcrumb\":{\"@id\":\"https:\\\/\\\/radionorte.cl\\\/?p=593#breadcrumb\"},\"inLanguage\":\"es-CL\",\"potentialAction\":[{\"@type\":\"ReadAction\",\"target\":[\"https:\\\/\\\/radionorte.cl\\\/?p=593\"]}]},{\"@type\":\"ImageObject\",\"inLanguage\":\"es-CL\",\"@id\":\"https:\\\/\\\/radionorte.cl\\\/?p=593#primaryimage\",\"url\":\"https:\\\/\\\/i0.wp.com\\\/radionorte.cl\\\/wp-content\\\/uploads\\\/2023\\\/01\\\/01-9.png?fit=765%2C500&ssl=1\",\"contentUrl\":\"https:\\\/\\\/i0.wp.com\\\/radionorte.cl\\\/wp-content\\\/uploads\\\/2023\\\/01\\\/01-9.png?fit=765%2C500&ssl=1\",\"width\":765,\"height\":500},{\"@type\":\"BreadcrumbList\",\"@id\":\"https:\\\/\\\/radionorte.cl\\\/?p=593#breadcrumb\",\"itemListElement\":[{\"@type\":\"ListItem\",\"position\":1,\"name\":\"Home\",\"item\":\"https:\\\/\\\/radionorte.cl\\\/\"},{\"@type\":\"ListItem\",\"position\":2,\"name\":\"Calama: Recuperan autom\u00f3vil robado en Santiago y detienen a una persona imputada por Receptaci\u00f3n\"}]},{\"@type\":\"WebSite\",\"@id\":\"https:\\\/\\\/radionorte.cl\\\/#website\",\"url\":\"https:\\\/\\\/radionorte.cl\\\/\",\"name\":\"\",\"description\":\"\",\"potentialAction\":[{\"@type\":\"SearchAction\",\"target\":{\"@type\":\"EntryPoint\",\"urlTemplate\":\"https:\\\/\\\/radionorte.cl\\\/?s={search_term_string}\"},\"query-input\":{\"@type\":\"PropertyValueSpecification\",\"valueRequired\":true,\"valueName\":\"search_term_string\"}}],\"inLanguage\":\"es-CL\"},{\"@type\":\"Person\",\"@id\":\"https:\\\/\\\/radionorte.cl\\\/#\\\/schema\\\/person\\\/baacf6923dce8651ca2587cbf14dbef2\",\"name\":\"carocklina\",\"image\":{\"@type\":\"ImageObject\",\"inLanguage\":\"es-CL\",\"@id\":\"https:\\\/\\\/secure.gravatar.com\\\/avatar\\\/9edc52d7207ebb4d2bce985a253a7e2e313a7e3ced068ec36b73c76301b89836?s=96&d=mm&r=g\",\"url\":\"https:\\\/\\\/secure.gravatar.com\\\/avatar\\\/9edc52d7207ebb4d2bce985a253a7e2e313a7e3ced068ec36b73c76301b89836?s=96&d=mm&r=g\",\"contentUrl\":\"https:\\\/\\\/secure.gravatar.com\\\/avatar\\\/9edc52d7207ebb4d2bce985a253a7e2e313a7e3ced068ec36b73c76301b89836?s=96&d=mm&r=g\",\"caption\":\"carocklina\"},\"sameAs\":[\"http:\\\/\\\/radionorte.cl\"],\"url\":\"https:\\\/\\\/radionorte.cl\\\/?author=1\"}]}<\/script>\n<!-- \/ Yoast SEO plugin. -->","yoast_head_json":{"title":"Calama: Recuperan autom\u00f3vil robado en Santiago y detienen a una persona imputada por Receptaci\u00f3n -","robots":{"index":"index","follow":"follow","max-snippet":"max-snippet:-1","max-image-preview":"max-image-preview:large","max-video-preview":"max-video-preview:-1"},"canonical":"https:\/\/radionorte.cl\/?p=593","og_locale":"es_ES","og_type":"article","og_title":"Calama: Recuperan autom\u00f3vil robado en Santiago y detienen a una persona imputada por Receptaci\u00f3n -","og_description":"Detectives de la Brigada Investigadora de Robos Calama, en coordinaci\u00f3n con la Fiscal\u00eda Local, lograron la detenci\u00f3n flagrante de una persona a quien se le imputa el delito de Receptaci\u00f3n de Veh\u00edculo Motorizado y portar una patente falsa. El hecho se inici\u00f3 en los estacionamientos de un supermercado, cuando los oficiales divisaron al interior de un veh\u00edculo, a los ocupantes de \u00e9ste, quienes al parecer pretend\u00edan llevar a cabo el delito de Robo en Bienes Nacionales de Uso P\u00fablico, por lo que al ver la presencia policial se dieron a la fuga. Conforme al trabajo investigativo, se logr\u00f3 dar con la ubicaci\u00f3n de dicho veh\u00edculo, llev\u00e1ndose a cabo un control de identidad al sujeto que se encontraba a cargo del mismo, procediendo a la revisi\u00f3n del m\u00f3vil y logrando determinar que \u00e9ste se encontraba con sus patentes adulteradas. Al revelar los datos originales del veh\u00edculo, se pudo determinar que manten\u00eda encargo vigente por robo, en un hecho ocurrido el 1 de junio del a\u00f1o pasado y que estaba asociado a una denuncia por Robo con Intimidaci\u00f3n realizada en la comuna de La Cisterna de la ciudad de Santiago. Tras una inspecci\u00f3n detallada del interior del m\u00f3vil, se hallaron elementos conocidamente utilizados para la comisi\u00f3n del delito de robo, adem\u00e1s de la cantidad de 18.700 pesos argentinos, llaves de veh\u00edculos y un radiotransmisor handie, entre otros. De todas estas diligencias se dio cuenta al Fiscal de turno quien instruy\u00f3 poner a disposici\u00f3n al detenido al Tribunal de Garant\u00eda de Calama, para la correspondiente Audiencia de Control de Detenci\u00f3n.","og_url":"https:\/\/radionorte.cl\/?p=593","article_published_time":"2023-01-11T21:30:33+00:00","article_modified_time":"2023-01-11T21:30:34+00:00","og_image":[{"width":765,"height":500,"url":"http:\/\/radionorte.cl\/wp-content\/uploads\/2023\/01\/01-9.png","type":"image\/png"}],"author":"carocklina","twitter_card":"summary_large_image","twitter_misc":{"Escrito por":"carocklina","Tiempo estimado de lectura":"2 minutos"},"schema":{"@context":"https:\/\/schema.org","@graph":[{"@type":"Article","@id":"https:\/\/radionorte.cl\/?p=593#article","isPartOf":{"@id":"https:\/\/radionorte.cl\/?p=593"},"author":{"name":"carocklina","@id":"https:\/\/radionorte.cl\/#\/schema\/person\/baacf6923dce8651ca2587cbf14dbef2"},"headline":"Calama: Recuperan autom\u00f3vil robado en Santiago y detienen a una persona imputada por Receptaci\u00f3n","datePublished":"2023-01-11T21:30:33+00:00","dateModified":"2023-01-11T21:30:34+00:00","mainEntityOfPage":{"@id":"https:\/\/radionorte.cl\/?p=593"},"wordCount":296,"commentCount":0,"image":{"@id":"https:\/\/radionorte.cl\/?p=593#primaryimage"},"thumbnailUrl":"https:\/\/i0.wp.com\/radionorte.cl\/wp-content\/uploads\/2023\/01\/01-9.png?fit=765%2C500&ssl=1","keywords":["Calama","Policial","Robos"],"articleSection":["Radio Norte"],"inLanguage":"es-CL","potentialAction":[{"@type":"CommentAction","name":"Comment","target":["https:\/\/radionorte.cl\/?p=593#respond"]}]},{"@type":"WebPage","@id":"https:\/\/radionorte.cl\/?p=593","url":"https:\/\/radionorte.cl\/?p=593","name":"Calama: Recuperan autom\u00f3vil robado en Santiago y detienen a una persona imputada por Receptaci\u00f3n -","isPartOf":{"@id":"https:\/\/radionorte.cl\/#website"},"primaryImageOfPage":{"@id":"https:\/\/radionorte.cl\/?p=593#primaryimage"},"image":{"@id":"https:\/\/radionorte.cl\/?p=593#primaryimage"},"thumbnailUrl":"https:\/\/i0.wp.com\/radionorte.cl\/wp-content\/uploads\/2023\/01\/01-9.png?fit=765%2C500&ssl=1","datePublished":"2023-01-11T21:30:33+00:00","dateModified":"2023-01-11T21:30:34+00:00","author":{"@id":"https:\/\/radionorte.cl\/#\/schema\/person\/baacf6923dce8651ca2587cbf14dbef2"},"breadcrumb":{"@id":"https:\/\/radionorte.cl\/?p=593#breadcrumb"},"inLanguage":"es-CL","potentialAction":[{"@type":"ReadAction","target":["https:\/\/radionorte.cl\/?p=593"]}]},{"@type":"ImageObject","inLanguage":"es-CL","@id":"https:\/\/radionorte.cl\/?p=593#primaryimage","url":"https:\/\/i0.wp.com\/radionorte.cl\/wp-content\/uploads\/2023\/01\/01-9.png?fit=765%2C500&ssl=1","contentUrl":"https:\/\/i0.wp.com\/radionorte.cl\/wp-content\/uploads\/2023\/01\/01-9.png?fit=765%2C500&ssl=1","width":765,"height":500},{"@type":"BreadcrumbList","@id":"https:\/\/radionorte.cl\/?p=593#breadcrumb","itemListElement":[{"@type":"ListItem","position":1,"name":"Home","item":"https:\/\/radionorte.cl\/"},{"@type":"ListItem","position":2,"name":"Calama: Recuperan autom\u00f3vil robado en Santiago y detienen a una persona imputada por Receptaci\u00f3n"}]},{"@type":"WebSite","@id":"https:\/\/radionorte.cl\/#website","url":"https:\/\/radionorte.cl\/","name":"","description":"","potentialAction":[{"@type":"SearchAction","target":{"@type":"EntryPoint","urlTemplate":"https:\/\/radionorte.cl\/?s={search_term_string}"},"query-input":{"@type":"PropertyValueSpecification","valueRequired":true,"valueName":"search_term_string"}}],"inLanguage":"es-CL"},{"@type":"Person","@id":"https:\/\/radionorte.cl\/#\/schema\/person\/baacf6923dce8651ca2587cbf14dbef2","name":"carocklina","image":{"@type":"ImageObject","inLanguage":"es-CL","@id":"https:\/\/secure.gravatar.com\/avatar\/9edc52d7207ebb4d2bce985a253a7e2e313a7e3ced068ec36b73c76301b89836?s=96&d=mm&r=g","url":"https:\/\/secure.gravatar.com\/avatar\/9edc52d7207ebb4d2bce985a253a7e2e313a7e3ced068ec36b73c76301b89836?s=96&d=mm&r=g","contentUrl":"https:\/\/secure.gravatar.com\/avatar\/9edc52d7207ebb4d2bce985a253a7e2e313a7e3ced068ec36b73c76301b89836?s=96&d=mm&r=g","caption":"carocklina"},"sameAs":["http:\/\/radionorte.cl"],"url":"https:\/\/radionorte.cl\/?author=1"}]}},"jetpack_featured_media_url":"https:\/\/i0.wp.com\/radionorte.cl\/wp-content\/uploads\/2023\/01\/01-9.png?fit=765%2C500&ssl=1","jetpack-related-posts":[{"id":579,"url":"https:\/\/radionorte.cl\/?p=579","url_meta":{"origin":593,"position":0},"title":"Robo de camioneta en Calama: Delincuente fingi\u00f3 ser la v\u00edctima para evitar su detenci\u00f3n","author":"carocklina","date":"Enero 7, 2023","format":false,"excerpt":"Durante la jornada de este s\u00e1bado se concret\u00f3 la detenci\u00f3n de un sujeto involucrado en el robo con violencia de una camioneta, ocurrido el pasado mi\u00e9rcoles 4 de enero, en la ciudad de Calama. Sobre este caso, ya se hab\u00edan detenido a tres personas, sin embargo, mediante las diligencias investigativas\u2026","rel":"","context":"En &quot;Radio Norte&quot;","block_context":{"text":"Radio Norte","link":"https:\/\/radionorte.cl\/?cat=149"},"img":{"alt_text":"","src":"https:\/\/i0.wp.com\/radionorte.cl\/wp-content\/uploads\/2023\/01\/01-6.png?fit=712%2C380&ssl=1&resize=350%2C200","width":350,"height":200,"srcset":"https:\/\/i0.wp.com\/radionorte.cl\/wp-content\/uploads\/2023\/01\/01-6.png?fit=712%2C380&ssl=1&resize=350%2C200 1x, https:\/\/i0.wp.com\/radionorte.cl\/wp-content\/uploads\/2023\/01\/01-6.png?fit=712%2C380&ssl=1&resize=525%2C300 1.5x, https:\/\/i0.wp.com\/radionorte.cl\/wp-content\/uploads\/2023\/01\/01-6.png?fit=712%2C380&ssl=1&resize=700%2C400 2x"},"classes":[]},{"id":464,"url":"https:\/\/radionorte.cl\/?p=464","url_meta":{"origin":593,"position":1},"title":"En Calama detienen a sujeto buscado internacionalmente por almacenar material pornogr\u00e1fico infantil","author":"carocklina","date":"Diciembre 28, 2022","format":false,"excerpt":"Personal de la Brigada de Investigaci\u00f3n Calama de la PDI junto a analistas de la Oficina de An\u00e1lisis Criminal Calama y coordinados por el fiscal Ra\u00fal Marabol\u00ed Salas, detuvieron a una persona de 28 a\u00f1os, a quien se le imputa el delito flagrante de Almacenamiento de Material Pornogr\u00e1fico Infantil, quien\u2026","rel":"","context":"En &quot;Radio Norte&quot;","block_context":{"text":"Radio Norte","link":"https:\/\/radionorte.cl\/?cat=149"},"img":{"alt_text":"","src":"https:\/\/i0.wp.com\/radionorte.cl\/wp-content\/uploads\/2022\/12\/01.png?fit=1200%2C633&ssl=1&resize=350%2C200","width":350,"height":200,"srcset":"https:\/\/i0.wp.com\/radionorte.cl\/wp-content\/uploads\/2022\/12\/01.png?fit=1200%2C633&ssl=1&resize=350%2C200 1x, https:\/\/i0.wp.com\/radionorte.cl\/wp-content\/uploads\/2022\/12\/01.png?fit=1200%2C633&ssl=1&resize=525%2C300 1.5x, https:\/\/i0.wp.com\/radionorte.cl\/wp-content\/uploads\/2022\/12\/01.png?fit=1200%2C633&ssl=1&resize=700%2C400 2x, https:\/\/i0.wp.com\/radionorte.cl\/wp-content\/uploads\/2022\/12\/01.png?fit=1200%2C633&ssl=1&resize=1050%2C600 3x"},"classes":[]},{"id":676,"url":"https:\/\/radionorte.cl\/?p=676","url_meta":{"origin":593,"position":2},"title":"Operativo en Calama concluy\u00f3 con 31 detenidos","author":"carocklina","date":"Febrero 4, 2023","format":false,"excerpt":"Durante cuatro d\u00edas se desarrollaron rondas por el personal de Carabineros de Calama y la patrulla Centauro de Antofagasta, dejando 31 detenidos, de los cuales doce son por mantener \u00f3rdenes vigentes y el resto por diversos delitos como porte de elementos para cometer, porte de arma blanca, robo en lugar\u2026","rel":"","context":"En &quot;Radio Norte&quot;","block_context":{"text":"Radio Norte","link":"https:\/\/radionorte.cl\/?cat=149"},"img":{"alt_text":"","src":"https:\/\/i0.wp.com\/radionorte.cl\/wp-content\/uploads\/2023\/02\/01-3.png?fit=1200%2C797&ssl=1&resize=350%2C200","width":350,"height":200,"srcset":"https:\/\/i0.wp.com\/radionorte.cl\/wp-content\/uploads\/2023\/02\/01-3.png?fit=1200%2C797&ssl=1&resize=350%2C200 1x, https:\/\/i0.wp.com\/radionorte.cl\/wp-content\/uploads\/2023\/02\/01-3.png?fit=1200%2C797&ssl=1&resize=525%2C300 1.5x, https:\/\/i0.wp.com\/radionorte.cl\/wp-content\/uploads\/2023\/02\/01-3.png?fit=1200%2C797&ssl=1&resize=700%2C400 2x, https:\/\/i0.wp.com\/radionorte.cl\/wp-content\/uploads\/2023\/02\/01-3.png?fit=1200%2C797&ssl=1&resize=1050%2C600 3x"},"classes":[]},{"id":626,"url":"https:\/\/radionorte.cl\/?p=626","url_meta":{"origin":593,"position":3},"title":"Antofagasta: Detienen a sujeto que presuntamente violentaba a su pareja en plena v\u00eda p\u00fablica","author":"carocklina","date":"Enero 18, 2023","format":false,"excerpt":"Detectives de la Brigada Investigadora de Delitos Sexuales Antofagasta, en coordinaci\u00f3n con la Fiscal\u00eda Local, detuvieron a una persona a quien se le imputaron cargos por el delito flagrante de Lesiones en contexto de Violencia Intrafamiliar e Infracci\u00f3n a Ley Nro. 2460 por amenazar al personal policial en el ejercicio\u2026","rel":"","context":"En &quot;Radio Norte&quot;","block_context":{"text":"Radio Norte","link":"https:\/\/radionorte.cl\/?cat=149"},"img":{"alt_text":"","src":"https:\/\/i0.wp.com\/radionorte.cl\/wp-content\/uploads\/2023\/01\/01-14.png?fit=1200%2C877&ssl=1&resize=350%2C200","width":350,"height":200,"srcset":"https:\/\/i0.wp.com\/radionorte.cl\/wp-content\/uploads\/2023\/01\/01-14.png?fit=1200%2C877&ssl=1&resize=350%2C200 1x, https:\/\/i0.wp.com\/radionorte.cl\/wp-content\/uploads\/2023\/01\/01-14.png?fit=1200%2C877&ssl=1&resize=525%2C300 1.5x, https:\/\/i0.wp.com\/radionorte.cl\/wp-content\/uploads\/2023\/01\/01-14.png?fit=1200%2C877&ssl=1&resize=700%2C400 2x, https:\/\/i0.wp.com\/radionorte.cl\/wp-content\/uploads\/2023\/01\/01-14.png?fit=1200%2C877&ssl=1&resize=1050%2C600 3x"},"classes":[]},{"id":617,"url":"https:\/\/radionorte.cl\/?p=617","url_meta":{"origin":593,"position":4},"title":"Mujer sufre violento robo en las afuera de un banco en Antofagasta","author":"carocklina","date":"Enero 14, 2023","format":false,"excerpt":"El parlamentario por la regi\u00f3n de Antofagasta, Sebasti\u00e1n Videla (IND-PL), ante diversas denuncias de vecinos en sus redes sociales, ha viralizado el relato de una afectada por la ola de robos en las afueras de los bancos de la capital regional. En palabras del parlamentario, la situaci\u00f3n ha crecido exponencialmente\u2026","rel":"","context":"En &quot;Radio Norte&quot;","block_context":{"text":"Radio Norte","link":"https:\/\/radionorte.cl\/?cat=149"},"img":{"alt_text":"","src":"https:\/\/i0.wp.com\/radionorte.cl\/wp-content\/uploads\/2023\/01\/03.png?fit=1200%2C675&ssl=1&resize=350%2C200","width":350,"height":200,"srcset":"https:\/\/i0.wp.com\/radionorte.cl\/wp-content\/uploads\/2023\/01\/03.png?fit=1200%2C675&ssl=1&resize=350%2C200 1x, https:\/\/i0.wp.com\/radionorte.cl\/wp-content\/uploads\/2023\/01\/03.png?fit=1200%2C675&ssl=1&resize=525%2C300 1.5x, https:\/\/i0.wp.com\/radionorte.cl\/wp-content\/uploads\/2023\/01\/03.png?fit=1200%2C675&ssl=1&resize=700%2C400 2x, https:\/\/i0.wp.com\/radionorte.cl\/wp-content\/uploads\/2023\/01\/03.png?fit=1200%2C675&ssl=1&resize=1050%2C600 3x"},"classes":[]},{"id":650,"url":"https:\/\/radionorte.cl\/?p=650","url_meta":{"origin":593,"position":5},"title":"Detienen en Antofagasta a uno de los presuntos autores de un homicidio ocurrido en La Serena","author":"carocklina","date":"Enero 26, 2023","format":false,"excerpt":"Detectives de la Brigada de Homicidios de la PDI Antofagasta, en coordinaci\u00f3n con la Brigada de Homicidios de La Serena lograron la detenci\u00f3n de un ciudadano extranjero sobre quien pesaba una orden de detenci\u00f3n por el delito de Homicidio y Homicidio Frustrado en un hecho ocurrido el fin de semana\u2026","rel":"","context":"En &quot;Radio Norte&quot;","block_context":{"text":"Radio Norte","link":"https:\/\/radionorte.cl\/?cat=149"},"img":{"alt_text":"","src":"https:\/\/i0.wp.com\/radionorte.cl\/wp-content\/uploads\/2023\/01\/01-20.png?resize=350%2C200&ssl=1","width":350,"height":200,"srcset":"https:\/\/i0.wp.com\/radionorte.cl\/wp-content\/uploads\/2023\/01\/01-20.png?resize=350%2C200&ssl=1 1x, https:\/\/i0.wp.com\/radionorte.cl\/wp-content\/uploads\/2023\/01\/01-20.png?resize=525%2C300&ssl=1 1.5x"},"classes":[]}],"jetpack_sharing_enabled":true,"_links":{"self":[{"href":"https:\/\/radionorte.cl\/index.php?rest_route=\/wp\/v2\/posts\/593","targetHints":{"allow":["GET"]}}],"collection":[{"href":"https:\/\/radionorte.cl\/index.php?rest_route=\/wp\/v2\/posts"}],"about":[{"href":"https:\/\/radionorte.cl\/index.php?rest_route=\/wp\/v2\/types\/post"}],"author":[{"embeddable":true,"href":"https:\/\/radionorte.cl\/index.php?rest_route=\/wp\/v2\/users\/1"}],"replies":[{"embeddable":true,"href":"https:\/\/radionorte.cl\/index.php?rest_route=%2Fwp%2Fv2%2Fcomments&post=593"}],"version-history":[{"count":1,"href":"https:\/\/radionorte.cl\/index.php?rest_route=\/wp\/v2\/posts\/593\/revisions"}],"predecessor-version":[{"id":595,"href":"https:\/\/radionorte.cl\/index.php?rest_route=\/wp\/v2\/posts\/593\/revisions\/595"}],"wp:featuredmedia":[{"embeddable":true,"href":"https:\/\/radionorte.cl\/index.php?rest_route=\/wp\/v2\/media\/594"}],"wp:attachment":[{"href":"https:\/\/radionorte.cl\/index.php?rest_route=%2Fwp%2Fv2%2Fmedia&parent=593"}],"wp:term":[{"taxonomy":"category","embeddable":true,"href":"https:\/\/radionorte.cl\/index.php?rest_route=%2Fwp%2Fv2%2Fcategories&post=593"},{"taxonomy":"post_tag","embeddable":true,"href":"https:\/\/radionorte.cl\/index.php?rest_route=%2Fwp%2Fv2%2Ftags&post=593"}],"curies":[{"name":"wp","href":"https:\/\/api.w.org\/{rel}","templated":true}]}}