{"id":611,"date":"2023-01-12T21:45:32","date_gmt":"2023-01-12T21:45:32","guid":{"rendered":"https:\/\/radionorte.cl\/?p=611"},"modified":"2023-01-12T21:45:35","modified_gmt":"2023-01-12T21:45:35","slug":"lanzan-plan-de-verano-con-miras-a-la-reactivacion-de-aprendizajes-en-ninas-ninos-y-adolescentes-de-la-region-de-antofagasta","status":"publish","type":"post","link":"https:\/\/radionorte.cl\/?p=611","title":{"rendered":"Lanzan Plan de Verano con miras a la reactivaci\u00f3n de aprendizajes en ni\u00f1as, ni\u00f1os y adolescentes de la regi\u00f3n de Antofagasta"},"content":{"rendered":"\n<p>En las colonias escolares realizadas en el Colegio T\u00e9cnico Industrial Don Bosco de Antofagasta, el seremi de Educaci\u00f3n, Alberto Santander, junto al director regional de JUNAEB, H\u00e9ctor Andrade, hicieron el lanzamiento del Plan Verano 2023 del Ministerio de Educaci\u00f3n, una serie de actividades y acciones enmarcadas en el Plan de Reactivaci\u00f3n Educativa para garantizar la continuidad de las trayectorias educativas en las y los estudiantes, esto a trav\u00e9s de la realizaci\u00f3n de actividades recreativas durante el verano.<\/p>\n\n\n\n<figure class=\"wp-block-image size-large\"><img data-recalc-dims=\"1\" loading=\"lazy\" decoding=\"async\" width=\"960\" height=\"720\" src=\"https:\/\/i0.wp.com\/radionorte.cl\/wp-content\/uploads\/2023\/01\/01-10.png?resize=960%2C720\" alt=\"\" class=\"wp-image-612\" srcset=\"https:\/\/i0.wp.com\/radionorte.cl\/wp-content\/uploads\/2023\/01\/01-10.png?resize=1024%2C768&amp;ssl=1 1024w, https:\/\/i0.wp.com\/radionorte.cl\/wp-content\/uploads\/2023\/01\/01-10.png?resize=300%2C225&amp;ssl=1 300w, https:\/\/i0.wp.com\/radionorte.cl\/wp-content\/uploads\/2023\/01\/01-10.png?resize=768%2C576&amp;ssl=1 768w, https:\/\/i0.wp.com\/radionorte.cl\/wp-content\/uploads\/2023\/01\/01-10.png?resize=510%2C382&amp;ssl=1 510w, https:\/\/i0.wp.com\/radionorte.cl\/wp-content\/uploads\/2023\/01\/01-10.png?resize=980%2C735&amp;ssl=1 980w, https:\/\/i0.wp.com\/radionorte.cl\/wp-content\/uploads\/2023\/01\/01-10.png?resize=480%2C360&amp;ssl=1 480w, https:\/\/i0.wp.com\/radionorte.cl\/wp-content\/uploads\/2023\/01\/01-10.png?w=1068&amp;ssl=1 1068w\" sizes=\"auto, (max-width: 960px) 100vw, 960px\" \/><\/figure>\n\n\n\n<p>En la ocasi\u00f3n, el seremi de Educaci\u00f3n junto al director regional de JUNAEB compartieron junto a las m\u00e1s de 100 ni\u00f1as y ni\u00f1os que se encuentran participando de la actividad, la cual tiene por objetivo potenciar la interacci\u00f3n con el medio y la convivencia entre pares por medio del desarrollo de talleres a trav\u00e9s del juego.<\/p>\n\n\n\n<p>\u201cEl realizar estas colonias y vacaciones ha sido un motivo de alegr\u00eda, retomar esta actividad que es tan formativa, tanto para quienes la realizan, como para aquellos que participan. Estamos muy agradecidos tambi\u00e9n de las facilidades que nos han dado las autoridades para poder tener la alimentaci\u00f3n, con todo esto esperamos que los ni\u00f1os sean mejores ni\u00f1os\u201d, se\u00f1al\u00f3 el director del Colegio Don Bosco, padre Juan Bustamante.<\/p>\n\n\n\n<p>Misma satisfacci\u00f3n mostraron las ni\u00f1as y ni\u00f1os asistentes a las colonias, como tambi\u00e9n las y los monitores que se encuentran guiando las actividades, como es el caso de Juan Ulloa, ex alumno del establecimiento y actual monitor de la actividad, \u201cha sido una experiencia s\u00faper grata, no hay nada que me deje mas contento que la sonrisa de un ni\u00f1o. Nuestras actividades se dividen en ramas, los ni\u00f1os pueden escoger la rama en la que quieren participar, hay talleres de artes esc\u00e9nicas, de deportes, de cocina, entre otros\u201d.<\/p>\n\n\n\n<p>La iniciativa llevada a cabo en el colegio es apoyada por JUNAEB a trav\u00e9s del Programa de Alimentaci\u00f3n Escolar, lo que se suma a las actividades del Plan Verano 2023, el cual busca aunar todas los esfuerzos posibles que tengan por objetivo enriquecer los aprendizajes y promover el desarrollo personal de las y los estudiantes, como los son las escuelas de verano de municipios; jardines infantiles en verano de Junji; el Programa Crecer en Movimiento del Ministerio del Deporte; actividades organizadas por Mineduc, como English Summer Camps; y actividades de Centros de Creaci\u00f3n, del Ministerio de las Culturas.<\/p>\n\n\n\n<p>\u201cEstamos lanzando el Plan de Verano que como Ministerio de Educaci\u00f3n y Seremi de Educaci\u00f3n estamos impulsando arduamente, actividades que buscan mantener a los estudiantes y atraerlos a la revinculaci\u00f3n, al trabajo en las aulas y que tambi\u00e9n tiene por objetivo potenciar sus aprendizajes. En la regi\u00f3n de Antofagasta, ya se est\u00e1n llevando a cabo otras actividades en el marco de este plan, como el Campamento de Ingl\u00e9s en Calama, mientras que tambi\u00e9n en otras comunas como Taltal, Ollag\u00fce y San Pedro de Atacama se desarrollar\u00e1n otras iniciativas por parte las municipalidades\u201d, coment\u00f3 el seremi de Educaci\u00f3n, Alberto Santander.<\/p>\n\n\n\n<p>Por su parte, el director regional de JUNAEB, H\u00e9ctor Andrade indic\u00f3 que \u201choy d\u00eda, dada la necesidad de que las ni\u00f1as y ni\u00f1os se integren a la educaci\u00f3n luego de dos a\u00f1os de pandemia y sientan que hay una comunidad educativa, hace importante el apoyo de JUNAEB. Lo que pasa en este colegio es un ejemplo, en donde alumnos y ex alumnos son voluntarios de las y los m\u00e1s peque\u00f1os, quienes son integrados a actividades que entregan diversas ense\u00f1anzas y as\u00ed vamos creciendo en lo que todos deseamos, que seamos comunidad educativa\u201d.<\/p>\n\n\n\n<p>En la regi\u00f3n de Antofagasta actualmente se encuentran en curso otras cuatro iniciativas en el marco del Plan Verano, la Escuela de Verano de la Escuela San Antonio de Padua de Ollag\u00fce, la Escuela de Verano en la Escuela E-26 de San Pedro de Atacama, la Escuela de Verano en el Estadio Techado de Taltal y el English Summer Camp del Programa Ingl\u00e9s Abre Puertas del Ministerio de Educaci\u00f3n en Calama.<\/p>\n\n\n\n<p>As\u00ed mismo, se llevar\u00e1n a cabo otras actividades en la regi\u00f3n como los Laboratorios CECREA del Ministerio de las Culturas, las Artes y el Patrimonio, junto a los talleres deportivos y actividades recreativas en la comuna de Sierra Gorda.<\/p>\n\n\n\n<p>Adem\u00e1s de las escuelas de verano, tambi\u00e9n habr\u00e1 actividades masivas que se realizar\u00e1n durante febrero, como los Patios Culturales y la Escuela de Especializaci\u00f3n Deportiva. Junto con ello, el Ministerio de Educaci\u00f3n puso a disposici\u00f3n de las familias, algunos recursos educativos y orientaciones en formato digital, para incentivar la lectura y escritura a trav\u00e9s del sitio web https:\/\/seamoscomunidad.mineduc.cl\/plan-verano\/ y de la App Contigo Juego y Aprendo, desarrollada por la Subsecretar\u00eda de Educaci\u00f3n Parvularia.<\/p>\n","protected":false},"excerpt":{"rendered":"<p>En las colonias escolares realizadas en el Colegio T\u00e9cnico Industrial Don Bosco de Antofagasta, el seremi de Educaci\u00f3n, Alberto Santander, junto al director regional de JUNAEB, H\u00e9ctor Andrade, hicieron el lanzamiento del Plan Verano 2023 del Ministerio de Educaci\u00f3n, una serie de actividades y acciones enmarcadas en el Plan de Reactivaci\u00f3n Educativa para garantizar la continuidad de las trayectorias educativas en las y los estudiantes, esto a trav\u00e9s de la realizaci\u00f3n de actividades recreativas durante el verano. En la ocasi\u00f3n, el seremi de Educaci\u00f3n junto al director regional de JUNAEB compartieron junto a las m\u00e1s de 100 ni\u00f1as y ni\u00f1os que se encuentran participando de la actividad, la cual tiene por objetivo potenciar la interacci\u00f3n con el medio y la convivencia entre pares por medio del desarrollo de talleres a trav\u00e9s del juego. \u201cEl realizar estas colonias y vacaciones ha sido un motivo de alegr\u00eda, retomar esta actividad que es tan formativa, tanto para quienes la realizan, como para aquellos que participan. Estamos muy agradecidos tambi\u00e9n de las facilidades que nos han dado las autoridades para poder tener la alimentaci\u00f3n, con todo esto esperamos que los ni\u00f1os sean mejores ni\u00f1os\u201d, se\u00f1al\u00f3 el director del Colegio Don Bosco, padre Juan Bustamante. Misma satisfacci\u00f3n mostraron las ni\u00f1as y ni\u00f1os asistentes a las colonias, como tambi\u00e9n las y los monitores que se encuentran guiando las actividades, como es el caso de Juan Ulloa, ex alumno del establecimiento y actual monitor de la actividad, \u201cha sido una experiencia s\u00faper grata, no hay nada que me deje mas contento que la sonrisa de un ni\u00f1o. Nuestras actividades se dividen en ramas, los ni\u00f1os pueden escoger la rama en la que quieren participar, hay talleres de artes esc\u00e9nicas, de deportes, de cocina, entre otros\u201d. La iniciativa llevada a cabo en el colegio es apoyada por JUNAEB a trav\u00e9s del Programa de Alimentaci\u00f3n Escolar, lo que se suma a las actividades del Plan Verano 2023, el cual busca aunar todas los esfuerzos posibles que tengan por objetivo enriquecer los aprendizajes y promover el desarrollo personal de las y los estudiantes, como los son las escuelas de verano de municipios; jardines infantiles en verano de Junji; el Programa Crecer en Movimiento del Ministerio del Deporte; actividades organizadas por Mineduc, como English Summer Camps; y actividades de Centros de Creaci\u00f3n, del Ministerio de las Culturas. \u201cEstamos lanzando el Plan de Verano que como Ministerio de Educaci\u00f3n y Seremi de Educaci\u00f3n estamos impulsando arduamente, actividades que buscan mantener a los estudiantes y atraerlos a la revinculaci\u00f3n, al trabajo en las aulas y que tambi\u00e9n tiene por objetivo potenciar sus aprendizajes. En la regi\u00f3n de Antofagasta, ya se est\u00e1n llevando a cabo otras actividades en el marco de este plan, como el Campamento de Ingl\u00e9s en Calama, mientras que tambi\u00e9n en otras comunas como Taltal, Ollag\u00fce y San Pedro de Atacama se desarrollar\u00e1n otras iniciativas por parte las municipalidades\u201d, coment\u00f3 el seremi de Educaci\u00f3n, Alberto Santander. Por su parte, el director regional de JUNAEB, H\u00e9ctor Andrade indic\u00f3 que \u201choy d\u00eda, dada la necesidad de que las ni\u00f1as y ni\u00f1os se integren a la educaci\u00f3n luego de dos a\u00f1os de pandemia y sientan que hay una comunidad educativa, hace importante el apoyo de JUNAEB. Lo que pasa en este colegio es un ejemplo, en donde alumnos y ex alumnos son voluntarios de las y los m\u00e1s peque\u00f1os, quienes son integrados a actividades que entregan diversas ense\u00f1anzas y as\u00ed vamos creciendo en lo que todos deseamos, que seamos comunidad educativa\u201d. En la regi\u00f3n de Antofagasta actualmente se encuentran en curso otras cuatro iniciativas en el marco del Plan Verano, la Escuela de Verano de la Escuela San Antonio de Padua de Ollag\u00fce, la Escuela de Verano en la Escuela E-26 de San Pedro de Atacama, la Escuela de Verano en el Estadio Techado de Taltal y el English Summer Camp del Programa Ingl\u00e9s Abre Puertas del Ministerio de Educaci\u00f3n en Calama. As\u00ed mismo, se llevar\u00e1n a cabo otras actividades en la regi\u00f3n como los Laboratorios CECREA del Ministerio de las Culturas, las Artes y el Patrimonio, junto a los talleres deportivos y actividades recreativas en la comuna de Sierra Gorda. Adem\u00e1s de las escuelas de verano, tambi\u00e9n habr\u00e1 actividades masivas que se realizar\u00e1n durante febrero, como los Patios Culturales y la Escuela de Especializaci\u00f3n Deportiva. Junto con ello, el Ministerio de Educaci\u00f3n puso a disposici\u00f3n de las familias, algunos recursos educativos y orientaciones en formato digital, para incentivar la lectura y escritura a trav\u00e9s del sitio web https:\/\/seamoscomunidad.mineduc.cl\/plan-verano\/ y de la App Contigo Juego y Aprendo, desarrollada por la Subsecretar\u00eda de Educaci\u00f3n Parvularia.<\/p>\n","protected":false},"author":1,"featured_media":612,"comment_status":"open","ping_status":"open","sticky":false,"template":"","format":"standard","meta":{"_jetpack_memberships_contains_paid_content":false,"footnotes":""},"categories":[149],"tags":[72,115,113,114],"class_list":["post-611","post","type-post","status-publish","format-standard","has-post-thumbnail","hentry","category-escucha-online-aqui","tag-antofagasta","tag-colegio-tecnico-industrial-don-bosco-de-antofagasta","tag-plan-de-verano","tag-reactivacion-de-aprendizajes"],"yoast_head":"<!-- This site is optimized with the Yoast SEO plugin v27.4 - https:\/\/yoast.com\/product\/yoast-seo-wordpress\/ -->\n<title>Lanzan Plan de Verano con miras a la reactivaci\u00f3n de aprendizajes en ni\u00f1as, ni\u00f1os y adolescentes de la regi\u00f3n de Antofagasta -<\/title>\n<meta name=\"robots\" content=\"index, follow, max-snippet:-1, max-image-preview:large, max-video-preview:-1\" \/>\n<link rel=\"canonical\" href=\"https:\/\/radionorte.cl\/?p=611\" \/>\n<meta property=\"og:locale\" content=\"es_ES\" \/>\n<meta property=\"og:type\" content=\"article\" \/>\n<meta property=\"og:title\" content=\"Lanzan Plan de Verano con miras a la reactivaci\u00f3n de aprendizajes en ni\u00f1as, ni\u00f1os y adolescentes de la regi\u00f3n de Antofagasta -\" \/>\n<meta property=\"og:description\" content=\"En las colonias escolares realizadas en el Colegio T\u00e9cnico Industrial Don Bosco de Antofagasta, el seremi de Educaci\u00f3n, Alberto Santander, junto al director regional de JUNAEB, H\u00e9ctor Andrade, hicieron el lanzamiento del Plan Verano 2023 del Ministerio de Educaci\u00f3n, una serie de actividades y acciones enmarcadas en el Plan de Reactivaci\u00f3n Educativa para garantizar la continuidad de las trayectorias educativas en las y los estudiantes, esto a trav\u00e9s de la realizaci\u00f3n de actividades recreativas durante el verano. En la ocasi\u00f3n, el seremi de Educaci\u00f3n junto al director regional de JUNAEB compartieron junto a las m\u00e1s de 100 ni\u00f1as y ni\u00f1os que se encuentran participando de la actividad, la cual tiene por objetivo potenciar la interacci\u00f3n con el medio y la convivencia entre pares por medio del desarrollo de talleres a trav\u00e9s del juego. \u201cEl realizar estas colonias y vacaciones ha sido un motivo de alegr\u00eda, retomar esta actividad que es tan formativa, tanto para quienes la realizan, como para aquellos que participan. Estamos muy agradecidos tambi\u00e9n de las facilidades que nos han dado las autoridades para poder tener la alimentaci\u00f3n, con todo esto esperamos que los ni\u00f1os sean mejores ni\u00f1os\u201d, se\u00f1al\u00f3 el director del Colegio Don Bosco, padre Juan Bustamante. Misma satisfacci\u00f3n mostraron las ni\u00f1as y ni\u00f1os asistentes a las colonias, como tambi\u00e9n las y los monitores que se encuentran guiando las actividades, como es el caso de Juan Ulloa, ex alumno del establecimiento y actual monitor de la actividad, \u201cha sido una experiencia s\u00faper grata, no hay nada que me deje mas contento que la sonrisa de un ni\u00f1o. Nuestras actividades se dividen en ramas, los ni\u00f1os pueden escoger la rama en la que quieren participar, hay talleres de artes esc\u00e9nicas, de deportes, de cocina, entre otros\u201d. La iniciativa llevada a cabo en el colegio es apoyada por JUNAEB a trav\u00e9s del Programa de Alimentaci\u00f3n Escolar, lo que se suma a las actividades del Plan Verano 2023, el cual busca aunar todas los esfuerzos posibles que tengan por objetivo enriquecer los aprendizajes y promover el desarrollo personal de las y los estudiantes, como los son las escuelas de verano de municipios; jardines infantiles en verano de Junji; el Programa Crecer en Movimiento del Ministerio del Deporte; actividades organizadas por Mineduc, como English Summer Camps; y actividades de Centros de Creaci\u00f3n, del Ministerio de las Culturas. \u201cEstamos lanzando el Plan de Verano que como Ministerio de Educaci\u00f3n y Seremi de Educaci\u00f3n estamos impulsando arduamente, actividades que buscan mantener a los estudiantes y atraerlos a la revinculaci\u00f3n, al trabajo en las aulas y que tambi\u00e9n tiene por objetivo potenciar sus aprendizajes. En la regi\u00f3n de Antofagasta, ya se est\u00e1n llevando a cabo otras actividades en el marco de este plan, como el Campamento de Ingl\u00e9s en Calama, mientras que tambi\u00e9n en otras comunas como Taltal, Ollag\u00fce y San Pedro de Atacama se desarrollar\u00e1n otras iniciativas por parte las municipalidades\u201d, coment\u00f3 el seremi de Educaci\u00f3n, Alberto Santander. Por su parte, el director regional de JUNAEB, H\u00e9ctor Andrade indic\u00f3 que \u201choy d\u00eda, dada la necesidad de que las ni\u00f1as y ni\u00f1os se integren a la educaci\u00f3n luego de dos a\u00f1os de pandemia y sientan que hay una comunidad educativa, hace importante el apoyo de JUNAEB. Lo que pasa en este colegio es un ejemplo, en donde alumnos y ex alumnos son voluntarios de las y los m\u00e1s peque\u00f1os, quienes son integrados a actividades que entregan diversas ense\u00f1anzas y as\u00ed vamos creciendo en lo que todos deseamos, que seamos comunidad educativa\u201d. En la regi\u00f3n de Antofagasta actualmente se encuentran en curso otras cuatro iniciativas en el marco del Plan Verano, la Escuela de Verano de la Escuela San Antonio de Padua de Ollag\u00fce, la Escuela de Verano en la Escuela E-26 de San Pedro de Atacama, la Escuela de Verano en el Estadio Techado de Taltal y el English Summer Camp del Programa Ingl\u00e9s Abre Puertas del Ministerio de Educaci\u00f3n en Calama. As\u00ed mismo, se llevar\u00e1n a cabo otras actividades en la regi\u00f3n como los Laboratorios CECREA del Ministerio de las Culturas, las Artes y el Patrimonio, junto a los talleres deportivos y actividades recreativas en la comuna de Sierra Gorda. Adem\u00e1s de las escuelas de verano, tambi\u00e9n habr\u00e1 actividades masivas que se realizar\u00e1n durante febrero, como los Patios Culturales y la Escuela de Especializaci\u00f3n Deportiva. Junto con ello, el Ministerio de Educaci\u00f3n puso a disposici\u00f3n de las familias, algunos recursos educativos y orientaciones en formato digital, para incentivar la lectura y escritura a trav\u00e9s del sitio web https:\/\/seamoscomunidad.mineduc.cl\/plan-verano\/ y de la App Contigo Juego y Aprendo, desarrollada por la Subsecretar\u00eda de Educaci\u00f3n Parvularia.\" \/>\n<meta property=\"og:url\" content=\"https:\/\/radionorte.cl\/?p=611\" \/>\n<meta property=\"article:published_time\" content=\"2023-01-12T21:45:32+00:00\" \/>\n<meta property=\"article:modified_time\" content=\"2023-01-12T21:45:35+00:00\" \/>\n<meta property=\"og:image\" content=\"http:\/\/radionorte.cl\/wp-content\/uploads\/2023\/01\/01-10.png\" \/>\n\t<meta property=\"og:image:width\" content=\"1068\" \/>\n\t<meta property=\"og:image:height\" content=\"801\" \/>\n\t<meta property=\"og:image:type\" content=\"image\/png\" \/>\n<meta name=\"author\" content=\"carocklina\" \/>\n<meta name=\"twitter:card\" content=\"summary_large_image\" \/>\n<meta name=\"twitter:label1\" content=\"Escrito por\" \/>\n\t<meta name=\"twitter:data1\" content=\"carocklina\" \/>\n\t<meta name=\"twitter:label2\" content=\"Tiempo estimado de lectura\" \/>\n\t<meta name=\"twitter:data2\" content=\"4 minutos\" \/>\n<script type=\"application\/ld+json\" class=\"yoast-schema-graph\">{\"@context\":\"https:\\\/\\\/schema.org\",\"@graph\":[{\"@type\":\"Article\",\"@id\":\"https:\\\/\\\/radionorte.cl\\\/?p=611#article\",\"isPartOf\":{\"@id\":\"https:\\\/\\\/radionorte.cl\\\/?p=611\"},\"author\":{\"name\":\"carocklina\",\"@id\":\"https:\\\/\\\/radionorte.cl\\\/#\\\/schema\\\/person\\\/baacf6923dce8651ca2587cbf14dbef2\"},\"headline\":\"Lanzan Plan de Verano con miras a la reactivaci\u00f3n de aprendizajes en ni\u00f1as, ni\u00f1os y adolescentes de la regi\u00f3n de Antofagasta\",\"datePublished\":\"2023-01-12T21:45:32+00:00\",\"dateModified\":\"2023-01-12T21:45:35+00:00\",\"mainEntityOfPage\":{\"@id\":\"https:\\\/\\\/radionorte.cl\\\/?p=611\"},\"wordCount\":852,\"commentCount\":0,\"image\":{\"@id\":\"https:\\\/\\\/radionorte.cl\\\/?p=611#primaryimage\"},\"thumbnailUrl\":\"https:\\\/\\\/i0.wp.com\\\/radionorte.cl\\\/wp-content\\\/uploads\\\/2023\\\/01\\\/01-10.png?fit=1068%2C801&ssl=1\",\"keywords\":[\"Antofagasta\",\"Colegio T\u00e9cnico Industrial Don Bosco de Antofagasta\",\"Plan de Verano\",\"reactivaci\u00f3n de aprendizajes\"],\"articleSection\":[\"Radio Norte\"],\"inLanguage\":\"es-CL\",\"potentialAction\":[{\"@type\":\"CommentAction\",\"name\":\"Comment\",\"target\":[\"https:\\\/\\\/radionorte.cl\\\/?p=611#respond\"]}]},{\"@type\":\"WebPage\",\"@id\":\"https:\\\/\\\/radionorte.cl\\\/?p=611\",\"url\":\"https:\\\/\\\/radionorte.cl\\\/?p=611\",\"name\":\"Lanzan Plan de Verano con miras a la reactivaci\u00f3n de aprendizajes en ni\u00f1as, ni\u00f1os y adolescentes de la regi\u00f3n de Antofagasta -\",\"isPartOf\":{\"@id\":\"https:\\\/\\\/radionorte.cl\\\/#website\"},\"primaryImageOfPage\":{\"@id\":\"https:\\\/\\\/radionorte.cl\\\/?p=611#primaryimage\"},\"image\":{\"@id\":\"https:\\\/\\\/radionorte.cl\\\/?p=611#primaryimage\"},\"thumbnailUrl\":\"https:\\\/\\\/i0.wp.com\\\/radionorte.cl\\\/wp-content\\\/uploads\\\/2023\\\/01\\\/01-10.png?fit=1068%2C801&ssl=1\",\"datePublished\":\"2023-01-12T21:45:32+00:00\",\"dateModified\":\"2023-01-12T21:45:35+00:00\",\"author\":{\"@id\":\"https:\\\/\\\/radionorte.cl\\\/#\\\/schema\\\/person\\\/baacf6923dce8651ca2587cbf14dbef2\"},\"breadcrumb\":{\"@id\":\"https:\\\/\\\/radionorte.cl\\\/?p=611#breadcrumb\"},\"inLanguage\":\"es-CL\",\"potentialAction\":[{\"@type\":\"ReadAction\",\"target\":[\"https:\\\/\\\/radionorte.cl\\\/?p=611\"]}]},{\"@type\":\"ImageObject\",\"inLanguage\":\"es-CL\",\"@id\":\"https:\\\/\\\/radionorte.cl\\\/?p=611#primaryimage\",\"url\":\"https:\\\/\\\/i0.wp.com\\\/radionorte.cl\\\/wp-content\\\/uploads\\\/2023\\\/01\\\/01-10.png?fit=1068%2C801&ssl=1\",\"contentUrl\":\"https:\\\/\\\/i0.wp.com\\\/radionorte.cl\\\/wp-content\\\/uploads\\\/2023\\\/01\\\/01-10.png?fit=1068%2C801&ssl=1\",\"width\":1068,\"height\":801},{\"@type\":\"BreadcrumbList\",\"@id\":\"https:\\\/\\\/radionorte.cl\\\/?p=611#breadcrumb\",\"itemListElement\":[{\"@type\":\"ListItem\",\"position\":1,\"name\":\"Home\",\"item\":\"https:\\\/\\\/radionorte.cl\\\/\"},{\"@type\":\"ListItem\",\"position\":2,\"name\":\"Lanzan Plan de Verano con miras a la reactivaci\u00f3n de aprendizajes en ni\u00f1as, ni\u00f1os y adolescentes de la regi\u00f3n de Antofagasta\"}]},{\"@type\":\"WebSite\",\"@id\":\"https:\\\/\\\/radionorte.cl\\\/#website\",\"url\":\"https:\\\/\\\/radionorte.cl\\\/\",\"name\":\"\",\"description\":\"\",\"potentialAction\":[{\"@type\":\"SearchAction\",\"target\":{\"@type\":\"EntryPoint\",\"urlTemplate\":\"https:\\\/\\\/radionorte.cl\\\/?s={search_term_string}\"},\"query-input\":{\"@type\":\"PropertyValueSpecification\",\"valueRequired\":true,\"valueName\":\"search_term_string\"}}],\"inLanguage\":\"es-CL\"},{\"@type\":\"Person\",\"@id\":\"https:\\\/\\\/radionorte.cl\\\/#\\\/schema\\\/person\\\/baacf6923dce8651ca2587cbf14dbef2\",\"name\":\"carocklina\",\"image\":{\"@type\":\"ImageObject\",\"inLanguage\":\"es-CL\",\"@id\":\"https:\\\/\\\/secure.gravatar.com\\\/avatar\\\/9edc52d7207ebb4d2bce985a253a7e2e313a7e3ced068ec36b73c76301b89836?s=96&d=mm&r=g\",\"url\":\"https:\\\/\\\/secure.gravatar.com\\\/avatar\\\/9edc52d7207ebb4d2bce985a253a7e2e313a7e3ced068ec36b73c76301b89836?s=96&d=mm&r=g\",\"contentUrl\":\"https:\\\/\\\/secure.gravatar.com\\\/avatar\\\/9edc52d7207ebb4d2bce985a253a7e2e313a7e3ced068ec36b73c76301b89836?s=96&d=mm&r=g\",\"caption\":\"carocklina\"},\"sameAs\":[\"http:\\\/\\\/radionorte.cl\"],\"url\":\"https:\\\/\\\/radionorte.cl\\\/?author=1\"}]}<\/script>\n<!-- \/ Yoast SEO plugin. -->","yoast_head_json":{"title":"Lanzan Plan de Verano con miras a la reactivaci\u00f3n de aprendizajes en ni\u00f1as, ni\u00f1os y adolescentes de la regi\u00f3n de Antofagasta -","robots":{"index":"index","follow":"follow","max-snippet":"max-snippet:-1","max-image-preview":"max-image-preview:large","max-video-preview":"max-video-preview:-1"},"canonical":"https:\/\/radionorte.cl\/?p=611","og_locale":"es_ES","og_type":"article","og_title":"Lanzan Plan de Verano con miras a la reactivaci\u00f3n de aprendizajes en ni\u00f1as, ni\u00f1os y adolescentes de la regi\u00f3n de Antofagasta -","og_description":"En las colonias escolares realizadas en el Colegio T\u00e9cnico Industrial Don Bosco de Antofagasta, el seremi de Educaci\u00f3n, Alberto Santander, junto al director regional de JUNAEB, H\u00e9ctor Andrade, hicieron el lanzamiento del Plan Verano 2023 del Ministerio de Educaci\u00f3n, una serie de actividades y acciones enmarcadas en el Plan de Reactivaci\u00f3n Educativa para garantizar la continuidad de las trayectorias educativas en las y los estudiantes, esto a trav\u00e9s de la realizaci\u00f3n de actividades recreativas durante el verano. En la ocasi\u00f3n, el seremi de Educaci\u00f3n junto al director regional de JUNAEB compartieron junto a las m\u00e1s de 100 ni\u00f1as y ni\u00f1os que se encuentran participando de la actividad, la cual tiene por objetivo potenciar la interacci\u00f3n con el medio y la convivencia entre pares por medio del desarrollo de talleres a trav\u00e9s del juego. \u201cEl realizar estas colonias y vacaciones ha sido un motivo de alegr\u00eda, retomar esta actividad que es tan formativa, tanto para quienes la realizan, como para aquellos que participan. Estamos muy agradecidos tambi\u00e9n de las facilidades que nos han dado las autoridades para poder tener la alimentaci\u00f3n, con todo esto esperamos que los ni\u00f1os sean mejores ni\u00f1os\u201d, se\u00f1al\u00f3 el director del Colegio Don Bosco, padre Juan Bustamante. Misma satisfacci\u00f3n mostraron las ni\u00f1as y ni\u00f1os asistentes a las colonias, como tambi\u00e9n las y los monitores que se encuentran guiando las actividades, como es el caso de Juan Ulloa, ex alumno del establecimiento y actual monitor de la actividad, \u201cha sido una experiencia s\u00faper grata, no hay nada que me deje mas contento que la sonrisa de un ni\u00f1o. Nuestras actividades se dividen en ramas, los ni\u00f1os pueden escoger la rama en la que quieren participar, hay talleres de artes esc\u00e9nicas, de deportes, de cocina, entre otros\u201d. La iniciativa llevada a cabo en el colegio es apoyada por JUNAEB a trav\u00e9s del Programa de Alimentaci\u00f3n Escolar, lo que se suma a las actividades del Plan Verano 2023, el cual busca aunar todas los esfuerzos posibles que tengan por objetivo enriquecer los aprendizajes y promover el desarrollo personal de las y los estudiantes, como los son las escuelas de verano de municipios; jardines infantiles en verano de Junji; el Programa Crecer en Movimiento del Ministerio del Deporte; actividades organizadas por Mineduc, como English Summer Camps; y actividades de Centros de Creaci\u00f3n, del Ministerio de las Culturas. \u201cEstamos lanzando el Plan de Verano que como Ministerio de Educaci\u00f3n y Seremi de Educaci\u00f3n estamos impulsando arduamente, actividades que buscan mantener a los estudiantes y atraerlos a la revinculaci\u00f3n, al trabajo en las aulas y que tambi\u00e9n tiene por objetivo potenciar sus aprendizajes. En la regi\u00f3n de Antofagasta, ya se est\u00e1n llevando a cabo otras actividades en el marco de este plan, como el Campamento de Ingl\u00e9s en Calama, mientras que tambi\u00e9n en otras comunas como Taltal, Ollag\u00fce y San Pedro de Atacama se desarrollar\u00e1n otras iniciativas por parte las municipalidades\u201d, coment\u00f3 el seremi de Educaci\u00f3n, Alberto Santander. Por su parte, el director regional de JUNAEB, H\u00e9ctor Andrade indic\u00f3 que \u201choy d\u00eda, dada la necesidad de que las ni\u00f1as y ni\u00f1os se integren a la educaci\u00f3n luego de dos a\u00f1os de pandemia y sientan que hay una comunidad educativa, hace importante el apoyo de JUNAEB. Lo que pasa en este colegio es un ejemplo, en donde alumnos y ex alumnos son voluntarios de las y los m\u00e1s peque\u00f1os, quienes son integrados a actividades que entregan diversas ense\u00f1anzas y as\u00ed vamos creciendo en lo que todos deseamos, que seamos comunidad educativa\u201d. En la regi\u00f3n de Antofagasta actualmente se encuentran en curso otras cuatro iniciativas en el marco del Plan Verano, la Escuela de Verano de la Escuela San Antonio de Padua de Ollag\u00fce, la Escuela de Verano en la Escuela E-26 de San Pedro de Atacama, la Escuela de Verano en el Estadio Techado de Taltal y el English Summer Camp del Programa Ingl\u00e9s Abre Puertas del Ministerio de Educaci\u00f3n en Calama. As\u00ed mismo, se llevar\u00e1n a cabo otras actividades en la regi\u00f3n como los Laboratorios CECREA del Ministerio de las Culturas, las Artes y el Patrimonio, junto a los talleres deportivos y actividades recreativas en la comuna de Sierra Gorda. Adem\u00e1s de las escuelas de verano, tambi\u00e9n habr\u00e1 actividades masivas que se realizar\u00e1n durante febrero, como los Patios Culturales y la Escuela de Especializaci\u00f3n Deportiva. Junto con ello, el Ministerio de Educaci\u00f3n puso a disposici\u00f3n de las familias, algunos recursos educativos y orientaciones en formato digital, para incentivar la lectura y escritura a trav\u00e9s del sitio web https:\/\/seamoscomunidad.mineduc.cl\/plan-verano\/ y de la App Contigo Juego y Aprendo, desarrollada por la Subsecretar\u00eda de Educaci\u00f3n Parvularia.","og_url":"https:\/\/radionorte.cl\/?p=611","article_published_time":"2023-01-12T21:45:32+00:00","article_modified_time":"2023-01-12T21:45:35+00:00","og_image":[{"width":1068,"height":801,"url":"http:\/\/radionorte.cl\/wp-content\/uploads\/2023\/01\/01-10.png","type":"image\/png"}],"author":"carocklina","twitter_card":"summary_large_image","twitter_misc":{"Escrito por":"carocklina","Tiempo estimado de lectura":"4 minutos"},"schema":{"@context":"https:\/\/schema.org","@graph":[{"@type":"Article","@id":"https:\/\/radionorte.cl\/?p=611#article","isPartOf":{"@id":"https:\/\/radionorte.cl\/?p=611"},"author":{"name":"carocklina","@id":"https:\/\/radionorte.cl\/#\/schema\/person\/baacf6923dce8651ca2587cbf14dbef2"},"headline":"Lanzan Plan de Verano con miras a la reactivaci\u00f3n de aprendizajes en ni\u00f1as, ni\u00f1os y adolescentes de la regi\u00f3n de Antofagasta","datePublished":"2023-01-12T21:45:32+00:00","dateModified":"2023-01-12T21:45:35+00:00","mainEntityOfPage":{"@id":"https:\/\/radionorte.cl\/?p=611"},"wordCount":852,"commentCount":0,"image":{"@id":"https:\/\/radionorte.cl\/?p=611#primaryimage"},"thumbnailUrl":"https:\/\/i0.wp.com\/radionorte.cl\/wp-content\/uploads\/2023\/01\/01-10.png?fit=1068%2C801&ssl=1","keywords":["Antofagasta","Colegio T\u00e9cnico Industrial Don Bosco de Antofagasta","Plan de Verano","reactivaci\u00f3n de aprendizajes"],"articleSection":["Radio Norte"],"inLanguage":"es-CL","potentialAction":[{"@type":"CommentAction","name":"Comment","target":["https:\/\/radionorte.cl\/?p=611#respond"]}]},{"@type":"WebPage","@id":"https:\/\/radionorte.cl\/?p=611","url":"https:\/\/radionorte.cl\/?p=611","name":"Lanzan Plan de Verano con miras a la reactivaci\u00f3n de aprendizajes en ni\u00f1as, ni\u00f1os y adolescentes de la regi\u00f3n de Antofagasta -","isPartOf":{"@id":"https:\/\/radionorte.cl\/#website"},"primaryImageOfPage":{"@id":"https:\/\/radionorte.cl\/?p=611#primaryimage"},"image":{"@id":"https:\/\/radionorte.cl\/?p=611#primaryimage"},"thumbnailUrl":"https:\/\/i0.wp.com\/radionorte.cl\/wp-content\/uploads\/2023\/01\/01-10.png?fit=1068%2C801&ssl=1","datePublished":"2023-01-12T21:45:32+00:00","dateModified":"2023-01-12T21:45:35+00:00","author":{"@id":"https:\/\/radionorte.cl\/#\/schema\/person\/baacf6923dce8651ca2587cbf14dbef2"},"breadcrumb":{"@id":"https:\/\/radionorte.cl\/?p=611#breadcrumb"},"inLanguage":"es-CL","potentialAction":[{"@type":"ReadAction","target":["https:\/\/radionorte.cl\/?p=611"]}]},{"@type":"ImageObject","inLanguage":"es-CL","@id":"https:\/\/radionorte.cl\/?p=611#primaryimage","url":"https:\/\/i0.wp.com\/radionorte.cl\/wp-content\/uploads\/2023\/01\/01-10.png?fit=1068%2C801&ssl=1","contentUrl":"https:\/\/i0.wp.com\/radionorte.cl\/wp-content\/uploads\/2023\/01\/01-10.png?fit=1068%2C801&ssl=1","width":1068,"height":801},{"@type":"BreadcrumbList","@id":"https:\/\/radionorte.cl\/?p=611#breadcrumb","itemListElement":[{"@type":"ListItem","position":1,"name":"Home","item":"https:\/\/radionorte.cl\/"},{"@type":"ListItem","position":2,"name":"Lanzan Plan de Verano con miras a la reactivaci\u00f3n de aprendizajes en ni\u00f1as, ni\u00f1os y adolescentes de la regi\u00f3n de Antofagasta"}]},{"@type":"WebSite","@id":"https:\/\/radionorte.cl\/#website","url":"https:\/\/radionorte.cl\/","name":"","description":"","potentialAction":[{"@type":"SearchAction","target":{"@type":"EntryPoint","urlTemplate":"https:\/\/radionorte.cl\/?s={search_term_string}"},"query-input":{"@type":"PropertyValueSpecification","valueRequired":true,"valueName":"search_term_string"}}],"inLanguage":"es-CL"},{"@type":"Person","@id":"https:\/\/radionorte.cl\/#\/schema\/person\/baacf6923dce8651ca2587cbf14dbef2","name":"carocklina","image":{"@type":"ImageObject","inLanguage":"es-CL","@id":"https:\/\/secure.gravatar.com\/avatar\/9edc52d7207ebb4d2bce985a253a7e2e313a7e3ced068ec36b73c76301b89836?s=96&d=mm&r=g","url":"https:\/\/secure.gravatar.com\/avatar\/9edc52d7207ebb4d2bce985a253a7e2e313a7e3ced068ec36b73c76301b89836?s=96&d=mm&r=g","contentUrl":"https:\/\/secure.gravatar.com\/avatar\/9edc52d7207ebb4d2bce985a253a7e2e313a7e3ced068ec36b73c76301b89836?s=96&d=mm&r=g","caption":"carocklina"},"sameAs":["http:\/\/radionorte.cl"],"url":"https:\/\/radionorte.cl\/?author=1"}]}},"jetpack_featured_media_url":"https:\/\/i0.wp.com\/radionorte.cl\/wp-content\/uploads\/2023\/01\/01-10.png?fit=1068%2C801&ssl=1","jetpack-related-posts":[{"id":513,"url":"https:\/\/radionorte.cl\/?p=513","url_meta":{"origin":611,"position":0},"title":"Ante pron\u00f3stico de lluvias estivales: MOP inspeccion\u00f3 puntos cr\u00edticos de la regi\u00f3n de Antofagasta y present\u00f3 plan de contingencia","author":"carocklina","date":"Enero 4, 2023","format":false,"excerpt":"Seremi y directores de Obras P\u00fablicas recorrieron la regi\u00f3n para dar cuenta sobre el estado de los proyectos que ser\u00e1n claves en el caso de una emergencia mayor en la \u00e9poca de lluvias al interior de la zona. Con un recorrido por los distintos proyectos de Vialidad y de Obras\u2026","rel":"","context":"En &quot;Radio Norte&quot;","block_context":{"text":"Radio Norte","link":"https:\/\/radionorte.cl\/?cat=149"},"img":{"alt_text":"","src":"https:\/\/i0.wp.com\/radionorte.cl\/wp-content\/uploads\/2023\/01\/02.png?fit=1024%2C768&ssl=1&resize=350%2C200","width":350,"height":200,"srcset":"https:\/\/i0.wp.com\/radionorte.cl\/wp-content\/uploads\/2023\/01\/02.png?fit=1024%2C768&ssl=1&resize=350%2C200 1x, https:\/\/i0.wp.com\/radionorte.cl\/wp-content\/uploads\/2023\/01\/02.png?fit=1024%2C768&ssl=1&resize=525%2C300 1.5x, https:\/\/i0.wp.com\/radionorte.cl\/wp-content\/uploads\/2023\/01\/02.png?fit=1024%2C768&ssl=1&resize=700%2C400 2x"},"classes":[]},{"id":647,"url":"https:\/\/radionorte.cl\/?p=647","url_meta":{"origin":611,"position":1},"title":"Realizan nuevo operativo para retirar ocupaciones irregulares en el sector norte de Antofagasta","author":"carocklina","date":"Enero 25, 2023","format":false,"excerpt":"Este mi\u00e9rcoles 25 de enero, la Delegaci\u00f3n Presidencial Regional de Antofagasta, realiz\u00f3 un nuevo operativo para desalojar a las ocupaciones irregulares, esta vez en el sector norte de la capital regional. La Unidad Territorial de la DPR, en coordinaci\u00f3n con Carabineros, Armada y municipalidad, durante la ma\u00f1ana de este mi\u00e9rcoles,\u2026","rel":"","context":"En &quot;Radio Norte&quot;","block_context":{"text":"Radio Norte","link":"https:\/\/radionorte.cl\/?cat=149"},"img":{"alt_text":"","src":"https:\/\/i0.wp.com\/radionorte.cl\/wp-content\/uploads\/2023\/01\/01-19.png?fit=820%2C460&ssl=1&resize=350%2C200","width":350,"height":200,"srcset":"https:\/\/i0.wp.com\/radionorte.cl\/wp-content\/uploads\/2023\/01\/01-19.png?fit=820%2C460&ssl=1&resize=350%2C200 1x, https:\/\/i0.wp.com\/radionorte.cl\/wp-content\/uploads\/2023\/01\/01-19.png?fit=820%2C460&ssl=1&resize=525%2C300 1.5x, https:\/\/i0.wp.com\/radionorte.cl\/wp-content\/uploads\/2023\/01\/01-19.png?fit=820%2C460&ssl=1&resize=700%2C400 2x"},"classes":[]},{"id":634,"url":"https:\/\/radionorte.cl\/?p=634","url_meta":{"origin":611,"position":2},"title":"Dan ultim\u00e1tum a empresa responsable de plaga de zancudos en Antofagasta","author":"carocklina","date":"Enero 20, 2023","format":false,"excerpt":"La ma\u00f1ana de este jueves y mediante Acta, la Seremi de Salud exigi\u00f3 a los representantes de la inmobiliaria Mar Abierto \u2013 Calicanto en Antofagasta, la presentaci\u00f3n de un plan de trabajo que implique la mitigaci\u00f3n, retiro de agua y control de vectores del terreno en abandono ubicado en Lord\u2026","rel":"","context":"En &quot;Radio Norte&quot;","block_context":{"text":"Radio Norte","link":"https:\/\/radionorte.cl\/?cat=149"},"img":{"alt_text":"","src":"https:\/\/i0.wp.com\/radionorte.cl\/wp-content\/uploads\/2023\/01\/01-16.png?fit=1096%2C644&ssl=1&resize=350%2C200","width":350,"height":200,"srcset":"https:\/\/i0.wp.com\/radionorte.cl\/wp-content\/uploads\/2023\/01\/01-16.png?fit=1096%2C644&ssl=1&resize=350%2C200 1x, https:\/\/i0.wp.com\/radionorte.cl\/wp-content\/uploads\/2023\/01\/01-16.png?fit=1096%2C644&ssl=1&resize=525%2C300 1.5x, https:\/\/i0.wp.com\/radionorte.cl\/wp-content\/uploads\/2023\/01\/01-16.png?fit=1096%2C644&ssl=1&resize=700%2C400 2x, https:\/\/i0.wp.com\/radionorte.cl\/wp-content\/uploads\/2023\/01\/01-16.png?fit=1096%2C644&ssl=1&resize=1050%2C600 3x"},"classes":[]},{"id":467,"url":"https:\/\/radionorte.cl\/?p=467","url_meta":{"origin":611,"position":3},"title":"Intensifican fiscalizaci\u00f3n en plantas de algas pardas en la regi\u00f3n de Antofagasta","author":"carocklina","date":"Diciembre 28, 2022","format":false,"excerpt":"Tras controles a plantas y comercializadoras de algas pardas se ha detectado 46 toneladas de huiro negro barreteado que no cuentan con acreditaci\u00f3n de origen legal (AOL) o infraccionan la veda vigente en la zona en lo que va del a\u00f1o. Ante el aumento de extracci\u00f3n ilegal de algas pardas\u2026","rel":"","context":"En &quot;Radio Norte&quot;","block_context":{"text":"Radio Norte","link":"https:\/\/radionorte.cl\/?cat=149"},"img":{"alt_text":"","src":"https:\/\/i0.wp.com\/radionorte.cl\/wp-content\/uploads\/2022\/12\/02.png?fit=1200%2C674&ssl=1&resize=350%2C200","width":350,"height":200,"srcset":"https:\/\/i0.wp.com\/radionorte.cl\/wp-content\/uploads\/2022\/12\/02.png?fit=1200%2C674&ssl=1&resize=350%2C200 1x, https:\/\/i0.wp.com\/radionorte.cl\/wp-content\/uploads\/2022\/12\/02.png?fit=1200%2C674&ssl=1&resize=525%2C300 1.5x, https:\/\/i0.wp.com\/radionorte.cl\/wp-content\/uploads\/2022\/12\/02.png?fit=1200%2C674&ssl=1&resize=700%2C400 2x, https:\/\/i0.wp.com\/radionorte.cl\/wp-content\/uploads\/2022\/12\/02.png?fit=1200%2C674&ssl=1&resize=1050%2C600 3x"},"classes":[]},{"id":672,"url":"https:\/\/radionorte.cl\/?p=672","url_meta":{"origin":611,"position":4},"title":"Trabajadoras destacan realizando oficios masculinizados en distintas empresas","author":"carocklina","date":"Febrero 3, 2023","format":false,"excerpt":"Trabajadoras de Antofagasta y Mejillones dedicadas a diversos rubros con predominancia masculina se reunieron para compartir experiencias en el desempe\u00f1o de sus trabajos, del apoyo recibido por sus familias y las empresas donde fueron contratadas. A la cita acudieron soldadoras, mujeres capataces, tarjadoras, horquilleras, operadoras de gr\u00faas tierra, movilizadoras, operadoras\u2026","rel":"","context":"En &quot;Radio Norte&quot;","block_context":{"text":"Radio Norte","link":"https:\/\/radionorte.cl\/?cat=149"},"img":{"alt_text":"","src":"https:\/\/i0.wp.com\/radionorte.cl\/wp-content\/uploads\/2023\/02\/01-2.png?fit=1200%2C687&ssl=1&resize=350%2C200","width":350,"height":200,"srcset":"https:\/\/i0.wp.com\/radionorte.cl\/wp-content\/uploads\/2023\/02\/01-2.png?fit=1200%2C687&ssl=1&resize=350%2C200 1x, https:\/\/i0.wp.com\/radionorte.cl\/wp-content\/uploads\/2023\/02\/01-2.png?fit=1200%2C687&ssl=1&resize=525%2C300 1.5x, https:\/\/i0.wp.com\/radionorte.cl\/wp-content\/uploads\/2023\/02\/01-2.png?fit=1200%2C687&ssl=1&resize=700%2C400 2x, https:\/\/i0.wp.com\/radionorte.cl\/wp-content\/uploads\/2023\/02\/01-2.png?fit=1200%2C687&ssl=1&resize=1050%2C600 3x"},"classes":[]},{"id":631,"url":"https:\/\/radionorte.cl\/?p=631","url_meta":{"origin":611,"position":5},"title":"Investigan homicidio de joven de 21 a\u00f1os ocurrido en poblaci\u00f3n Los Arenales de Antofagasta","author":"carocklina","date":"Enero 19, 2023","format":false,"excerpt":"Detectives de la PDI Antofagasta est\u00e1n investigando el homicidio con arma de fuego de un joven de 21 a\u00f1os registrado en el sector norte de la capital regional alrededor del medio d\u00eda de este mi\u00e9rcoles 18 de enero. Los oficiales concurrieron al sitio del suceso junto a peritos del Laboratorio\u2026","rel":"","context":"En &quot;Radio Norte&quot;","block_context":{"text":"Radio Norte","link":"https:\/\/radionorte.cl\/?cat=149"},"img":{"alt_text":"","src":"https:\/\/i0.wp.com\/radionorte.cl\/wp-content\/uploads\/2023\/01\/01-15.png?resize=350%2C200&ssl=1","width":350,"height":200,"srcset":"https:\/\/i0.wp.com\/radionorte.cl\/wp-content\/uploads\/2023\/01\/01-15.png?resize=350%2C200&ssl=1 1x, https:\/\/i0.wp.com\/radionorte.cl\/wp-content\/uploads\/2023\/01\/01-15.png?resize=525%2C300&ssl=1 1.5x, https:\/\/i0.wp.com\/radionorte.cl\/wp-content\/uploads\/2023\/01\/01-15.png?resize=700%2C400&ssl=1 2x, https:\/\/i0.wp.com\/radionorte.cl\/wp-content\/uploads\/2023\/01\/01-15.png?resize=1050%2C600&ssl=1 3x"},"classes":[]}],"jetpack_sharing_enabled":true,"_links":{"self":[{"href":"https:\/\/radionorte.cl\/index.php?rest_route=\/wp\/v2\/posts\/611","targetHints":{"allow":["GET"]}}],"collection":[{"href":"https:\/\/radionorte.cl\/index.php?rest_route=\/wp\/v2\/posts"}],"about":[{"href":"https:\/\/radionorte.cl\/index.php?rest_route=\/wp\/v2\/types\/post"}],"author":[{"embeddable":true,"href":"https:\/\/radionorte.cl\/index.php?rest_route=\/wp\/v2\/users\/1"}],"replies":[{"embeddable":true,"href":"https:\/\/radionorte.cl\/index.php?rest_route=%2Fwp%2Fv2%2Fcomments&post=611"}],"version-history":[{"count":1,"href":"https:\/\/radionorte.cl\/index.php?rest_route=\/wp\/v2\/posts\/611\/revisions"}],"predecessor-version":[{"id":613,"href":"https:\/\/radionorte.cl\/index.php?rest_route=\/wp\/v2\/posts\/611\/revisions\/613"}],"wp:featuredmedia":[{"embeddable":true,"href":"https:\/\/radionorte.cl\/index.php?rest_route=\/wp\/v2\/media\/612"}],"wp:attachment":[{"href":"https:\/\/radionorte.cl\/index.php?rest_route=%2Fwp%2Fv2%2Fmedia&parent=611"}],"wp:term":[{"taxonomy":"category","embeddable":true,"href":"https:\/\/radionorte.cl\/index.php?rest_route=%2Fwp%2Fv2%2Fcategories&post=611"},{"taxonomy":"post_tag","embeddable":true,"href":"https:\/\/radionorte.cl\/index.php?rest_route=%2Fwp%2Fv2%2Ftags&post=611"}],"curies":[{"name":"wp","href":"https:\/\/api.w.org\/{rel}","templated":true}]}}