{"id":623,"date":"2023-01-17T16:12:00","date_gmt":"2023-01-17T16:12:00","guid":{"rendered":"https:\/\/radionorte.cl\/?p=623"},"modified":"2023-01-17T16:12:03","modified_gmt":"2023-01-17T16:12:03","slug":"pronostican-tormentas-electricas-en-la-zona-cordillerana-de-antofagasta","status":"publish","type":"post","link":"https:\/\/radionorte.cl\/?p=623","title":{"rendered":"Pronostican tormentas el\u00e9ctricas en la zona cordillerana de Antofagasta"},"content":{"rendered":"\n<p>La Direcci\u00f3n Regional de SENAPRED de Antofagasta declara Alerta Temprana Preventiva para la provincia de El Loa y las comunas de Antofagasta y Taltal, por evento meteorol\u00f3gico, vigente desde el lunes 16 y hasta que las condiciones as\u00ed lo ameriten.<\/p>\n\n\n<div class=\"wp-block-image\">\n<figure class=\"aligncenter size-large\"><img data-recalc-dims=\"1\" loading=\"lazy\" decoding=\"async\" width=\"960\" height=\"640\" src=\"https:\/\/i0.wp.com\/radionorte.cl\/wp-content\/uploads\/2023\/01\/01-13-1024x683.png?resize=960%2C640&#038;ssl=1\" alt=\"\" class=\"wp-image-624\" srcset=\"https:\/\/i0.wp.com\/radionorte.cl\/wp-content\/uploads\/2023\/01\/01-13.png?resize=1024%2C683&amp;ssl=1 1024w, https:\/\/i0.wp.com\/radionorte.cl\/wp-content\/uploads\/2023\/01\/01-13.png?resize=300%2C200&amp;ssl=1 300w, https:\/\/i0.wp.com\/radionorte.cl\/wp-content\/uploads\/2023\/01\/01-13.png?resize=768%2C512&amp;ssl=1 768w, https:\/\/i0.wp.com\/radionorte.cl\/wp-content\/uploads\/2023\/01\/01-13.png?resize=1536%2C1024&amp;ssl=1 1536w, https:\/\/i0.wp.com\/radionorte.cl\/wp-content\/uploads\/2023\/01\/01-13.png?resize=1080%2C720&amp;ssl=1 1080w, https:\/\/i0.wp.com\/radionorte.cl\/wp-content\/uploads\/2023\/01\/01-13.png?resize=1280%2C854&amp;ssl=1 1280w, https:\/\/i0.wp.com\/radionorte.cl\/wp-content\/uploads\/2023\/01\/01-13.png?resize=980%2C654&amp;ssl=1 980w, https:\/\/i0.wp.com\/radionorte.cl\/wp-content\/uploads\/2023\/01\/01-13.png?resize=480%2C320&amp;ssl=1 480w, https:\/\/i0.wp.com\/radionorte.cl\/wp-content\/uploads\/2023\/01\/01-13.png?w=1600&amp;ssl=1 1600w\" sizes=\"auto, (max-width: 960px) 100vw, 960px\" \/><\/figure>\n<\/div>\n\n\n<p>De acuerdo con la informaci\u00f3n proporcionada por la Direcci\u00f3n Meteorol\u00f3gica de Chile (DMC), se pronostica el desarrollo de probables tormentas el\u00e9ctricas durante la tarde noche, con precipitaciones aisladas, en el sector cordillerano de la regi\u00f3n, entre la tarde del martes 17 y la noche del s\u00e1bado 21 de enero.<\/p>\n\n\n\n<p>SENAPRED recomienda a la poblaci\u00f3n evitar la proximidad a maquinarias, cercas o rejas de metal, alambrados y l\u00edneas el\u00e9ctricas y\/o de telefon\u00eda; y no utilizar equipos radiales, aparatos GPS, tel\u00e9fonos fijos o m\u00f3viles durante la tormenta.<\/p>\n","protected":false},"excerpt":{"rendered":"<p>La Direcci\u00f3n Regional de SENAPRED de Antofagasta declara Alerta Temprana Preventiva para la provincia de El Loa y las comunas de Antofagasta y Taltal, por evento meteorol\u00f3gico, vigente desde el lunes 16 y hasta que las condiciones as\u00ed lo ameriten. De acuerdo con la informaci\u00f3n proporcionada por la Direcci\u00f3n Meteorol\u00f3gica de Chile (DMC), se pronostica el desarrollo de probables tormentas el\u00e9ctricas durante la tarde noche, con precipitaciones aisladas, en el sector cordillerano de la regi\u00f3n, entre la tarde del martes 17 y la noche del s\u00e1bado 21 de enero. SENAPRED recomienda a la poblaci\u00f3n evitar la proximidad a maquinarias, cercas o rejas de metal, alambrados y l\u00edneas el\u00e9ctricas y\/o de telefon\u00eda; y no utilizar equipos radiales, aparatos GPS, tel\u00e9fonos fijos o m\u00f3viles durante la tormenta.<\/p>\n","protected":false},"author":1,"featured_media":624,"comment_status":"open","ping_status":"open","sticky":false,"template":"","format":"standard","meta":{"_jetpack_memberships_contains_paid_content":false,"footnotes":""},"categories":[149],"tags":[72,123,122],"class_list":["post-623","post","type-post","status-publish","format-standard","has-post-thumbnail","hentry","category-escucha-online-aqui","tag-antofagasta","tag-senapred","tag-tormentas-electricas"],"yoast_head":"<!-- This site is optimized with the Yoast SEO plugin v27.5 - https:\/\/yoast.com\/product\/yoast-seo-wordpress\/ -->\n<title>Pronostican tormentas el\u00e9ctricas en la zona cordillerana de Antofagasta -<\/title>\n<meta name=\"robots\" content=\"index, follow, max-snippet:-1, max-image-preview:large, max-video-preview:-1\" \/>\n<link rel=\"canonical\" href=\"https:\/\/radionorte.cl\/?p=623\" \/>\n<meta property=\"og:locale\" content=\"es_ES\" \/>\n<meta property=\"og:type\" content=\"article\" \/>\n<meta property=\"og:title\" content=\"Pronostican tormentas el\u00e9ctricas en la zona cordillerana de Antofagasta -\" \/>\n<meta property=\"og:description\" content=\"La Direcci\u00f3n Regional de SENAPRED de Antofagasta declara Alerta Temprana Preventiva para la provincia de El Loa y las comunas de Antofagasta y Taltal, por evento meteorol\u00f3gico, vigente desde el lunes 16 y hasta que las condiciones as\u00ed lo ameriten. De acuerdo con la informaci\u00f3n proporcionada por la Direcci\u00f3n Meteorol\u00f3gica de Chile (DMC), se pronostica el desarrollo de probables tormentas el\u00e9ctricas durante la tarde noche, con precipitaciones aisladas, en el sector cordillerano de la regi\u00f3n, entre la tarde del martes 17 y la noche del s\u00e1bado 21 de enero. SENAPRED recomienda a la poblaci\u00f3n evitar la proximidad a maquinarias, cercas o rejas de metal, alambrados y l\u00edneas el\u00e9ctricas y\/o de telefon\u00eda; y no utilizar equipos radiales, aparatos GPS, tel\u00e9fonos fijos o m\u00f3viles durante la tormenta.\" \/>\n<meta property=\"og:url\" content=\"https:\/\/radionorte.cl\/?p=623\" \/>\n<meta property=\"article:published_time\" content=\"2023-01-17T16:12:00+00:00\" \/>\n<meta property=\"article:modified_time\" content=\"2023-01-17T16:12:03+00:00\" \/>\n<meta property=\"og:image\" content=\"http:\/\/radionorte.cl\/wp-content\/uploads\/2023\/01\/01-13.png\" \/>\n\t<meta property=\"og:image:width\" content=\"1600\" \/>\n\t<meta property=\"og:image:height\" content=\"1067\" \/>\n\t<meta property=\"og:image:type\" content=\"image\/png\" \/>\n<meta name=\"author\" content=\"carocklina\" \/>\n<meta name=\"twitter:card\" content=\"summary_large_image\" \/>\n<meta name=\"twitter:label1\" content=\"Escrito por\" \/>\n\t<meta name=\"twitter:data1\" content=\"carocklina\" \/>\n\t<meta name=\"twitter:label2\" content=\"Tiempo estimado de lectura\" \/>\n\t<meta name=\"twitter:data2\" content=\"1 minuto\" \/>\n<script type=\"application\/ld+json\" class=\"yoast-schema-graph\">{\"@context\":\"https:\\\/\\\/schema.org\",\"@graph\":[{\"@type\":\"Article\",\"@id\":\"https:\\\/\\\/radionorte.cl\\\/?p=623#article\",\"isPartOf\":{\"@id\":\"https:\\\/\\\/radionorte.cl\\\/?p=623\"},\"author\":{\"name\":\"carocklina\",\"@id\":\"https:\\\/\\\/radionorte.cl\\\/#\\\/schema\\\/person\\\/baacf6923dce8651ca2587cbf14dbef2\"},\"headline\":\"Pronostican tormentas el\u00e9ctricas en la zona cordillerana de Antofagasta\",\"datePublished\":\"2023-01-17T16:12:00+00:00\",\"dateModified\":\"2023-01-17T16:12:03+00:00\",\"mainEntityOfPage\":{\"@id\":\"https:\\\/\\\/radionorte.cl\\\/?p=623\"},\"wordCount\":147,\"commentCount\":0,\"image\":{\"@id\":\"https:\\\/\\\/radionorte.cl\\\/?p=623#primaryimage\"},\"thumbnailUrl\":\"https:\\\/\\\/i0.wp.com\\\/radionorte.cl\\\/wp-content\\\/uploads\\\/2023\\\/01\\\/01-13.png?fit=1600%2C1067&ssl=1\",\"keywords\":[\"Antofagasta\",\"SENAPRED\",\"tormentas el\u00e9ctricas\"],\"articleSection\":[\"Radio Norte\"],\"inLanguage\":\"es-CL\",\"potentialAction\":[{\"@type\":\"CommentAction\",\"name\":\"Comment\",\"target\":[\"https:\\\/\\\/radionorte.cl\\\/?p=623#respond\"]}]},{\"@type\":\"WebPage\",\"@id\":\"https:\\\/\\\/radionorte.cl\\\/?p=623\",\"url\":\"https:\\\/\\\/radionorte.cl\\\/?p=623\",\"name\":\"Pronostican tormentas el\u00e9ctricas en la zona cordillerana de Antofagasta -\",\"isPartOf\":{\"@id\":\"https:\\\/\\\/radionorte.cl\\\/#website\"},\"primaryImageOfPage\":{\"@id\":\"https:\\\/\\\/radionorte.cl\\\/?p=623#primaryimage\"},\"image\":{\"@id\":\"https:\\\/\\\/radionorte.cl\\\/?p=623#primaryimage\"},\"thumbnailUrl\":\"https:\\\/\\\/i0.wp.com\\\/radionorte.cl\\\/wp-content\\\/uploads\\\/2023\\\/01\\\/01-13.png?fit=1600%2C1067&ssl=1\",\"datePublished\":\"2023-01-17T16:12:00+00:00\",\"dateModified\":\"2023-01-17T16:12:03+00:00\",\"author\":{\"@id\":\"https:\\\/\\\/radionorte.cl\\\/#\\\/schema\\\/person\\\/baacf6923dce8651ca2587cbf14dbef2\"},\"breadcrumb\":{\"@id\":\"https:\\\/\\\/radionorte.cl\\\/?p=623#breadcrumb\"},\"inLanguage\":\"es-CL\",\"potentialAction\":[{\"@type\":\"ReadAction\",\"target\":[\"https:\\\/\\\/radionorte.cl\\\/?p=623\"]}]},{\"@type\":\"ImageObject\",\"inLanguage\":\"es-CL\",\"@id\":\"https:\\\/\\\/radionorte.cl\\\/?p=623#primaryimage\",\"url\":\"https:\\\/\\\/i0.wp.com\\\/radionorte.cl\\\/wp-content\\\/uploads\\\/2023\\\/01\\\/01-13.png?fit=1600%2C1067&ssl=1\",\"contentUrl\":\"https:\\\/\\\/i0.wp.com\\\/radionorte.cl\\\/wp-content\\\/uploads\\\/2023\\\/01\\\/01-13.png?fit=1600%2C1067&ssl=1\",\"width\":1600,\"height\":1067},{\"@type\":\"BreadcrumbList\",\"@id\":\"https:\\\/\\\/radionorte.cl\\\/?p=623#breadcrumb\",\"itemListElement\":[{\"@type\":\"ListItem\",\"position\":1,\"name\":\"Home\",\"item\":\"https:\\\/\\\/radionorte.cl\\\/\"},{\"@type\":\"ListItem\",\"position\":2,\"name\":\"Pronostican tormentas el\u00e9ctricas en la zona cordillerana de Antofagasta\"}]},{\"@type\":\"WebSite\",\"@id\":\"https:\\\/\\\/radionorte.cl\\\/#website\",\"url\":\"https:\\\/\\\/radionorte.cl\\\/\",\"name\":\"\",\"description\":\"\",\"potentialAction\":[{\"@type\":\"SearchAction\",\"target\":{\"@type\":\"EntryPoint\",\"urlTemplate\":\"https:\\\/\\\/radionorte.cl\\\/?s={search_term_string}\"},\"query-input\":{\"@type\":\"PropertyValueSpecification\",\"valueRequired\":true,\"valueName\":\"search_term_string\"}}],\"inLanguage\":\"es-CL\"},{\"@type\":\"Person\",\"@id\":\"https:\\\/\\\/radionorte.cl\\\/#\\\/schema\\\/person\\\/baacf6923dce8651ca2587cbf14dbef2\",\"name\":\"carocklina\",\"image\":{\"@type\":\"ImageObject\",\"inLanguage\":\"es-CL\",\"@id\":\"https:\\\/\\\/secure.gravatar.com\\\/avatar\\\/9edc52d7207ebb4d2bce985a253a7e2e313a7e3ced068ec36b73c76301b89836?s=96&d=mm&r=g\",\"url\":\"https:\\\/\\\/secure.gravatar.com\\\/avatar\\\/9edc52d7207ebb4d2bce985a253a7e2e313a7e3ced068ec36b73c76301b89836?s=96&d=mm&r=g\",\"contentUrl\":\"https:\\\/\\\/secure.gravatar.com\\\/avatar\\\/9edc52d7207ebb4d2bce985a253a7e2e313a7e3ced068ec36b73c76301b89836?s=96&d=mm&r=g\",\"caption\":\"carocklina\"},\"sameAs\":[\"http:\\\/\\\/radionorte.cl\"],\"url\":\"https:\\\/\\\/radionorte.cl\\\/?author=1\"}]}<\/script>\n<!-- \/ Yoast SEO plugin. -->","yoast_head_json":{"title":"Pronostican tormentas el\u00e9ctricas en la zona cordillerana de Antofagasta -","robots":{"index":"index","follow":"follow","max-snippet":"max-snippet:-1","max-image-preview":"max-image-preview:large","max-video-preview":"max-video-preview:-1"},"canonical":"https:\/\/radionorte.cl\/?p=623","og_locale":"es_ES","og_type":"article","og_title":"Pronostican tormentas el\u00e9ctricas en la zona cordillerana de Antofagasta -","og_description":"La Direcci\u00f3n Regional de SENAPRED de Antofagasta declara Alerta Temprana Preventiva para la provincia de El Loa y las comunas de Antofagasta y Taltal, por evento meteorol\u00f3gico, vigente desde el lunes 16 y hasta que las condiciones as\u00ed lo ameriten. De acuerdo con la informaci\u00f3n proporcionada por la Direcci\u00f3n Meteorol\u00f3gica de Chile (DMC), se pronostica el desarrollo de probables tormentas el\u00e9ctricas durante la tarde noche, con precipitaciones aisladas, en el sector cordillerano de la regi\u00f3n, entre la tarde del martes 17 y la noche del s\u00e1bado 21 de enero. SENAPRED recomienda a la poblaci\u00f3n evitar la proximidad a maquinarias, cercas o rejas de metal, alambrados y l\u00edneas el\u00e9ctricas y\/o de telefon\u00eda; y no utilizar equipos radiales, aparatos GPS, tel\u00e9fonos fijos o m\u00f3viles durante la tormenta.","og_url":"https:\/\/radionorte.cl\/?p=623","article_published_time":"2023-01-17T16:12:00+00:00","article_modified_time":"2023-01-17T16:12:03+00:00","og_image":[{"width":1600,"height":1067,"url":"http:\/\/radionorte.cl\/wp-content\/uploads\/2023\/01\/01-13.png","type":"image\/png"}],"author":"carocklina","twitter_card":"summary_large_image","twitter_misc":{"Escrito por":"carocklina","Tiempo estimado de lectura":"1 minuto"},"schema":{"@context":"https:\/\/schema.org","@graph":[{"@type":"Article","@id":"https:\/\/radionorte.cl\/?p=623#article","isPartOf":{"@id":"https:\/\/radionorte.cl\/?p=623"},"author":{"name":"carocklina","@id":"https:\/\/radionorte.cl\/#\/schema\/person\/baacf6923dce8651ca2587cbf14dbef2"},"headline":"Pronostican tormentas el\u00e9ctricas en la zona cordillerana de Antofagasta","datePublished":"2023-01-17T16:12:00+00:00","dateModified":"2023-01-17T16:12:03+00:00","mainEntityOfPage":{"@id":"https:\/\/radionorte.cl\/?p=623"},"wordCount":147,"commentCount":0,"image":{"@id":"https:\/\/radionorte.cl\/?p=623#primaryimage"},"thumbnailUrl":"https:\/\/i0.wp.com\/radionorte.cl\/wp-content\/uploads\/2023\/01\/01-13.png?fit=1600%2C1067&ssl=1","keywords":["Antofagasta","SENAPRED","tormentas el\u00e9ctricas"],"articleSection":["Radio Norte"],"inLanguage":"es-CL","potentialAction":[{"@type":"CommentAction","name":"Comment","target":["https:\/\/radionorte.cl\/?p=623#respond"]}]},{"@type":"WebPage","@id":"https:\/\/radionorte.cl\/?p=623","url":"https:\/\/radionorte.cl\/?p=623","name":"Pronostican tormentas el\u00e9ctricas en la zona cordillerana de Antofagasta -","isPartOf":{"@id":"https:\/\/radionorte.cl\/#website"},"primaryImageOfPage":{"@id":"https:\/\/radionorte.cl\/?p=623#primaryimage"},"image":{"@id":"https:\/\/radionorte.cl\/?p=623#primaryimage"},"thumbnailUrl":"https:\/\/i0.wp.com\/radionorte.cl\/wp-content\/uploads\/2023\/01\/01-13.png?fit=1600%2C1067&ssl=1","datePublished":"2023-01-17T16:12:00+00:00","dateModified":"2023-01-17T16:12:03+00:00","author":{"@id":"https:\/\/radionorte.cl\/#\/schema\/person\/baacf6923dce8651ca2587cbf14dbef2"},"breadcrumb":{"@id":"https:\/\/radionorte.cl\/?p=623#breadcrumb"},"inLanguage":"es-CL","potentialAction":[{"@type":"ReadAction","target":["https:\/\/radionorte.cl\/?p=623"]}]},{"@type":"ImageObject","inLanguage":"es-CL","@id":"https:\/\/radionorte.cl\/?p=623#primaryimage","url":"https:\/\/i0.wp.com\/radionorte.cl\/wp-content\/uploads\/2023\/01\/01-13.png?fit=1600%2C1067&ssl=1","contentUrl":"https:\/\/i0.wp.com\/radionorte.cl\/wp-content\/uploads\/2023\/01\/01-13.png?fit=1600%2C1067&ssl=1","width":1600,"height":1067},{"@type":"BreadcrumbList","@id":"https:\/\/radionorte.cl\/?p=623#breadcrumb","itemListElement":[{"@type":"ListItem","position":1,"name":"Home","item":"https:\/\/radionorte.cl\/"},{"@type":"ListItem","position":2,"name":"Pronostican tormentas el\u00e9ctricas en la zona cordillerana de Antofagasta"}]},{"@type":"WebSite","@id":"https:\/\/radionorte.cl\/#website","url":"https:\/\/radionorte.cl\/","name":"","description":"","potentialAction":[{"@type":"SearchAction","target":{"@type":"EntryPoint","urlTemplate":"https:\/\/radionorte.cl\/?s={search_term_string}"},"query-input":{"@type":"PropertyValueSpecification","valueRequired":true,"valueName":"search_term_string"}}],"inLanguage":"es-CL"},{"@type":"Person","@id":"https:\/\/radionorte.cl\/#\/schema\/person\/baacf6923dce8651ca2587cbf14dbef2","name":"carocklina","image":{"@type":"ImageObject","inLanguage":"es-CL","@id":"https:\/\/secure.gravatar.com\/avatar\/9edc52d7207ebb4d2bce985a253a7e2e313a7e3ced068ec36b73c76301b89836?s=96&d=mm&r=g","url":"https:\/\/secure.gravatar.com\/avatar\/9edc52d7207ebb4d2bce985a253a7e2e313a7e3ced068ec36b73c76301b89836?s=96&d=mm&r=g","contentUrl":"https:\/\/secure.gravatar.com\/avatar\/9edc52d7207ebb4d2bce985a253a7e2e313a7e3ced068ec36b73c76301b89836?s=96&d=mm&r=g","caption":"carocklina"},"sameAs":["http:\/\/radionorte.cl"],"url":"https:\/\/radionorte.cl\/?author=1"}]}},"jetpack_featured_media_url":"https:\/\/i0.wp.com\/radionorte.cl\/wp-content\/uploads\/2023\/01\/01-13.png?fit=1600%2C1067&ssl=1","jetpack-related-posts":[{"id":650,"url":"https:\/\/radionorte.cl\/?p=650","url_meta":{"origin":623,"position":0},"title":"Detienen en Antofagasta a uno de los presuntos autores de un homicidio ocurrido en La Serena","author":"carocklina","date":"Enero 26, 2023","format":false,"excerpt":"Detectives de la Brigada de Homicidios de la PDI Antofagasta, en coordinaci\u00f3n con la Brigada de Homicidios de La Serena lograron la detenci\u00f3n de un ciudadano extranjero sobre quien pesaba una orden de detenci\u00f3n por el delito de Homicidio y Homicidio Frustrado en un hecho ocurrido el fin de semana\u2026","rel":"","context":"En &quot;Radio Norte&quot;","block_context":{"text":"Radio Norte","link":"https:\/\/radionorte.cl\/?cat=149"},"img":{"alt_text":"","src":"https:\/\/i0.wp.com\/radionorte.cl\/wp-content\/uploads\/2023\/01\/01-20.png?resize=350%2C200&ssl=1","width":350,"height":200,"srcset":"https:\/\/i0.wp.com\/radionorte.cl\/wp-content\/uploads\/2023\/01\/01-20.png?resize=350%2C200&ssl=1 1x, https:\/\/i0.wp.com\/radionorte.cl\/wp-content\/uploads\/2023\/01\/01-20.png?resize=525%2C300&ssl=1 1.5x"},"classes":[]},{"id":513,"url":"https:\/\/radionorte.cl\/?p=513","url_meta":{"origin":623,"position":1},"title":"Ante pron\u00f3stico de lluvias estivales: MOP inspeccion\u00f3 puntos cr\u00edticos de la regi\u00f3n de Antofagasta y present\u00f3 plan de contingencia","author":"carocklina","date":"Enero 4, 2023","format":false,"excerpt":"Seremi y directores de Obras P\u00fablicas recorrieron la regi\u00f3n para dar cuenta sobre el estado de los proyectos que ser\u00e1n claves en el caso de una emergencia mayor en la \u00e9poca de lluvias al interior de la zona. Con un recorrido por los distintos proyectos de Vialidad y de Obras\u2026","rel":"","context":"En &quot;Radio Norte&quot;","block_context":{"text":"Radio Norte","link":"https:\/\/radionorte.cl\/?cat=149"},"img":{"alt_text":"","src":"https:\/\/i0.wp.com\/radionorte.cl\/wp-content\/uploads\/2023\/01\/02.png?fit=1024%2C768&ssl=1&resize=350%2C200","width":350,"height":200,"srcset":"https:\/\/i0.wp.com\/radionorte.cl\/wp-content\/uploads\/2023\/01\/02.png?fit=1024%2C768&ssl=1&resize=350%2C200 1x, https:\/\/i0.wp.com\/radionorte.cl\/wp-content\/uploads\/2023\/01\/02.png?fit=1024%2C768&ssl=1&resize=525%2C300 1.5x, https:\/\/i0.wp.com\/radionorte.cl\/wp-content\/uploads\/2023\/01\/02.png?fit=1024%2C768&ssl=1&resize=700%2C400 2x"},"classes":[]},{"id":634,"url":"https:\/\/radionorte.cl\/?p=634","url_meta":{"origin":623,"position":2},"title":"Dan ultim\u00e1tum a empresa responsable de plaga de zancudos en Antofagasta","author":"carocklina","date":"Enero 20, 2023","format":false,"excerpt":"La ma\u00f1ana de este jueves y mediante Acta, la Seremi de Salud exigi\u00f3 a los representantes de la inmobiliaria Mar Abierto \u2013 Calicanto en Antofagasta, la presentaci\u00f3n de un plan de trabajo que implique la mitigaci\u00f3n, retiro de agua y control de vectores del terreno en abandono ubicado en Lord\u2026","rel":"","context":"En &quot;Radio Norte&quot;","block_context":{"text":"Radio Norte","link":"https:\/\/radionorte.cl\/?cat=149"},"img":{"alt_text":"","src":"https:\/\/i0.wp.com\/radionorte.cl\/wp-content\/uploads\/2023\/01\/01-16.png?fit=1096%2C644&ssl=1&resize=350%2C200","width":350,"height":200,"srcset":"https:\/\/i0.wp.com\/radionorte.cl\/wp-content\/uploads\/2023\/01\/01-16.png?fit=1096%2C644&ssl=1&resize=350%2C200 1x, https:\/\/i0.wp.com\/radionorte.cl\/wp-content\/uploads\/2023\/01\/01-16.png?fit=1096%2C644&ssl=1&resize=525%2C300 1.5x, https:\/\/i0.wp.com\/radionorte.cl\/wp-content\/uploads\/2023\/01\/01-16.png?fit=1096%2C644&ssl=1&resize=700%2C400 2x, https:\/\/i0.wp.com\/radionorte.cl\/wp-content\/uploads\/2023\/01\/01-16.png?fit=1096%2C644&ssl=1&resize=1050%2C600 3x"},"classes":[]},{"id":380,"url":"https:\/\/radionorte.cl\/?p=380","url_meta":{"origin":623,"position":3},"title":"A un a\u00f1o de la muerte de Sergio Riquelme, &#8220;Chepuja&#8221;.","author":"carocklina","date":"Marzo 18, 2022","format":false,"excerpt":"La cultura de luto en Antofagasta por muerte de joven escritor y artista visual Sergio Riquelme El joven de 33 a\u00f1os adopt\u00f3 el nombre art\u00edstico de Chepuja, con el cual realiz\u00f3 poes\u00eda, arte visual y Stand Up. Asimismo, durante sus \u00faltimos a\u00f1os realiz\u00f3 lectura de tarot. Artistas, poetas, escritores y\u2026","rel":"","context":"En &quot;Radio Norte&quot;","block_context":{"text":"Radio Norte","link":"https:\/\/radionorte.cl\/?cat=149"},"img":{"alt_text":"","src":"https:\/\/i0.wp.com\/radionorte.cl\/wp-content\/uploads\/2022\/03\/IMG-20220317-WA0194.jpg?fit=720%2C500&ssl=1&resize=350%2C200","width":350,"height":200,"srcset":"https:\/\/i0.wp.com\/radionorte.cl\/wp-content\/uploads\/2022\/03\/IMG-20220317-WA0194.jpg?fit=720%2C500&ssl=1&resize=350%2C200 1x, https:\/\/i0.wp.com\/radionorte.cl\/wp-content\/uploads\/2022\/03\/IMG-20220317-WA0194.jpg?fit=720%2C500&ssl=1&resize=525%2C300 1.5x, https:\/\/i0.wp.com\/radionorte.cl\/wp-content\/uploads\/2022\/03\/IMG-20220317-WA0194.jpg?fit=720%2C500&ssl=1&resize=700%2C400 2x"},"classes":[]},{"id":575,"url":"https:\/\/radionorte.cl\/?p=575","url_meta":{"origin":623,"position":4},"title":"Detectan nueve zonas con aves infectadas con Influenza Aviar H5N1 en la regi\u00f3n de Antofagasta","author":"carocklina","date":"Enero 6, 2023","format":false,"excerpt":"La Direcci\u00f3n Regional de SENAPRED de Antofagasta, actualiz\u00f3 la Alerta Temprana Preventiva regional,por evento zoosanitario, que se encuentra vigente desde el 10 de diciembre de 2022 y hasta que las condiciones as\u00ed lo ameriten. De acuerdo con los antecedentes proporcionados por el Servicio Agr\u00edcola y Ganadero (SAG), en relaci\u00f3n con\u2026","rel":"","context":"En &quot;Radio Norte&quot;","block_context":{"text":"Radio Norte","link":"https:\/\/radionorte.cl\/?cat=149"},"img":{"alt_text":"","src":"https:\/\/i0.wp.com\/radionorte.cl\/wp-content\/uploads\/2023\/01\/01-5.png?fit=1080%2C675&ssl=1&resize=350%2C200","width":350,"height":200,"srcset":"https:\/\/i0.wp.com\/radionorte.cl\/wp-content\/uploads\/2023\/01\/01-5.png?fit=1080%2C675&ssl=1&resize=350%2C200 1x, https:\/\/i0.wp.com\/radionorte.cl\/wp-content\/uploads\/2023\/01\/01-5.png?fit=1080%2C675&ssl=1&resize=525%2C300 1.5x, https:\/\/i0.wp.com\/radionorte.cl\/wp-content\/uploads\/2023\/01\/01-5.png?fit=1080%2C675&ssl=1&resize=700%2C400 2x, https:\/\/i0.wp.com\/radionorte.cl\/wp-content\/uploads\/2023\/01\/01-5.png?fit=1080%2C675&ssl=1&resize=1050%2C600 3x"},"classes":[]},{"id":657,"url":"https:\/\/radionorte.cl\/?p=657","url_meta":{"origin":623,"position":5},"title":"Detienen al sicario colombiano \u201cIvanling\u201d en Antofagasta","author":"carocklina","date":"Enero 28, 2023","format":false,"excerpt":"Detectives de la Oficina Central Nacional (OCN) de Interpol, dependiente de la Polic\u00eda de Investigaciones, en conjunto con oficiales de la PDI Antofagasta, lograron la detenci\u00f3n en la capital regional de un sujeto buscado internacionalmente por la OCN de Colombia, por los encargos que mantiene vigentes en su pa\u00eds relacionados\u2026","rel":"","context":"En &quot;Radio Norte&quot;","block_context":{"text":"Radio Norte","link":"https:\/\/radionorte.cl\/?cat=149"},"img":{"alt_text":"","src":"https:\/\/i0.wp.com\/radionorte.cl\/wp-content\/uploads\/2023\/01\/01-22.png?fit=1200%2C675&ssl=1&resize=350%2C200","width":350,"height":200,"srcset":"https:\/\/i0.wp.com\/radionorte.cl\/wp-content\/uploads\/2023\/01\/01-22.png?fit=1200%2C675&ssl=1&resize=350%2C200 1x, https:\/\/i0.wp.com\/radionorte.cl\/wp-content\/uploads\/2023\/01\/01-22.png?fit=1200%2C675&ssl=1&resize=525%2C300 1.5x, https:\/\/i0.wp.com\/radionorte.cl\/wp-content\/uploads\/2023\/01\/01-22.png?fit=1200%2C675&ssl=1&resize=700%2C400 2x, https:\/\/i0.wp.com\/radionorte.cl\/wp-content\/uploads\/2023\/01\/01-22.png?fit=1200%2C675&ssl=1&resize=1050%2C600 3x"},"classes":[]}],"jetpack_sharing_enabled":true,"_links":{"self":[{"href":"https:\/\/radionorte.cl\/index.php?rest_route=\/wp\/v2\/posts\/623","targetHints":{"allow":["GET"]}}],"collection":[{"href":"https:\/\/radionorte.cl\/index.php?rest_route=\/wp\/v2\/posts"}],"about":[{"href":"https:\/\/radionorte.cl\/index.php?rest_route=\/wp\/v2\/types\/post"}],"author":[{"embeddable":true,"href":"https:\/\/radionorte.cl\/index.php?rest_route=\/wp\/v2\/users\/1"}],"replies":[{"embeddable":true,"href":"https:\/\/radionorte.cl\/index.php?rest_route=%2Fwp%2Fv2%2Fcomments&post=623"}],"version-history":[{"count":1,"href":"https:\/\/radionorte.cl\/index.php?rest_route=\/wp\/v2\/posts\/623\/revisions"}],"predecessor-version":[{"id":625,"href":"https:\/\/radionorte.cl\/index.php?rest_route=\/wp\/v2\/posts\/623\/revisions\/625"}],"wp:featuredmedia":[{"embeddable":true,"href":"https:\/\/radionorte.cl\/index.php?rest_route=\/wp\/v2\/media\/624"}],"wp:attachment":[{"href":"https:\/\/radionorte.cl\/index.php?rest_route=%2Fwp%2Fv2%2Fmedia&parent=623"}],"wp:term":[{"taxonomy":"category","embeddable":true,"href":"https:\/\/radionorte.cl\/index.php?rest_route=%2Fwp%2Fv2%2Fcategories&post=623"},{"taxonomy":"post_tag","embeddable":true,"href":"https:\/\/radionorte.cl\/index.php?rest_route=%2Fwp%2Fv2%2Ftags&post=623"}],"curies":[{"name":"wp","href":"https:\/\/api.w.org\/{rel}","templated":true}]}}