{"id":631,"date":"2023-01-19T21:34:43","date_gmt":"2023-01-19T21:34:43","guid":{"rendered":"https:\/\/radionorte.cl\/?p=631"},"modified":"2023-01-19T21:34:46","modified_gmt":"2023-01-19T21:34:46","slug":"investigan-homicidio-de-joven-de-21-anos-ocurrido-en-poblacion-los-arenales-de-antofagasta","status":"publish","type":"post","link":"https:\/\/radionorte.cl\/?p=631","title":{"rendered":"Investigan homicidio de joven de 21 a\u00f1os ocurrido en poblaci\u00f3n Los Arenales de Antofagasta"},"content":{"rendered":"\n<p>Detectives de la PDI Antofagasta est\u00e1n investigando el homicidio con arma de fuego de un joven de 21 a\u00f1os registrado en el sector norte de la capital regional alrededor del medio d\u00eda de este mi\u00e9rcoles 18 de enero.<\/p>\n\n\n<div class=\"wp-block-image\">\n<figure class=\"aligncenter size-large\"><img data-recalc-dims=\"1\" loading=\"lazy\" decoding=\"async\" width=\"960\" height=\"575\" src=\"https:\/\/i0.wp.com\/radionorte.cl\/wp-content\/uploads\/2023\/01\/01-15-1024x613.png?resize=960%2C575&#038;ssl=1\" alt=\"\" class=\"wp-image-632\" srcset=\"https:\/\/i0.wp.com\/radionorte.cl\/wp-content\/uploads\/2023\/01\/01-15.png?resize=1024%2C613&amp;ssl=1 1024w, https:\/\/i0.wp.com\/radionorte.cl\/wp-content\/uploads\/2023\/01\/01-15.png?resize=300%2C179&amp;ssl=1 300w, https:\/\/i0.wp.com\/radionorte.cl\/wp-content\/uploads\/2023\/01\/01-15.png?resize=768%2C460&amp;ssl=1 768w, https:\/\/i0.wp.com\/radionorte.cl\/wp-content\/uploads\/2023\/01\/01-15.png?resize=980%2C586&amp;ssl=1 980w, https:\/\/i0.wp.com\/radionorte.cl\/wp-content\/uploads\/2023\/01\/01-15.png?resize=480%2C287&amp;ssl=1 480w, https:\/\/i0.wp.com\/radionorte.cl\/wp-content\/uploads\/2023\/01\/01-15.png?w=1068&amp;ssl=1 1068w\" sizes=\"auto, (max-width: 960px) 100vw, 960px\" \/><\/figure>\n<\/div>\n\n\n<p>Los oficiales concurrieron al sitio del suceso junto a peritos del Laboratorio de Criminal\u00edstica Regional, iniciando las pericias de rigor que incluyeron el examen externo policial del cuerpo donde se pudieron observar m\u00faltiples impactos bal\u00edsticos.<\/p>\n\n\n\n<p>Igualmente los investigadores pudieron determinar que la v\u00edctima se encontrada frente a un domicilio ubicado en pasaje Los Gorriones, donde por causas que se investigan, habr\u00eda sido abordado por desconocidos, quienes le propinaron m\u00faltiples disparos para seguidamente huir del sitio del suceso.<\/p>\n\n\n\n<p>La v\u00edctima qued\u00f3 gravemente herida en el lugar y fue trasladada inmediatamente por personal del SAMU al Hospital Regional, donde pese a los esfuerzos del personal m\u00e9dico ingres\u00f3 fallecido.<\/p>\n\n\n\n<p>En el sitio del suceso, el personal policial llev\u00f3 a cabo un completo trabajo cient\u00edfico y t\u00e9cnico, levantando diversas evidencias, adem\u00e1s de realizar el correspondiente empadronamiento, as\u00ed como el levantamiento de c\u00e1maras de seguridad.<\/p>\n\n\n\n<p>El jefe de la Brigada de Homicidios Antofagasta, subprefecto Luis Galaz Valdenegro, indic\u00f3 que durante esta jornada continuar\u00e1n con las diligencias tendientes a individualizar a \u00e9l o los responsables de este homicidio.<\/p>\n","protected":false},"excerpt":{"rendered":"<p>Detectives de la PDI Antofagasta est\u00e1n investigando el homicidio con arma de fuego de un joven de 21 a\u00f1os registrado en el sector norte de la capital regional alrededor del medio d\u00eda de este mi\u00e9rcoles 18 de enero. Los oficiales concurrieron al sitio del suceso junto a peritos del Laboratorio de Criminal\u00edstica Regional, iniciando las pericias de rigor que incluyeron el examen externo policial del cuerpo donde se pudieron observar m\u00faltiples impactos bal\u00edsticos. Igualmente los investigadores pudieron determinar que la v\u00edctima se encontrada frente a un domicilio ubicado en pasaje Los Gorriones, donde por causas que se investigan, habr\u00eda sido abordado por desconocidos, quienes le propinaron m\u00faltiples disparos para seguidamente huir del sitio del suceso. La v\u00edctima qued\u00f3 gravemente herida en el lugar y fue trasladada inmediatamente por personal del SAMU al Hospital Regional, donde pese a los esfuerzos del personal m\u00e9dico ingres\u00f3 fallecido. En el sitio del suceso, el personal policial llev\u00f3 a cabo un completo trabajo cient\u00edfico y t\u00e9cnico, levantando diversas evidencias, adem\u00e1s de realizar el correspondiente empadronamiento, as\u00ed como el levantamiento de c\u00e1maras de seguridad. El jefe de la Brigada de Homicidios Antofagasta, subprefecto Luis Galaz Valdenegro, indic\u00f3 que durante esta jornada continuar\u00e1n con las diligencias tendientes a individualizar a \u00e9l o los responsables de este homicidio.<\/p>\n","protected":false},"author":1,"featured_media":0,"comment_status":"open","ping_status":"open","sticky":false,"template":"","format":"standard","meta":{"_jetpack_memberships_contains_paid_content":false,"footnotes":""},"categories":[149],"tags":[72,108,126,127],"class_list":["post-631","post","type-post","status-publish","format-standard","hentry","category-escucha-online-aqui","tag-antofagasta","tag-asesinato","tag-homicidio","tag-poblacion-los-arenales"],"yoast_head":"<!-- This site is optimized with the Yoast SEO plugin v27.5 - https:\/\/yoast.com\/product\/yoast-seo-wordpress\/ -->\n<title>Investigan homicidio de joven de 21 a\u00f1os ocurrido en poblaci\u00f3n Los Arenales de Antofagasta -<\/title>\n<meta name=\"robots\" content=\"index, follow, max-snippet:-1, max-image-preview:large, max-video-preview:-1\" \/>\n<link rel=\"canonical\" href=\"https:\/\/radionorte.cl\/?p=631\" \/>\n<meta property=\"og:locale\" content=\"es_ES\" \/>\n<meta property=\"og:type\" content=\"article\" \/>\n<meta property=\"og:title\" content=\"Investigan homicidio de joven de 21 a\u00f1os ocurrido en poblaci\u00f3n Los Arenales de Antofagasta -\" \/>\n<meta property=\"og:description\" content=\"Detectives de la PDI Antofagasta est\u00e1n investigando el homicidio con arma de fuego de un joven de 21 a\u00f1os registrado en el sector norte de la capital regional alrededor del medio d\u00eda de este mi\u00e9rcoles 18 de enero. Los oficiales concurrieron al sitio del suceso junto a peritos del Laboratorio de Criminal\u00edstica Regional, iniciando las pericias de rigor que incluyeron el examen externo policial del cuerpo donde se pudieron observar m\u00faltiples impactos bal\u00edsticos. Igualmente los investigadores pudieron determinar que la v\u00edctima se encontrada frente a un domicilio ubicado en pasaje Los Gorriones, donde por causas que se investigan, habr\u00eda sido abordado por desconocidos, quienes le propinaron m\u00faltiples disparos para seguidamente huir del sitio del suceso. La v\u00edctima qued\u00f3 gravemente herida en el lugar y fue trasladada inmediatamente por personal del SAMU al Hospital Regional, donde pese a los esfuerzos del personal m\u00e9dico ingres\u00f3 fallecido. En el sitio del suceso, el personal policial llev\u00f3 a cabo un completo trabajo cient\u00edfico y t\u00e9cnico, levantando diversas evidencias, adem\u00e1s de realizar el correspondiente empadronamiento, as\u00ed como el levantamiento de c\u00e1maras de seguridad. El jefe de la Brigada de Homicidios Antofagasta, subprefecto Luis Galaz Valdenegro, indic\u00f3 que durante esta jornada continuar\u00e1n con las diligencias tendientes a individualizar a \u00e9l o los responsables de este homicidio.\" \/>\n<meta property=\"og:url\" content=\"https:\/\/radionorte.cl\/?p=631\" \/>\n<meta property=\"article:published_time\" content=\"2023-01-19T21:34:43+00:00\" \/>\n<meta property=\"article:modified_time\" content=\"2023-01-19T21:34:46+00:00\" \/>\n<meta property=\"og:image\" content=\"https:\/\/radionorte.cl\/wp-content\/uploads\/2023\/01\/01-15-1024x613.png\" \/>\n<meta name=\"author\" content=\"carocklina\" \/>\n<meta name=\"twitter:card\" content=\"summary_large_image\" \/>\n<meta name=\"twitter:label1\" content=\"Escrito por\" \/>\n\t<meta name=\"twitter:data1\" content=\"carocklina\" \/>\n\t<meta name=\"twitter:label2\" content=\"Tiempo estimado de lectura\" \/>\n\t<meta name=\"twitter:data2\" content=\"2 minutos\" \/>\n<script type=\"application\/ld+json\" class=\"yoast-schema-graph\">{\"@context\":\"https:\\\/\\\/schema.org\",\"@graph\":[{\"@type\":\"Article\",\"@id\":\"https:\\\/\\\/radionorte.cl\\\/?p=631#article\",\"isPartOf\":{\"@id\":\"https:\\\/\\\/radionorte.cl\\\/?p=631\"},\"author\":{\"name\":\"carocklina\",\"@id\":\"https:\\\/\\\/radionorte.cl\\\/#\\\/schema\\\/person\\\/baacf6923dce8651ca2587cbf14dbef2\"},\"headline\":\"Investigan homicidio de joven de 21 a\u00f1os ocurrido en poblaci\u00f3n Los Arenales de Antofagasta\",\"datePublished\":\"2023-01-19T21:34:43+00:00\",\"dateModified\":\"2023-01-19T21:34:46+00:00\",\"mainEntityOfPage\":{\"@id\":\"https:\\\/\\\/radionorte.cl\\\/?p=631\"},\"wordCount\":240,\"commentCount\":0,\"image\":{\"@id\":\"https:\\\/\\\/radionorte.cl\\\/?p=631#primaryimage\"},\"thumbnailUrl\":\"https:\\\/\\\/radionorte.cl\\\/wp-content\\\/uploads\\\/2023\\\/01\\\/01-15-1024x613.png\",\"keywords\":[\"Antofagasta\",\"Asesinato\",\"homicidio\",\"poblaci\u00f3n Los Arenales\"],\"articleSection\":[\"Radio Norte\"],\"inLanguage\":\"es-CL\",\"potentialAction\":[{\"@type\":\"CommentAction\",\"name\":\"Comment\",\"target\":[\"https:\\\/\\\/radionorte.cl\\\/?p=631#respond\"]}]},{\"@type\":\"WebPage\",\"@id\":\"https:\\\/\\\/radionorte.cl\\\/?p=631\",\"url\":\"https:\\\/\\\/radionorte.cl\\\/?p=631\",\"name\":\"Investigan homicidio de joven de 21 a\u00f1os ocurrido en poblaci\u00f3n Los Arenales de Antofagasta -\",\"isPartOf\":{\"@id\":\"https:\\\/\\\/radionorte.cl\\\/#website\"},\"primaryImageOfPage\":{\"@id\":\"https:\\\/\\\/radionorte.cl\\\/?p=631#primaryimage\"},\"image\":{\"@id\":\"https:\\\/\\\/radionorte.cl\\\/?p=631#primaryimage\"},\"thumbnailUrl\":\"https:\\\/\\\/radionorte.cl\\\/wp-content\\\/uploads\\\/2023\\\/01\\\/01-15-1024x613.png\",\"datePublished\":\"2023-01-19T21:34:43+00:00\",\"dateModified\":\"2023-01-19T21:34:46+00:00\",\"author\":{\"@id\":\"https:\\\/\\\/radionorte.cl\\\/#\\\/schema\\\/person\\\/baacf6923dce8651ca2587cbf14dbef2\"},\"breadcrumb\":{\"@id\":\"https:\\\/\\\/radionorte.cl\\\/?p=631#breadcrumb\"},\"inLanguage\":\"es-CL\",\"potentialAction\":[{\"@type\":\"ReadAction\",\"target\":[\"https:\\\/\\\/radionorte.cl\\\/?p=631\"]}]},{\"@type\":\"ImageObject\",\"inLanguage\":\"es-CL\",\"@id\":\"https:\\\/\\\/radionorte.cl\\\/?p=631#primaryimage\",\"url\":\"https:\\\/\\\/radionorte.cl\\\/wp-content\\\/uploads\\\/2023\\\/01\\\/01-15-1024x613.png\",\"contentUrl\":\"https:\\\/\\\/radionorte.cl\\\/wp-content\\\/uploads\\\/2023\\\/01\\\/01-15-1024x613.png\"},{\"@type\":\"BreadcrumbList\",\"@id\":\"https:\\\/\\\/radionorte.cl\\\/?p=631#breadcrumb\",\"itemListElement\":[{\"@type\":\"ListItem\",\"position\":1,\"name\":\"Home\",\"item\":\"https:\\\/\\\/radionorte.cl\\\/\"},{\"@type\":\"ListItem\",\"position\":2,\"name\":\"Investigan homicidio de joven de 21 a\u00f1os ocurrido en poblaci\u00f3n Los Arenales de Antofagasta\"}]},{\"@type\":\"WebSite\",\"@id\":\"https:\\\/\\\/radionorte.cl\\\/#website\",\"url\":\"https:\\\/\\\/radionorte.cl\\\/\",\"name\":\"\",\"description\":\"\",\"potentialAction\":[{\"@type\":\"SearchAction\",\"target\":{\"@type\":\"EntryPoint\",\"urlTemplate\":\"https:\\\/\\\/radionorte.cl\\\/?s={search_term_string}\"},\"query-input\":{\"@type\":\"PropertyValueSpecification\",\"valueRequired\":true,\"valueName\":\"search_term_string\"}}],\"inLanguage\":\"es-CL\"},{\"@type\":\"Person\",\"@id\":\"https:\\\/\\\/radionorte.cl\\\/#\\\/schema\\\/person\\\/baacf6923dce8651ca2587cbf14dbef2\",\"name\":\"carocklina\",\"image\":{\"@type\":\"ImageObject\",\"inLanguage\":\"es-CL\",\"@id\":\"https:\\\/\\\/secure.gravatar.com\\\/avatar\\\/9edc52d7207ebb4d2bce985a253a7e2e313a7e3ced068ec36b73c76301b89836?s=96&d=mm&r=g\",\"url\":\"https:\\\/\\\/secure.gravatar.com\\\/avatar\\\/9edc52d7207ebb4d2bce985a253a7e2e313a7e3ced068ec36b73c76301b89836?s=96&d=mm&r=g\",\"contentUrl\":\"https:\\\/\\\/secure.gravatar.com\\\/avatar\\\/9edc52d7207ebb4d2bce985a253a7e2e313a7e3ced068ec36b73c76301b89836?s=96&d=mm&r=g\",\"caption\":\"carocklina\"},\"sameAs\":[\"http:\\\/\\\/radionorte.cl\"],\"url\":\"https:\\\/\\\/radionorte.cl\\\/?author=1\"}]}<\/script>\n<!-- \/ Yoast SEO plugin. -->","yoast_head_json":{"title":"Investigan homicidio de joven de 21 a\u00f1os ocurrido en poblaci\u00f3n Los Arenales de Antofagasta -","robots":{"index":"index","follow":"follow","max-snippet":"max-snippet:-1","max-image-preview":"max-image-preview:large","max-video-preview":"max-video-preview:-1"},"canonical":"https:\/\/radionorte.cl\/?p=631","og_locale":"es_ES","og_type":"article","og_title":"Investigan homicidio de joven de 21 a\u00f1os ocurrido en poblaci\u00f3n Los Arenales de Antofagasta -","og_description":"Detectives de la PDI Antofagasta est\u00e1n investigando el homicidio con arma de fuego de un joven de 21 a\u00f1os registrado en el sector norte de la capital regional alrededor del medio d\u00eda de este mi\u00e9rcoles 18 de enero. Los oficiales concurrieron al sitio del suceso junto a peritos del Laboratorio de Criminal\u00edstica Regional, iniciando las pericias de rigor que incluyeron el examen externo policial del cuerpo donde se pudieron observar m\u00faltiples impactos bal\u00edsticos. Igualmente los investigadores pudieron determinar que la v\u00edctima se encontrada frente a un domicilio ubicado en pasaje Los Gorriones, donde por causas que se investigan, habr\u00eda sido abordado por desconocidos, quienes le propinaron m\u00faltiples disparos para seguidamente huir del sitio del suceso. La v\u00edctima qued\u00f3 gravemente herida en el lugar y fue trasladada inmediatamente por personal del SAMU al Hospital Regional, donde pese a los esfuerzos del personal m\u00e9dico ingres\u00f3 fallecido. En el sitio del suceso, el personal policial llev\u00f3 a cabo un completo trabajo cient\u00edfico y t\u00e9cnico, levantando diversas evidencias, adem\u00e1s de realizar el correspondiente empadronamiento, as\u00ed como el levantamiento de c\u00e1maras de seguridad. El jefe de la Brigada de Homicidios Antofagasta, subprefecto Luis Galaz Valdenegro, indic\u00f3 que durante esta jornada continuar\u00e1n con las diligencias tendientes a individualizar a \u00e9l o los responsables de este homicidio.","og_url":"https:\/\/radionorte.cl\/?p=631","article_published_time":"2023-01-19T21:34:43+00:00","article_modified_time":"2023-01-19T21:34:46+00:00","og_image":[{"url":"https:\/\/radionorte.cl\/wp-content\/uploads\/2023\/01\/01-15-1024x613.png","type":"","width":"","height":""}],"author":"carocklina","twitter_card":"summary_large_image","twitter_misc":{"Escrito por":"carocklina","Tiempo estimado de lectura":"2 minutos"},"schema":{"@context":"https:\/\/schema.org","@graph":[{"@type":"Article","@id":"https:\/\/radionorte.cl\/?p=631#article","isPartOf":{"@id":"https:\/\/radionorte.cl\/?p=631"},"author":{"name":"carocklina","@id":"https:\/\/radionorte.cl\/#\/schema\/person\/baacf6923dce8651ca2587cbf14dbef2"},"headline":"Investigan homicidio de joven de 21 a\u00f1os ocurrido en poblaci\u00f3n Los Arenales de Antofagasta","datePublished":"2023-01-19T21:34:43+00:00","dateModified":"2023-01-19T21:34:46+00:00","mainEntityOfPage":{"@id":"https:\/\/radionorte.cl\/?p=631"},"wordCount":240,"commentCount":0,"image":{"@id":"https:\/\/radionorte.cl\/?p=631#primaryimage"},"thumbnailUrl":"https:\/\/radionorte.cl\/wp-content\/uploads\/2023\/01\/01-15-1024x613.png","keywords":["Antofagasta","Asesinato","homicidio","poblaci\u00f3n Los Arenales"],"articleSection":["Radio Norte"],"inLanguage":"es-CL","potentialAction":[{"@type":"CommentAction","name":"Comment","target":["https:\/\/radionorte.cl\/?p=631#respond"]}]},{"@type":"WebPage","@id":"https:\/\/radionorte.cl\/?p=631","url":"https:\/\/radionorte.cl\/?p=631","name":"Investigan homicidio de joven de 21 a\u00f1os ocurrido en poblaci\u00f3n Los Arenales de Antofagasta -","isPartOf":{"@id":"https:\/\/radionorte.cl\/#website"},"primaryImageOfPage":{"@id":"https:\/\/radionorte.cl\/?p=631#primaryimage"},"image":{"@id":"https:\/\/radionorte.cl\/?p=631#primaryimage"},"thumbnailUrl":"https:\/\/radionorte.cl\/wp-content\/uploads\/2023\/01\/01-15-1024x613.png","datePublished":"2023-01-19T21:34:43+00:00","dateModified":"2023-01-19T21:34:46+00:00","author":{"@id":"https:\/\/radionorte.cl\/#\/schema\/person\/baacf6923dce8651ca2587cbf14dbef2"},"breadcrumb":{"@id":"https:\/\/radionorte.cl\/?p=631#breadcrumb"},"inLanguage":"es-CL","potentialAction":[{"@type":"ReadAction","target":["https:\/\/radionorte.cl\/?p=631"]}]},{"@type":"ImageObject","inLanguage":"es-CL","@id":"https:\/\/radionorte.cl\/?p=631#primaryimage","url":"https:\/\/radionorte.cl\/wp-content\/uploads\/2023\/01\/01-15-1024x613.png","contentUrl":"https:\/\/radionorte.cl\/wp-content\/uploads\/2023\/01\/01-15-1024x613.png"},{"@type":"BreadcrumbList","@id":"https:\/\/radionorte.cl\/?p=631#breadcrumb","itemListElement":[{"@type":"ListItem","position":1,"name":"Home","item":"https:\/\/radionorte.cl\/"},{"@type":"ListItem","position":2,"name":"Investigan homicidio de joven de 21 a\u00f1os ocurrido en poblaci\u00f3n Los Arenales de Antofagasta"}]},{"@type":"WebSite","@id":"https:\/\/radionorte.cl\/#website","url":"https:\/\/radionorte.cl\/","name":"","description":"","potentialAction":[{"@type":"SearchAction","target":{"@type":"EntryPoint","urlTemplate":"https:\/\/radionorte.cl\/?s={search_term_string}"},"query-input":{"@type":"PropertyValueSpecification","valueRequired":true,"valueName":"search_term_string"}}],"inLanguage":"es-CL"},{"@type":"Person","@id":"https:\/\/radionorte.cl\/#\/schema\/person\/baacf6923dce8651ca2587cbf14dbef2","name":"carocklina","image":{"@type":"ImageObject","inLanguage":"es-CL","@id":"https:\/\/secure.gravatar.com\/avatar\/9edc52d7207ebb4d2bce985a253a7e2e313a7e3ced068ec36b73c76301b89836?s=96&d=mm&r=g","url":"https:\/\/secure.gravatar.com\/avatar\/9edc52d7207ebb4d2bce985a253a7e2e313a7e3ced068ec36b73c76301b89836?s=96&d=mm&r=g","contentUrl":"https:\/\/secure.gravatar.com\/avatar\/9edc52d7207ebb4d2bce985a253a7e2e313a7e3ced068ec36b73c76301b89836?s=96&d=mm&r=g","caption":"carocklina"},"sameAs":["http:\/\/radionorte.cl"],"url":"https:\/\/radionorte.cl\/?author=1"}]}},"jetpack_featured_media_url":"","jetpack-related-posts":[{"id":660,"url":"https:\/\/radionorte.cl\/?p=660","url_meta":{"origin":631,"position":0},"title":"Asesinan a ciudadano extranjero al interior de la c\u00e1rcel de Antofagasta","author":"carocklina","date":"Enero 30, 2023","format":false,"excerpt":"Detectives de la Brigada de Homicidios de la PDI Antofagasta en coordinaci\u00f3n con la Fiscal\u00eda Local est\u00e1n investigando un homicidio ocurrido al interior del Complejo Penitenciario de la capital regional. Seg\u00fan los antecedentes recopilados por los oficiales, la v\u00edctima ser\u00eda un ciudadano extranjero de 24 a\u00f1os, quien habr\u00eda sufrido heridas\u2026","rel":"","context":"En &quot;Radio Norte&quot;","block_context":{"text":"Radio Norte","link":"https:\/\/radionorte.cl\/?cat=149"},"img":{"alt_text":"","src":"https:\/\/i0.wp.com\/radionorte.cl\/wp-content\/uploads\/2023\/01\/01-23.png?resize=350%2C200&ssl=1","width":350,"height":200,"srcset":"https:\/\/i0.wp.com\/radionorte.cl\/wp-content\/uploads\/2023\/01\/01-23.png?resize=350%2C200&ssl=1 1x, https:\/\/i0.wp.com\/radionorte.cl\/wp-content\/uploads\/2023\/01\/01-23.png?resize=525%2C300&ssl=1 1.5x, https:\/\/i0.wp.com\/radionorte.cl\/wp-content\/uploads\/2023\/01\/01-23.png?resize=700%2C400&ssl=1 2x"},"classes":[]},{"id":657,"url":"https:\/\/radionorte.cl\/?p=657","url_meta":{"origin":631,"position":1},"title":"Detienen al sicario colombiano \u201cIvanling\u201d en Antofagasta","author":"carocklina","date":"Enero 28, 2023","format":false,"excerpt":"Detectives de la Oficina Central Nacional (OCN) de Interpol, dependiente de la Polic\u00eda de Investigaciones, en conjunto con oficiales de la PDI Antofagasta, lograron la detenci\u00f3n en la capital regional de un sujeto buscado internacionalmente por la OCN de Colombia, por los encargos que mantiene vigentes en su pa\u00eds relacionados\u2026","rel":"","context":"En &quot;Radio Norte&quot;","block_context":{"text":"Radio Norte","link":"https:\/\/radionorte.cl\/?cat=149"},"img":{"alt_text":"","src":"https:\/\/i0.wp.com\/radionorte.cl\/wp-content\/uploads\/2023\/01\/01-22.png?fit=1200%2C675&ssl=1&resize=350%2C200","width":350,"height":200,"srcset":"https:\/\/i0.wp.com\/radionorte.cl\/wp-content\/uploads\/2023\/01\/01-22.png?fit=1200%2C675&ssl=1&resize=350%2C200 1x, https:\/\/i0.wp.com\/radionorte.cl\/wp-content\/uploads\/2023\/01\/01-22.png?fit=1200%2C675&ssl=1&resize=525%2C300 1.5x, https:\/\/i0.wp.com\/radionorte.cl\/wp-content\/uploads\/2023\/01\/01-22.png?fit=1200%2C675&ssl=1&resize=700%2C400 2x, https:\/\/i0.wp.com\/radionorte.cl\/wp-content\/uploads\/2023\/01\/01-22.png?fit=1200%2C675&ssl=1&resize=1050%2C600 3x"},"classes":[]},{"id":589,"url":"https:\/\/radionorte.cl\/?p=589","url_meta":{"origin":631,"position":2},"title":"Investigan muerte de joven de 21 a\u00f1os que fue atropellado y golpeado en Antofagasta","author":"carocklina","date":"Enero 10, 2023","format":false,"excerpt":"Un video viralizado por redes sociales es el crudo testimonio del atropello ocurrido el domingo 08 de enero en av. Edmundo P\u00e9rez Zujovic con los Tamarugos en el sector norte de Antofagasta. En este sentido el Prefecto de Antofagasta, coronel \u00c1lvaro Mu\u00f1oz, consultado por este hecho y que 12:00 horas\u2026","rel":"","context":"En &quot;Radio Norte&quot;","block_context":{"text":"Radio Norte","link":"https:\/\/radionorte.cl\/?cat=149"},"img":{"alt_text":"","src":"https:\/\/i0.wp.com\/radionorte.cl\/wp-content\/uploads\/2023\/01\/01-8.png?fit=894%2C603&ssl=1&resize=350%2C200","width":350,"height":200,"srcset":"https:\/\/i0.wp.com\/radionorte.cl\/wp-content\/uploads\/2023\/01\/01-8.png?fit=894%2C603&ssl=1&resize=350%2C200 1x, https:\/\/i0.wp.com\/radionorte.cl\/wp-content\/uploads\/2023\/01\/01-8.png?fit=894%2C603&ssl=1&resize=525%2C300 1.5x, https:\/\/i0.wp.com\/radionorte.cl\/wp-content\/uploads\/2023\/01\/01-8.png?fit=894%2C603&ssl=1&resize=700%2C400 2x"},"classes":[]},{"id":669,"url":"https:\/\/radionorte.cl\/?p=669","url_meta":{"origin":631,"position":3},"title":"Investigan muerte de una mujer que viajaba en un bus interurbano hacia Tocopilla","author":"carocklina","date":"Febrero 2, 2023","format":false,"excerpt":"Detectives de la Brigada de Investigaci\u00f3n Criminal Tocopilla, en coordinaci\u00f3n con la Fiscal\u00eda Local est\u00e1n investigando la muerte de una mujer de 45 a\u00f1os ocurrida la ma\u00f1ana de hoy en un bus interurbano que hac\u00eda el recorrido desde Santiago hasta la ciudad de Iquique. Los oficiales fueron notificados por el\u2026","rel":"","context":"En &quot;Radio Norte&quot;","block_context":{"text":"Radio Norte","link":"https:\/\/radionorte.cl\/?cat=149"},"img":{"alt_text":"","src":"https:\/\/i0.wp.com\/radionorte.cl\/wp-content\/uploads\/2023\/02\/01-1.png?fit=900%2C600&ssl=1&resize=350%2C200","width":350,"height":200,"srcset":"https:\/\/i0.wp.com\/radionorte.cl\/wp-content\/uploads\/2023\/02\/01-1.png?fit=900%2C600&ssl=1&resize=350%2C200 1x, https:\/\/i0.wp.com\/radionorte.cl\/wp-content\/uploads\/2023\/02\/01-1.png?fit=900%2C600&ssl=1&resize=525%2C300 1.5x, https:\/\/i0.wp.com\/radionorte.cl\/wp-content\/uploads\/2023\/02\/01-1.png?fit=900%2C600&ssl=1&resize=700%2C400 2x"},"classes":[]},{"id":504,"url":"https:\/\/radionorte.cl\/?p=504","url_meta":{"origin":631,"position":4},"title":"Antofagasta: Mujer que atropell\u00f3 y mat\u00f3 a Constanza Morales y su perrita Nori cumplir\u00e1 su condena en libertad","author":"carocklina","date":"Enero 4, 2023","format":false,"excerpt":"La conductora, identificada como Evelyn Barrios Cerda, recibi\u00f3 la pena sustitutiva de libertad vigilada intensiva, por lo que no ir\u00e1 a la c\u00e1rcel. Accesoriamente se le suspendi\u00f3 la licencia de conducir y fue acogida la demanda civil, por lo que deber\u00e1 pagar una indemnizaci\u00f3n de $60 millones de pesos a\u2026","rel":"","context":"En &quot;Radio Norte&quot;","block_context":{"text":"Radio Norte","link":"https:\/\/radionorte.cl\/?cat=149"},"img":{"alt_text":"","src":"https:\/\/i0.wp.com\/radionorte.cl\/wp-content\/uploads\/2023\/01\/01-2.png?fit=621%2C498&ssl=1&resize=350%2C200","width":350,"height":200,"srcset":"https:\/\/i0.wp.com\/radionorte.cl\/wp-content\/uploads\/2023\/01\/01-2.png?fit=621%2C498&ssl=1&resize=350%2C200 1x, https:\/\/i0.wp.com\/radionorte.cl\/wp-content\/uploads\/2023\/01\/01-2.png?fit=621%2C498&ssl=1&resize=525%2C300 1.5x"},"classes":[]},{"id":650,"url":"https:\/\/radionorte.cl\/?p=650","url_meta":{"origin":631,"position":5},"title":"Detienen en Antofagasta a uno de los presuntos autores de un homicidio ocurrido en La Serena","author":"carocklina","date":"Enero 26, 2023","format":false,"excerpt":"Detectives de la Brigada de Homicidios de la PDI Antofagasta, en coordinaci\u00f3n con la Brigada de Homicidios de La Serena lograron la detenci\u00f3n de un ciudadano extranjero sobre quien pesaba una orden de detenci\u00f3n por el delito de Homicidio y Homicidio Frustrado en un hecho ocurrido el fin de semana\u2026","rel":"","context":"En &quot;Radio Norte&quot;","block_context":{"text":"Radio Norte","link":"https:\/\/radionorte.cl\/?cat=149"},"img":{"alt_text":"","src":"https:\/\/i0.wp.com\/radionorte.cl\/wp-content\/uploads\/2023\/01\/01-20.png?resize=350%2C200&ssl=1","width":350,"height":200,"srcset":"https:\/\/i0.wp.com\/radionorte.cl\/wp-content\/uploads\/2023\/01\/01-20.png?resize=350%2C200&ssl=1 1x, https:\/\/i0.wp.com\/radionorte.cl\/wp-content\/uploads\/2023\/01\/01-20.png?resize=525%2C300&ssl=1 1.5x"},"classes":[]}],"jetpack_sharing_enabled":true,"_links":{"self":[{"href":"https:\/\/radionorte.cl\/index.php?rest_route=\/wp\/v2\/posts\/631","targetHints":{"allow":["GET"]}}],"collection":[{"href":"https:\/\/radionorte.cl\/index.php?rest_route=\/wp\/v2\/posts"}],"about":[{"href":"https:\/\/radionorte.cl\/index.php?rest_route=\/wp\/v2\/types\/post"}],"author":[{"embeddable":true,"href":"https:\/\/radionorte.cl\/index.php?rest_route=\/wp\/v2\/users\/1"}],"replies":[{"embeddable":true,"href":"https:\/\/radionorte.cl\/index.php?rest_route=%2Fwp%2Fv2%2Fcomments&post=631"}],"version-history":[{"count":1,"href":"https:\/\/radionorte.cl\/index.php?rest_route=\/wp\/v2\/posts\/631\/revisions"}],"predecessor-version":[{"id":633,"href":"https:\/\/radionorte.cl\/index.php?rest_route=\/wp\/v2\/posts\/631\/revisions\/633"}],"wp:attachment":[{"href":"https:\/\/radionorte.cl\/index.php?rest_route=%2Fwp%2Fv2%2Fmedia&parent=631"}],"wp:term":[{"taxonomy":"category","embeddable":true,"href":"https:\/\/radionorte.cl\/index.php?rest_route=%2Fwp%2Fv2%2Fcategories&post=631"},{"taxonomy":"post_tag","embeddable":true,"href":"https:\/\/radionorte.cl\/index.php?rest_route=%2Fwp%2Fv2%2Ftags&post=631"}],"curies":[{"name":"wp","href":"https:\/\/api.w.org\/{rel}","templated":true}]}}