{"id":654,"date":"2023-01-27T15:47:49","date_gmt":"2023-01-27T15:47:49","guid":{"rendered":"https:\/\/radionorte.cl\/?p=654"},"modified":"2023-01-27T15:47:54","modified_gmt":"2023-01-27T15:47:54","slug":"alerta-amarilla-en-san-pedro-de-atacama-por-posible-nuevo-pulso-eruptivo-en-volcan-lascar","status":"publish","type":"post","link":"https:\/\/radionorte.cl\/?p=654","title":{"rendered":"Alerta Amarilla en San Pedro de Atacama por posible nuevo pulso eruptivo en Volc\u00e1n L\u00e1scar"},"content":{"rendered":"\n<p>La Delegaci\u00f3n Presidencial Regional de Antofagasta, la Direcci\u00f3n Regional del SENAPRED declararon Alerta Amarilla, para la comuna de San Pedro de Atacama, por actividad del volc\u00e1n L\u00e1scar, vigente a contar de este jueves 26 de enero y hasta que las condiciones as\u00ed lo ameriten.<\/p>\n\n\n<div class=\"wp-block-image\">\n<figure class=\"aligncenter size-large\"><img data-recalc-dims=\"1\" loading=\"lazy\" decoding=\"async\" width=\"960\" height=\"577\" src=\"https:\/\/i0.wp.com\/radionorte.cl\/wp-content\/uploads\/2023\/01\/01-21-1024x615.png?resize=960%2C577&#038;ssl=1\" alt=\"\" class=\"wp-image-655\" srcset=\"https:\/\/i0.wp.com\/radionorte.cl\/wp-content\/uploads\/2023\/01\/01-21.png?resize=1024%2C615&amp;ssl=1 1024w, https:\/\/i0.wp.com\/radionorte.cl\/wp-content\/uploads\/2023\/01\/01-21.png?resize=300%2C180&amp;ssl=1 300w, https:\/\/i0.wp.com\/radionorte.cl\/wp-content\/uploads\/2023\/01\/01-21.png?resize=768%2C462&amp;ssl=1 768w, https:\/\/i0.wp.com\/radionorte.cl\/wp-content\/uploads\/2023\/01\/01-21.png?resize=1536%2C923&amp;ssl=1 1536w, https:\/\/i0.wp.com\/radionorte.cl\/wp-content\/uploads\/2023\/01\/01-21.png?resize=1080%2C649&amp;ssl=1 1080w, https:\/\/i0.wp.com\/radionorte.cl\/wp-content\/uploads\/2023\/01\/01-21.png?resize=1280%2C769&amp;ssl=1 1280w, https:\/\/i0.wp.com\/radionorte.cl\/wp-content\/uploads\/2023\/01\/01-21.png?resize=980%2C589&amp;ssl=1 980w, https:\/\/i0.wp.com\/radionorte.cl\/wp-content\/uploads\/2023\/01\/01-21.png?resize=480%2C288&amp;ssl=1 480w, https:\/\/i0.wp.com\/radionorte.cl\/wp-content\/uploads\/2023\/01\/01-21.png?w=2000&amp;ssl=1 2000w, https:\/\/i0.wp.com\/radionorte.cl\/wp-content\/uploads\/2023\/01\/01-21.png?w=1920 1920w\" sizes=\"auto, (max-width: 960px) 100vw, 960px\" \/><\/figure>\n<\/div>\n\n\n<p>De acuerdo con la informaci\u00f3n proporcionada por el Observatorio Volc\u00e1nico de los Andes del Sur (OVDAS) del Servicio Nacional de Geolog\u00eda y Miner\u00eda (SERNAGEOMIN), el volc\u00e1n L\u00e1scar cambia el nivel de su alerta t\u00e9cnica de Verde a Amarilla.<\/p>\n\n\n\n<p>Lo anterior porque las estaciones de monitoreo instaladas en las inmediaciones del volc\u00e1n L\u00e1scar han registrado un aumento en la sismicidad asociada al sistema volc\u00e1nico, en forma de eventos relacionados con la din\u00e1mica interna de fluidos volc\u00e1nicos que, debido a sus caracter\u00edsticas, se presumen su origen a niveles m\u00e1s superficiales.<\/p>\n\n\n\n<p>La presencia de esta actividad y energ\u00edas mayores a las habituales, son comunes en periodos de elevada actividad volc\u00e1nica, ya sea como parte de un proceso en curso, o previo a la ocurrencia de nuevas emisiones de material volc\u00e1nico a la superficie.<\/p>\n\n\n\n<p>Es importante destacar que existen similitudes entre la actividad presente durante el d\u00eda de hoy y los procesos eruptivos de energ\u00eda moderada que han ocurrido en este \u00faltimo tiempo en el volc\u00e1n L\u00e1scar, como el ocurrido el pasado 10 de diciembre de 2022.<\/p>\n\n\n\n<p>De igual forma, SERNAGEOMIN ha establecido la zonificaci\u00f3n de peligros, considerando como zona de probable afectaci\u00f3n por productos volc\u00e1nicos un radio de 3 kil\u00f3metros desde el centro del cr\u00e1ter activo del volc\u00e1n.<\/p>\n\n\n\n<p>El Subdirector Nacional de Geolog\u00eda (s) de Sernageomin, \u00c1lvaro Amigo, se\u00f1al\u00f3 que de manera preventiva se ha determinado modificar el nivel de alerta a amarilla con una zona de afectaci\u00f3n de 3 kil\u00f3metros, desde el centro del cr\u00e1ter. Adem\u00e1s, llam\u00f3 a la comunidad a informarse por los canales oficiales. \u201cEstamos monitoreando el volc\u00e1n L\u00e1scar 24X7 y en l\u00ednea. Nuestros especialistas cuentan con tecnolog\u00eda adecuada para el seguimiento de la actividad volc\u00e1nica\u201d.<\/p>\n\n\n\n<p>Agreg\u00f3 que \u201cen la localidad de San Pedro de Atacama, desde este martes 24 de enero se encuentran profesionales de la Red Nacional de Vigilancia Volc\u00e1nica (RNVV) de Sernageomin trabajando directamente con las comunidades aleda\u00f1as al volc\u00e1n, entre ellas, Talabre y Tocanao. Asimismo, estamos robusteciendo nuestras estaciones de monitoreo instalando una nueva c\u00e1mara de vigilancia, todo lo anterior con el compromiso de mantener un monitoreo a\u00fan m\u00e1s acucioso sobre el L\u00e1scar\u201d.<\/p>\n\n\n\n<p>\u201cCabe destacar, que ante el aumento de actividad interna registrada desde la madrugada del d\u00eda de hoy (26\/01), no se descarta la ocurrencia de nuevos pulsos eruptivos cuyo impacto estar\u00eda restringido a algunos kil\u00f3metros en torno al cr\u00e1ter del volc\u00e1n\u201d, enfatiz\u00f3 \u00c1lvaro Amigo.<\/p>\n\n\n\n<p>Por su parte, el Director Nacional (s) de SENAPRED, Mauricio Tapia, indic\u00f3 que \u201cen atenci\u00f3n a los antecedentes t\u00e9cnicos proporcionados por Sernageomin, hemos determinado incrementar la Alerta del Sistema Nacional de Prevenci\u00f3n y Respuesta ante Desastres (SINAPRED), estableciendo Alerta Amarilla para la comuna de San Pedro de Atacama, lo cual implica el reforzamiento del monitoreo t\u00e9cnico del comportamiento del volc\u00e1n y aplicaci\u00f3n. De igual forma, en virtud de las facultades estipuladas en la Ley 21.364 y en consideraci\u00f3n del nivel de riesgo se ha determinado establecer un per\u00edmetro de seguridad, el cual restringe el acceso a la zona del volc\u00e1n en un radio de 5 kil\u00f3metros, por lo que hacemos un llamado a la comunidad a respetar estas medidas, de manera que no se expongan de forma innecesaria a condiciones de riesgo\u201d.<\/p>\n","protected":false},"excerpt":{"rendered":"<p>La Delegaci\u00f3n Presidencial Regional de Antofagasta, la Direcci\u00f3n Regional del SENAPRED declararon Alerta Amarilla, para la comuna de San Pedro de Atacama, por actividad del volc\u00e1n L\u00e1scar, vigente a contar de este jueves 26 de enero y hasta que las condiciones as\u00ed lo ameriten. De acuerdo con la informaci\u00f3n proporcionada por el Observatorio Volc\u00e1nico de los Andes del Sur (OVDAS) del Servicio Nacional de Geolog\u00eda y Miner\u00eda (SERNAGEOMIN), el volc\u00e1n L\u00e1scar cambia el nivel de su alerta t\u00e9cnica de Verde a Amarilla. Lo anterior porque las estaciones de monitoreo instaladas en las inmediaciones del volc\u00e1n L\u00e1scar han registrado un aumento en la sismicidad asociada al sistema volc\u00e1nico, en forma de eventos relacionados con la din\u00e1mica interna de fluidos volc\u00e1nicos que, debido a sus caracter\u00edsticas, se presumen su origen a niveles m\u00e1s superficiales. La presencia de esta actividad y energ\u00edas mayores a las habituales, son comunes en periodos de elevada actividad volc\u00e1nica, ya sea como parte de un proceso en curso, o previo a la ocurrencia de nuevas emisiones de material volc\u00e1nico a la superficie. Es importante destacar que existen similitudes entre la actividad presente durante el d\u00eda de hoy y los procesos eruptivos de energ\u00eda moderada que han ocurrido en este \u00faltimo tiempo en el volc\u00e1n L\u00e1scar, como el ocurrido el pasado 10 de diciembre de 2022. De igual forma, SERNAGEOMIN ha establecido la zonificaci\u00f3n de peligros, considerando como zona de probable afectaci\u00f3n por productos volc\u00e1nicos un radio de 3 kil\u00f3metros desde el centro del cr\u00e1ter activo del volc\u00e1n. El Subdirector Nacional de Geolog\u00eda (s) de Sernageomin, \u00c1lvaro Amigo, se\u00f1al\u00f3 que de manera preventiva se ha determinado modificar el nivel de alerta a amarilla con una zona de afectaci\u00f3n de 3 kil\u00f3metros, desde el centro del cr\u00e1ter. Adem\u00e1s, llam\u00f3 a la comunidad a informarse por los canales oficiales. \u201cEstamos monitoreando el volc\u00e1n L\u00e1scar 24X7 y en l\u00ednea. Nuestros especialistas cuentan con tecnolog\u00eda adecuada para el seguimiento de la actividad volc\u00e1nica\u201d. Agreg\u00f3 que \u201cen la localidad de San Pedro de Atacama, desde este martes 24 de enero se encuentran profesionales de la Red Nacional de Vigilancia Volc\u00e1nica (RNVV) de Sernageomin trabajando directamente con las comunidades aleda\u00f1as al volc\u00e1n, entre ellas, Talabre y Tocanao. Asimismo, estamos robusteciendo nuestras estaciones de monitoreo instalando una nueva c\u00e1mara de vigilancia, todo lo anterior con el compromiso de mantener un monitoreo a\u00fan m\u00e1s acucioso sobre el L\u00e1scar\u201d. \u201cCabe destacar, que ante el aumento de actividad interna registrada desde la madrugada del d\u00eda de hoy (26\/01), no se descarta la ocurrencia de nuevos pulsos eruptivos cuyo impacto estar\u00eda restringido a algunos kil\u00f3metros en torno al cr\u00e1ter del volc\u00e1n\u201d, enfatiz\u00f3 \u00c1lvaro Amigo. Por su parte, el Director Nacional (s) de SENAPRED, Mauricio Tapia, indic\u00f3 que \u201cen atenci\u00f3n a los antecedentes t\u00e9cnicos proporcionados por Sernageomin, hemos determinado incrementar la Alerta del Sistema Nacional de Prevenci\u00f3n y Respuesta ante Desastres (SINAPRED), estableciendo Alerta Amarilla para la comuna de San Pedro de Atacama, lo cual implica el reforzamiento del monitoreo t\u00e9cnico del comportamiento del volc\u00e1n y aplicaci\u00f3n. De igual forma, en virtud de las facultades estipuladas en la Ley 21.364 y en consideraci\u00f3n del nivel de riesgo se ha determinado establecer un per\u00edmetro de seguridad, el cual restringe el acceso a la zona del volc\u00e1n en un radio de 5 kil\u00f3metros, por lo que hacemos un llamado a la comunidad a respetar estas medidas, de manera que no se expongan de forma innecesaria a condiciones de riesgo\u201d.<\/p>\n","protected":false},"author":1,"featured_media":655,"comment_status":"open","ping_status":"open","sticky":false,"template":"","format":"standard","meta":{"_jetpack_memberships_contains_paid_content":false,"footnotes":""},"categories":[149],"tags":[72,135,136],"class_list":["post-654","post","type-post","status-publish","format-standard","has-post-thumbnail","hentry","category-escucha-online-aqui","tag-antofagasta","tag-san-pedro-de-atacama","tag-volcan-lascar"],"yoast_head":"<!-- This site is optimized with the Yoast SEO plugin v27.5 - https:\/\/yoast.com\/product\/yoast-seo-wordpress\/ -->\n<title>Alerta Amarilla en San Pedro de Atacama por posible nuevo pulso eruptivo en Volc\u00e1n L\u00e1scar -<\/title>\n<meta name=\"robots\" content=\"index, follow, max-snippet:-1, max-image-preview:large, max-video-preview:-1\" \/>\n<link rel=\"canonical\" href=\"https:\/\/radionorte.cl\/?p=654\" \/>\n<meta property=\"og:locale\" content=\"es_ES\" \/>\n<meta property=\"og:type\" content=\"article\" \/>\n<meta property=\"og:title\" content=\"Alerta Amarilla en San Pedro de Atacama por posible nuevo pulso eruptivo en Volc\u00e1n L\u00e1scar -\" \/>\n<meta property=\"og:description\" content=\"La Delegaci\u00f3n Presidencial Regional de Antofagasta, la Direcci\u00f3n Regional del SENAPRED declararon Alerta Amarilla, para la comuna de San Pedro de Atacama, por actividad del volc\u00e1n L\u00e1scar, vigente a contar de este jueves 26 de enero y hasta que las condiciones as\u00ed lo ameriten. De acuerdo con la informaci\u00f3n proporcionada por el Observatorio Volc\u00e1nico de los Andes del Sur (OVDAS) del Servicio Nacional de Geolog\u00eda y Miner\u00eda (SERNAGEOMIN), el volc\u00e1n L\u00e1scar cambia el nivel de su alerta t\u00e9cnica de Verde a Amarilla. Lo anterior porque las estaciones de monitoreo instaladas en las inmediaciones del volc\u00e1n L\u00e1scar han registrado un aumento en la sismicidad asociada al sistema volc\u00e1nico, en forma de eventos relacionados con la din\u00e1mica interna de fluidos volc\u00e1nicos que, debido a sus caracter\u00edsticas, se presumen su origen a niveles m\u00e1s superficiales. La presencia de esta actividad y energ\u00edas mayores a las habituales, son comunes en periodos de elevada actividad volc\u00e1nica, ya sea como parte de un proceso en curso, o previo a la ocurrencia de nuevas emisiones de material volc\u00e1nico a la superficie. Es importante destacar que existen similitudes entre la actividad presente durante el d\u00eda de hoy y los procesos eruptivos de energ\u00eda moderada que han ocurrido en este \u00faltimo tiempo en el volc\u00e1n L\u00e1scar, como el ocurrido el pasado 10 de diciembre de 2022. De igual forma, SERNAGEOMIN ha establecido la zonificaci\u00f3n de peligros, considerando como zona de probable afectaci\u00f3n por productos volc\u00e1nicos un radio de 3 kil\u00f3metros desde el centro del cr\u00e1ter activo del volc\u00e1n. El Subdirector Nacional de Geolog\u00eda (s) de Sernageomin, \u00c1lvaro Amigo, se\u00f1al\u00f3 que de manera preventiva se ha determinado modificar el nivel de alerta a amarilla con una zona de afectaci\u00f3n de 3 kil\u00f3metros, desde el centro del cr\u00e1ter. Adem\u00e1s, llam\u00f3 a la comunidad a informarse por los canales oficiales. \u201cEstamos monitoreando el volc\u00e1n L\u00e1scar 24X7 y en l\u00ednea. Nuestros especialistas cuentan con tecnolog\u00eda adecuada para el seguimiento de la actividad volc\u00e1nica\u201d. Agreg\u00f3 que \u201cen la localidad de San Pedro de Atacama, desde este martes 24 de enero se encuentran profesionales de la Red Nacional de Vigilancia Volc\u00e1nica (RNVV) de Sernageomin trabajando directamente con las comunidades aleda\u00f1as al volc\u00e1n, entre ellas, Talabre y Tocanao. Asimismo, estamos robusteciendo nuestras estaciones de monitoreo instalando una nueva c\u00e1mara de vigilancia, todo lo anterior con el compromiso de mantener un monitoreo a\u00fan m\u00e1s acucioso sobre el L\u00e1scar\u201d. \u201cCabe destacar, que ante el aumento de actividad interna registrada desde la madrugada del d\u00eda de hoy (26\/01), no se descarta la ocurrencia de nuevos pulsos eruptivos cuyo impacto estar\u00eda restringido a algunos kil\u00f3metros en torno al cr\u00e1ter del volc\u00e1n\u201d, enfatiz\u00f3 \u00c1lvaro Amigo. Por su parte, el Director Nacional (s) de SENAPRED, Mauricio Tapia, indic\u00f3 que \u201cen atenci\u00f3n a los antecedentes t\u00e9cnicos proporcionados por Sernageomin, hemos determinado incrementar la Alerta del Sistema Nacional de Prevenci\u00f3n y Respuesta ante Desastres (SINAPRED), estableciendo Alerta Amarilla para la comuna de San Pedro de Atacama, lo cual implica el reforzamiento del monitoreo t\u00e9cnico del comportamiento del volc\u00e1n y aplicaci\u00f3n. De igual forma, en virtud de las facultades estipuladas en la Ley 21.364 y en consideraci\u00f3n del nivel de riesgo se ha determinado establecer un per\u00edmetro de seguridad, el cual restringe el acceso a la zona del volc\u00e1n en un radio de 5 kil\u00f3metros, por lo que hacemos un llamado a la comunidad a respetar estas medidas, de manera que no se expongan de forma innecesaria a condiciones de riesgo\u201d.\" \/>\n<meta property=\"og:url\" content=\"https:\/\/radionorte.cl\/?p=654\" \/>\n<meta property=\"article:published_time\" content=\"2023-01-27T15:47:49+00:00\" \/>\n<meta property=\"article:modified_time\" content=\"2023-01-27T15:47:54+00:00\" \/>\n<meta property=\"og:image\" content=\"http:\/\/radionorte.cl\/wp-content\/uploads\/2023\/01\/01-21-1024x615.png\" \/>\n\t<meta property=\"og:image:width\" content=\"1024\" \/>\n\t<meta property=\"og:image:height\" content=\"615\" \/>\n\t<meta property=\"og:image:type\" content=\"image\/png\" \/>\n<meta name=\"author\" content=\"carocklina\" \/>\n<meta name=\"twitter:card\" content=\"summary_large_image\" \/>\n<meta name=\"twitter:label1\" content=\"Escrito por\" \/>\n\t<meta name=\"twitter:data1\" content=\"carocklina\" \/>\n\t<meta name=\"twitter:label2\" content=\"Tiempo estimado de lectura\" \/>\n\t<meta name=\"twitter:data2\" content=\"3 minutos\" \/>\n<script type=\"application\/ld+json\" class=\"yoast-schema-graph\">{\"@context\":\"https:\\\/\\\/schema.org\",\"@graph\":[{\"@type\":\"Article\",\"@id\":\"https:\\\/\\\/radionorte.cl\\\/?p=654#article\",\"isPartOf\":{\"@id\":\"https:\\\/\\\/radionorte.cl\\\/?p=654\"},\"author\":{\"name\":\"carocklina\",\"@id\":\"https:\\\/\\\/radionorte.cl\\\/#\\\/schema\\\/person\\\/baacf6923dce8651ca2587cbf14dbef2\"},\"headline\":\"Alerta Amarilla en San Pedro de Atacama por posible nuevo pulso eruptivo en Volc\u00e1n L\u00e1scar\",\"datePublished\":\"2023-01-27T15:47:49+00:00\",\"dateModified\":\"2023-01-27T15:47:54+00:00\",\"mainEntityOfPage\":{\"@id\":\"https:\\\/\\\/radionorte.cl\\\/?p=654\"},\"wordCount\":638,\"commentCount\":0,\"image\":{\"@id\":\"https:\\\/\\\/radionorte.cl\\\/?p=654#primaryimage\"},\"thumbnailUrl\":\"https:\\\/\\\/i0.wp.com\\\/radionorte.cl\\\/wp-content\\\/uploads\\\/2023\\\/01\\\/01-21.png?fit=2000%2C1202&ssl=1\",\"keywords\":[\"Antofagasta\",\"San Pedro de Atacama\",\"Volc\u00e1n L\u00e1scar\"],\"articleSection\":[\"Radio Norte\"],\"inLanguage\":\"es-CL\",\"potentialAction\":[{\"@type\":\"CommentAction\",\"name\":\"Comment\",\"target\":[\"https:\\\/\\\/radionorte.cl\\\/?p=654#respond\"]}]},{\"@type\":\"WebPage\",\"@id\":\"https:\\\/\\\/radionorte.cl\\\/?p=654\",\"url\":\"https:\\\/\\\/radionorte.cl\\\/?p=654\",\"name\":\"Alerta Amarilla en San Pedro de Atacama por posible nuevo pulso eruptivo en Volc\u00e1n L\u00e1scar -\",\"isPartOf\":{\"@id\":\"https:\\\/\\\/radionorte.cl\\\/#website\"},\"primaryImageOfPage\":{\"@id\":\"https:\\\/\\\/radionorte.cl\\\/?p=654#primaryimage\"},\"image\":{\"@id\":\"https:\\\/\\\/radionorte.cl\\\/?p=654#primaryimage\"},\"thumbnailUrl\":\"https:\\\/\\\/i0.wp.com\\\/radionorte.cl\\\/wp-content\\\/uploads\\\/2023\\\/01\\\/01-21.png?fit=2000%2C1202&ssl=1\",\"datePublished\":\"2023-01-27T15:47:49+00:00\",\"dateModified\":\"2023-01-27T15:47:54+00:00\",\"author\":{\"@id\":\"https:\\\/\\\/radionorte.cl\\\/#\\\/schema\\\/person\\\/baacf6923dce8651ca2587cbf14dbef2\"},\"breadcrumb\":{\"@id\":\"https:\\\/\\\/radionorte.cl\\\/?p=654#breadcrumb\"},\"inLanguage\":\"es-CL\",\"potentialAction\":[{\"@type\":\"ReadAction\",\"target\":[\"https:\\\/\\\/radionorte.cl\\\/?p=654\"]}]},{\"@type\":\"ImageObject\",\"inLanguage\":\"es-CL\",\"@id\":\"https:\\\/\\\/radionorte.cl\\\/?p=654#primaryimage\",\"url\":\"https:\\\/\\\/i0.wp.com\\\/radionorte.cl\\\/wp-content\\\/uploads\\\/2023\\\/01\\\/01-21.png?fit=2000%2C1202&ssl=1\",\"contentUrl\":\"https:\\\/\\\/i0.wp.com\\\/radionorte.cl\\\/wp-content\\\/uploads\\\/2023\\\/01\\\/01-21.png?fit=2000%2C1202&ssl=1\",\"width\":2000,\"height\":1202},{\"@type\":\"BreadcrumbList\",\"@id\":\"https:\\\/\\\/radionorte.cl\\\/?p=654#breadcrumb\",\"itemListElement\":[{\"@type\":\"ListItem\",\"position\":1,\"name\":\"Home\",\"item\":\"https:\\\/\\\/radionorte.cl\\\/\"},{\"@type\":\"ListItem\",\"position\":2,\"name\":\"Alerta Amarilla en San Pedro de Atacama por posible nuevo pulso eruptivo en Volc\u00e1n L\u00e1scar\"}]},{\"@type\":\"WebSite\",\"@id\":\"https:\\\/\\\/radionorte.cl\\\/#website\",\"url\":\"https:\\\/\\\/radionorte.cl\\\/\",\"name\":\"\",\"description\":\"\",\"potentialAction\":[{\"@type\":\"SearchAction\",\"target\":{\"@type\":\"EntryPoint\",\"urlTemplate\":\"https:\\\/\\\/radionorte.cl\\\/?s={search_term_string}\"},\"query-input\":{\"@type\":\"PropertyValueSpecification\",\"valueRequired\":true,\"valueName\":\"search_term_string\"}}],\"inLanguage\":\"es-CL\"},{\"@type\":\"Person\",\"@id\":\"https:\\\/\\\/radionorte.cl\\\/#\\\/schema\\\/person\\\/baacf6923dce8651ca2587cbf14dbef2\",\"name\":\"carocklina\",\"image\":{\"@type\":\"ImageObject\",\"inLanguage\":\"es-CL\",\"@id\":\"https:\\\/\\\/secure.gravatar.com\\\/avatar\\\/9edc52d7207ebb4d2bce985a253a7e2e313a7e3ced068ec36b73c76301b89836?s=96&d=mm&r=g\",\"url\":\"https:\\\/\\\/secure.gravatar.com\\\/avatar\\\/9edc52d7207ebb4d2bce985a253a7e2e313a7e3ced068ec36b73c76301b89836?s=96&d=mm&r=g\",\"contentUrl\":\"https:\\\/\\\/secure.gravatar.com\\\/avatar\\\/9edc52d7207ebb4d2bce985a253a7e2e313a7e3ced068ec36b73c76301b89836?s=96&d=mm&r=g\",\"caption\":\"carocklina\"},\"sameAs\":[\"http:\\\/\\\/radionorte.cl\"],\"url\":\"https:\\\/\\\/radionorte.cl\\\/?author=1\"}]}<\/script>\n<!-- \/ Yoast SEO plugin. -->","yoast_head_json":{"title":"Alerta Amarilla en San Pedro de Atacama por posible nuevo pulso eruptivo en Volc\u00e1n L\u00e1scar -","robots":{"index":"index","follow":"follow","max-snippet":"max-snippet:-1","max-image-preview":"max-image-preview:large","max-video-preview":"max-video-preview:-1"},"canonical":"https:\/\/radionorte.cl\/?p=654","og_locale":"es_ES","og_type":"article","og_title":"Alerta Amarilla en San Pedro de Atacama por posible nuevo pulso eruptivo en Volc\u00e1n L\u00e1scar -","og_description":"La Delegaci\u00f3n Presidencial Regional de Antofagasta, la Direcci\u00f3n Regional del SENAPRED declararon Alerta Amarilla, para la comuna de San Pedro de Atacama, por actividad del volc\u00e1n L\u00e1scar, vigente a contar de este jueves 26 de enero y hasta que las condiciones as\u00ed lo ameriten. De acuerdo con la informaci\u00f3n proporcionada por el Observatorio Volc\u00e1nico de los Andes del Sur (OVDAS) del Servicio Nacional de Geolog\u00eda y Miner\u00eda (SERNAGEOMIN), el volc\u00e1n L\u00e1scar cambia el nivel de su alerta t\u00e9cnica de Verde a Amarilla. Lo anterior porque las estaciones de monitoreo instaladas en las inmediaciones del volc\u00e1n L\u00e1scar han registrado un aumento en la sismicidad asociada al sistema volc\u00e1nico, en forma de eventos relacionados con la din\u00e1mica interna de fluidos volc\u00e1nicos que, debido a sus caracter\u00edsticas, se presumen su origen a niveles m\u00e1s superficiales. La presencia de esta actividad y energ\u00edas mayores a las habituales, son comunes en periodos de elevada actividad volc\u00e1nica, ya sea como parte de un proceso en curso, o previo a la ocurrencia de nuevas emisiones de material volc\u00e1nico a la superficie. Es importante destacar que existen similitudes entre la actividad presente durante el d\u00eda de hoy y los procesos eruptivos de energ\u00eda moderada que han ocurrido en este \u00faltimo tiempo en el volc\u00e1n L\u00e1scar, como el ocurrido el pasado 10 de diciembre de 2022. De igual forma, SERNAGEOMIN ha establecido la zonificaci\u00f3n de peligros, considerando como zona de probable afectaci\u00f3n por productos volc\u00e1nicos un radio de 3 kil\u00f3metros desde el centro del cr\u00e1ter activo del volc\u00e1n. El Subdirector Nacional de Geolog\u00eda (s) de Sernageomin, \u00c1lvaro Amigo, se\u00f1al\u00f3 que de manera preventiva se ha determinado modificar el nivel de alerta a amarilla con una zona de afectaci\u00f3n de 3 kil\u00f3metros, desde el centro del cr\u00e1ter. Adem\u00e1s, llam\u00f3 a la comunidad a informarse por los canales oficiales. \u201cEstamos monitoreando el volc\u00e1n L\u00e1scar 24X7 y en l\u00ednea. Nuestros especialistas cuentan con tecnolog\u00eda adecuada para el seguimiento de la actividad volc\u00e1nica\u201d. Agreg\u00f3 que \u201cen la localidad de San Pedro de Atacama, desde este martes 24 de enero se encuentran profesionales de la Red Nacional de Vigilancia Volc\u00e1nica (RNVV) de Sernageomin trabajando directamente con las comunidades aleda\u00f1as al volc\u00e1n, entre ellas, Talabre y Tocanao. Asimismo, estamos robusteciendo nuestras estaciones de monitoreo instalando una nueva c\u00e1mara de vigilancia, todo lo anterior con el compromiso de mantener un monitoreo a\u00fan m\u00e1s acucioso sobre el L\u00e1scar\u201d. \u201cCabe destacar, que ante el aumento de actividad interna registrada desde la madrugada del d\u00eda de hoy (26\/01), no se descarta la ocurrencia de nuevos pulsos eruptivos cuyo impacto estar\u00eda restringido a algunos kil\u00f3metros en torno al cr\u00e1ter del volc\u00e1n\u201d, enfatiz\u00f3 \u00c1lvaro Amigo. Por su parte, el Director Nacional (s) de SENAPRED, Mauricio Tapia, indic\u00f3 que \u201cen atenci\u00f3n a los antecedentes t\u00e9cnicos proporcionados por Sernageomin, hemos determinado incrementar la Alerta del Sistema Nacional de Prevenci\u00f3n y Respuesta ante Desastres (SINAPRED), estableciendo Alerta Amarilla para la comuna de San Pedro de Atacama, lo cual implica el reforzamiento del monitoreo t\u00e9cnico del comportamiento del volc\u00e1n y aplicaci\u00f3n. De igual forma, en virtud de las facultades estipuladas en la Ley 21.364 y en consideraci\u00f3n del nivel de riesgo se ha determinado establecer un per\u00edmetro de seguridad, el cual restringe el acceso a la zona del volc\u00e1n en un radio de 5 kil\u00f3metros, por lo que hacemos un llamado a la comunidad a respetar estas medidas, de manera que no se expongan de forma innecesaria a condiciones de riesgo\u201d.","og_url":"https:\/\/radionorte.cl\/?p=654","article_published_time":"2023-01-27T15:47:49+00:00","article_modified_time":"2023-01-27T15:47:54+00:00","og_image":[{"width":1024,"height":615,"url":"http:\/\/radionorte.cl\/wp-content\/uploads\/2023\/01\/01-21-1024x615.png","type":"image\/png"}],"author":"carocklina","twitter_card":"summary_large_image","twitter_misc":{"Escrito por":"carocklina","Tiempo estimado de lectura":"3 minutos"},"schema":{"@context":"https:\/\/schema.org","@graph":[{"@type":"Article","@id":"https:\/\/radionorte.cl\/?p=654#article","isPartOf":{"@id":"https:\/\/radionorte.cl\/?p=654"},"author":{"name":"carocklina","@id":"https:\/\/radionorte.cl\/#\/schema\/person\/baacf6923dce8651ca2587cbf14dbef2"},"headline":"Alerta Amarilla en San Pedro de Atacama por posible nuevo pulso eruptivo en Volc\u00e1n L\u00e1scar","datePublished":"2023-01-27T15:47:49+00:00","dateModified":"2023-01-27T15:47:54+00:00","mainEntityOfPage":{"@id":"https:\/\/radionorte.cl\/?p=654"},"wordCount":638,"commentCount":0,"image":{"@id":"https:\/\/radionorte.cl\/?p=654#primaryimage"},"thumbnailUrl":"https:\/\/i0.wp.com\/radionorte.cl\/wp-content\/uploads\/2023\/01\/01-21.png?fit=2000%2C1202&ssl=1","keywords":["Antofagasta","San Pedro de Atacama","Volc\u00e1n L\u00e1scar"],"articleSection":["Radio Norte"],"inLanguage":"es-CL","potentialAction":[{"@type":"CommentAction","name":"Comment","target":["https:\/\/radionorte.cl\/?p=654#respond"]}]},{"@type":"WebPage","@id":"https:\/\/radionorte.cl\/?p=654","url":"https:\/\/radionorte.cl\/?p=654","name":"Alerta Amarilla en San Pedro de Atacama por posible nuevo pulso eruptivo en Volc\u00e1n L\u00e1scar -","isPartOf":{"@id":"https:\/\/radionorte.cl\/#website"},"primaryImageOfPage":{"@id":"https:\/\/radionorte.cl\/?p=654#primaryimage"},"image":{"@id":"https:\/\/radionorte.cl\/?p=654#primaryimage"},"thumbnailUrl":"https:\/\/i0.wp.com\/radionorte.cl\/wp-content\/uploads\/2023\/01\/01-21.png?fit=2000%2C1202&ssl=1","datePublished":"2023-01-27T15:47:49+00:00","dateModified":"2023-01-27T15:47:54+00:00","author":{"@id":"https:\/\/radionorte.cl\/#\/schema\/person\/baacf6923dce8651ca2587cbf14dbef2"},"breadcrumb":{"@id":"https:\/\/radionorte.cl\/?p=654#breadcrumb"},"inLanguage":"es-CL","potentialAction":[{"@type":"ReadAction","target":["https:\/\/radionorte.cl\/?p=654"]}]},{"@type":"ImageObject","inLanguage":"es-CL","@id":"https:\/\/radionorte.cl\/?p=654#primaryimage","url":"https:\/\/i0.wp.com\/radionorte.cl\/wp-content\/uploads\/2023\/01\/01-21.png?fit=2000%2C1202&ssl=1","contentUrl":"https:\/\/i0.wp.com\/radionorte.cl\/wp-content\/uploads\/2023\/01\/01-21.png?fit=2000%2C1202&ssl=1","width":2000,"height":1202},{"@type":"BreadcrumbList","@id":"https:\/\/radionorte.cl\/?p=654#breadcrumb","itemListElement":[{"@type":"ListItem","position":1,"name":"Home","item":"https:\/\/radionorte.cl\/"},{"@type":"ListItem","position":2,"name":"Alerta Amarilla en San Pedro de Atacama por posible nuevo pulso eruptivo en Volc\u00e1n L\u00e1scar"}]},{"@type":"WebSite","@id":"https:\/\/radionorte.cl\/#website","url":"https:\/\/radionorte.cl\/","name":"","description":"","potentialAction":[{"@type":"SearchAction","target":{"@type":"EntryPoint","urlTemplate":"https:\/\/radionorte.cl\/?s={search_term_string}"},"query-input":{"@type":"PropertyValueSpecification","valueRequired":true,"valueName":"search_term_string"}}],"inLanguage":"es-CL"},{"@type":"Person","@id":"https:\/\/radionorte.cl\/#\/schema\/person\/baacf6923dce8651ca2587cbf14dbef2","name":"carocklina","image":{"@type":"ImageObject","inLanguage":"es-CL","@id":"https:\/\/secure.gravatar.com\/avatar\/9edc52d7207ebb4d2bce985a253a7e2e313a7e3ced068ec36b73c76301b89836?s=96&d=mm&r=g","url":"https:\/\/secure.gravatar.com\/avatar\/9edc52d7207ebb4d2bce985a253a7e2e313a7e3ced068ec36b73c76301b89836?s=96&d=mm&r=g","contentUrl":"https:\/\/secure.gravatar.com\/avatar\/9edc52d7207ebb4d2bce985a253a7e2e313a7e3ced068ec36b73c76301b89836?s=96&d=mm&r=g","caption":"carocklina"},"sameAs":["http:\/\/radionorte.cl"],"url":"https:\/\/radionorte.cl\/?author=1"}]}},"jetpack_featured_media_url":"https:\/\/i0.wp.com\/radionorte.cl\/wp-content\/uploads\/2023\/01\/01-21.png?fit=2000%2C1202&ssl=1","jetpack-related-posts":[{"id":513,"url":"https:\/\/radionorte.cl\/?p=513","url_meta":{"origin":654,"position":0},"title":"Ante pron\u00f3stico de lluvias estivales: MOP inspeccion\u00f3 puntos cr\u00edticos de la regi\u00f3n de Antofagasta y present\u00f3 plan de contingencia","author":"carocklina","date":"Enero 4, 2023","format":false,"excerpt":"Seremi y directores de Obras P\u00fablicas recorrieron la regi\u00f3n para dar cuenta sobre el estado de los proyectos que ser\u00e1n claves en el caso de una emergencia mayor en la \u00e9poca de lluvias al interior de la zona. Con un recorrido por los distintos proyectos de Vialidad y de Obras\u2026","rel":"","context":"En &quot;Radio Norte&quot;","block_context":{"text":"Radio Norte","link":"https:\/\/radionorte.cl\/?cat=149"},"img":{"alt_text":"","src":"https:\/\/i0.wp.com\/radionorte.cl\/wp-content\/uploads\/2023\/01\/02.png?fit=1024%2C768&ssl=1&resize=350%2C200","width":350,"height":200,"srcset":"https:\/\/i0.wp.com\/radionorte.cl\/wp-content\/uploads\/2023\/01\/02.png?fit=1024%2C768&ssl=1&resize=350%2C200 1x, https:\/\/i0.wp.com\/radionorte.cl\/wp-content\/uploads\/2023\/01\/02.png?fit=1024%2C768&ssl=1&resize=525%2C300 1.5x, https:\/\/i0.wp.com\/radionorte.cl\/wp-content\/uploads\/2023\/01\/02.png?fit=1024%2C768&ssl=1&resize=700%2C400 2x"},"classes":[]},{"id":611,"url":"https:\/\/radionorte.cl\/?p=611","url_meta":{"origin":654,"position":1},"title":"Lanzan Plan de Verano con miras a la reactivaci\u00f3n de aprendizajes en ni\u00f1as, ni\u00f1os y adolescentes de la regi\u00f3n de Antofagasta","author":"carocklina","date":"Enero 12, 2023","format":false,"excerpt":"En las colonias escolares realizadas en el Colegio T\u00e9cnico Industrial Don Bosco de Antofagasta, el seremi de Educaci\u00f3n, Alberto Santander, junto al director regional de JUNAEB, H\u00e9ctor Andrade, hicieron el lanzamiento del Plan Verano 2023 del Ministerio de Educaci\u00f3n, una serie de actividades y acciones enmarcadas en el Plan de\u2026","rel":"","context":"En &quot;Radio Norte&quot;","block_context":{"text":"Radio Norte","link":"https:\/\/radionorte.cl\/?cat=149"},"img":{"alt_text":"","src":"https:\/\/i0.wp.com\/radionorte.cl\/wp-content\/uploads\/2023\/01\/01-10.png?fit=1068%2C801&ssl=1&resize=350%2C200","width":350,"height":200,"srcset":"https:\/\/i0.wp.com\/radionorte.cl\/wp-content\/uploads\/2023\/01\/01-10.png?fit=1068%2C801&ssl=1&resize=350%2C200 1x, https:\/\/i0.wp.com\/radionorte.cl\/wp-content\/uploads\/2023\/01\/01-10.png?fit=1068%2C801&ssl=1&resize=525%2C300 1.5x, https:\/\/i0.wp.com\/radionorte.cl\/wp-content\/uploads\/2023\/01\/01-10.png?fit=1068%2C801&ssl=1&resize=700%2C400 2x, https:\/\/i0.wp.com\/radionorte.cl\/wp-content\/uploads\/2023\/01\/01-10.png?fit=1068%2C801&ssl=1&resize=1050%2C600 3x"},"classes":[]},{"id":575,"url":"https:\/\/radionorte.cl\/?p=575","url_meta":{"origin":654,"position":2},"title":"Detectan nueve zonas con aves infectadas con Influenza Aviar H5N1 en la regi\u00f3n de Antofagasta","author":"carocklina","date":"Enero 6, 2023","format":false,"excerpt":"La Direcci\u00f3n Regional de SENAPRED de Antofagasta, actualiz\u00f3 la Alerta Temprana Preventiva regional,por evento zoosanitario, que se encuentra vigente desde el 10 de diciembre de 2022 y hasta que las condiciones as\u00ed lo ameriten. De acuerdo con los antecedentes proporcionados por el Servicio Agr\u00edcola y Ganadero (SAG), en relaci\u00f3n con\u2026","rel":"","context":"En &quot;Radio Norte&quot;","block_context":{"text":"Radio Norte","link":"https:\/\/radionorte.cl\/?cat=149"},"img":{"alt_text":"","src":"https:\/\/i0.wp.com\/radionorte.cl\/wp-content\/uploads\/2023\/01\/01-5.png?fit=1080%2C675&ssl=1&resize=350%2C200","width":350,"height":200,"srcset":"https:\/\/i0.wp.com\/radionorte.cl\/wp-content\/uploads\/2023\/01\/01-5.png?fit=1080%2C675&ssl=1&resize=350%2C200 1x, https:\/\/i0.wp.com\/radionorte.cl\/wp-content\/uploads\/2023\/01\/01-5.png?fit=1080%2C675&ssl=1&resize=525%2C300 1.5x, https:\/\/i0.wp.com\/radionorte.cl\/wp-content\/uploads\/2023\/01\/01-5.png?fit=1080%2C675&ssl=1&resize=700%2C400 2x, https:\/\/i0.wp.com\/radionorte.cl\/wp-content\/uploads\/2023\/01\/01-5.png?fit=1080%2C675&ssl=1&resize=1050%2C600 3x"},"classes":[]},{"id":484,"url":"https:\/\/radionorte.cl\/?p=484","url_meta":{"origin":654,"position":3},"title":"Fauna y flora nativa del Salar de Tara vuelve a tomar territorio","author":"carocklina","date":"Diciembre 30, 2022","format":false,"excerpt":"El sitio que tiene una co-gesti\u00f3n entre la comunidad de Toconao y CONAF, ha estado cerrado al turismo desde junio del 2018, permitiendo que especies propias del sector vuelvan a habitarlo. Importantes avistamientos de especies nativas se han registrado en el Salar de Tara, ubicado a 4.300 metros sobre el\u2026","rel":"","context":"En &quot;Radio Norte&quot;","block_context":{"text":"Radio Norte","link":"https:\/\/radionorte.cl\/?cat=149"},"img":{"alt_text":"","src":"https:\/\/i0.wp.com\/radionorte.cl\/wp-content\/uploads\/2022\/12\/01-2.png?fit=1200%2C800&ssl=1&resize=350%2C200","width":350,"height":200,"srcset":"https:\/\/i0.wp.com\/radionorte.cl\/wp-content\/uploads\/2022\/12\/01-2.png?fit=1200%2C800&ssl=1&resize=350%2C200 1x, https:\/\/i0.wp.com\/radionorte.cl\/wp-content\/uploads\/2022\/12\/01-2.png?fit=1200%2C800&ssl=1&resize=525%2C300 1.5x, https:\/\/i0.wp.com\/radionorte.cl\/wp-content\/uploads\/2022\/12\/01-2.png?fit=1200%2C800&ssl=1&resize=700%2C400 2x, https:\/\/i0.wp.com\/radionorte.cl\/wp-content\/uploads\/2022\/12\/01-2.png?fit=1200%2C800&ssl=1&resize=1050%2C600 3x"},"classes":[]},{"id":467,"url":"https:\/\/radionorte.cl\/?p=467","url_meta":{"origin":654,"position":4},"title":"Intensifican fiscalizaci\u00f3n en plantas de algas pardas en la regi\u00f3n de Antofagasta","author":"carocklina","date":"Diciembre 28, 2022","format":false,"excerpt":"Tras controles a plantas y comercializadoras de algas pardas se ha detectado 46 toneladas de huiro negro barreteado que no cuentan con acreditaci\u00f3n de origen legal (AOL) o infraccionan la veda vigente en la zona en lo que va del a\u00f1o. Ante el aumento de extracci\u00f3n ilegal de algas pardas\u2026","rel":"","context":"En &quot;Radio Norte&quot;","block_context":{"text":"Radio Norte","link":"https:\/\/radionorte.cl\/?cat=149"},"img":{"alt_text":"","src":"https:\/\/i0.wp.com\/radionorte.cl\/wp-content\/uploads\/2022\/12\/02.png?fit=1200%2C674&ssl=1&resize=350%2C200","width":350,"height":200,"srcset":"https:\/\/i0.wp.com\/radionorte.cl\/wp-content\/uploads\/2022\/12\/02.png?fit=1200%2C674&ssl=1&resize=350%2C200 1x, https:\/\/i0.wp.com\/radionorte.cl\/wp-content\/uploads\/2022\/12\/02.png?fit=1200%2C674&ssl=1&resize=525%2C300 1.5x, https:\/\/i0.wp.com\/radionorte.cl\/wp-content\/uploads\/2022\/12\/02.png?fit=1200%2C674&ssl=1&resize=700%2C400 2x, https:\/\/i0.wp.com\/radionorte.cl\/wp-content\/uploads\/2022\/12\/02.png?fit=1200%2C674&ssl=1&resize=1050%2C600 3x"},"classes":[]},{"id":452,"url":"https:\/\/radionorte.cl\/?p=452","url_meta":{"origin":654,"position":5},"title":"S\u00e1dica celebra sus 10 a\u00f1os en Teatro Municipal","author":"carocklina","date":"Septiembre 1, 2022","format":false,"excerpt":"Entradas se podr\u00e1n adquirir a trav\u00e9s de Ecopass.cl La banda antofagastina \u201cS\u00e1dica\u201d prepara concierto de aniversario en el Teatro Municipal de Antofagasta. Adem\u00e1s de los estrenos en vivo de los temas \u201cTr\u00e9mula y Salvaje\u201d y \u201cLa perdici\u00f3n\u201d S\u00e1dica es una banda de rock alternativo que lleva diez a\u00f1os en la\u2026","rel":"","context":"En &quot;Radio Norte&quot;","block_context":{"text":"Radio Norte","link":"https:\/\/radionorte.cl\/?cat=149"},"img":{"alt_text":"","src":"https:\/\/i0.wp.com\/radionorte.cl\/wp-content\/uploads\/2022\/09\/WhatsApp-Image-2022-09-01-at-09.48.28.jpeg?fit=960%2C640&ssl=1&resize=350%2C200","width":350,"height":200,"srcset":"https:\/\/i0.wp.com\/radionorte.cl\/wp-content\/uploads\/2022\/09\/WhatsApp-Image-2022-09-01-at-09.48.28.jpeg?fit=960%2C640&ssl=1&resize=350%2C200 1x, https:\/\/i0.wp.com\/radionorte.cl\/wp-content\/uploads\/2022\/09\/WhatsApp-Image-2022-09-01-at-09.48.28.jpeg?fit=960%2C640&ssl=1&resize=525%2C300 1.5x, https:\/\/i0.wp.com\/radionorte.cl\/wp-content\/uploads\/2022\/09\/WhatsApp-Image-2022-09-01-at-09.48.28.jpeg?fit=960%2C640&ssl=1&resize=700%2C400 2x"},"classes":[]}],"jetpack_sharing_enabled":true,"_links":{"self":[{"href":"https:\/\/radionorte.cl\/index.php?rest_route=\/wp\/v2\/posts\/654","targetHints":{"allow":["GET"]}}],"collection":[{"href":"https:\/\/radionorte.cl\/index.php?rest_route=\/wp\/v2\/posts"}],"about":[{"href":"https:\/\/radionorte.cl\/index.php?rest_route=\/wp\/v2\/types\/post"}],"author":[{"embeddable":true,"href":"https:\/\/radionorte.cl\/index.php?rest_route=\/wp\/v2\/users\/1"}],"replies":[{"embeddable":true,"href":"https:\/\/radionorte.cl\/index.php?rest_route=%2Fwp%2Fv2%2Fcomments&post=654"}],"version-history":[{"count":1,"href":"https:\/\/radionorte.cl\/index.php?rest_route=\/wp\/v2\/posts\/654\/revisions"}],"predecessor-version":[{"id":656,"href":"https:\/\/radionorte.cl\/index.php?rest_route=\/wp\/v2\/posts\/654\/revisions\/656"}],"wp:featuredmedia":[{"embeddable":true,"href":"https:\/\/radionorte.cl\/index.php?rest_route=\/wp\/v2\/media\/655"}],"wp:attachment":[{"href":"https:\/\/radionorte.cl\/index.php?rest_route=%2Fwp%2Fv2%2Fmedia&parent=654"}],"wp:term":[{"taxonomy":"category","embeddable":true,"href":"https:\/\/radionorte.cl\/index.php?rest_route=%2Fwp%2Fv2%2Fcategories&post=654"},{"taxonomy":"post_tag","embeddable":true,"href":"https:\/\/radionorte.cl\/index.php?rest_route=%2Fwp%2Fv2%2Ftags&post=654"}],"curies":[{"name":"wp","href":"https:\/\/api.w.org\/{rel}","templated":true}]}}