{"id":676,"date":"2023-02-04T15:31:16","date_gmt":"2023-02-04T15:31:16","guid":{"rendered":"https:\/\/radionorte.cl\/?p=676"},"modified":"2023-02-04T15:31:19","modified_gmt":"2023-02-04T15:31:19","slug":"operativo-en-calama-concluyo-con-31-detenidos","status":"publish","type":"post","link":"https:\/\/radionorte.cl\/?p=676","title":{"rendered":"Operativo en Calama concluy\u00f3 con 31 detenidos"},"content":{"rendered":"\n<p>Durante cuatro d\u00edas se desarrollaron rondas por el personal de Carabineros de Calama y la patrulla Centauro de Antofagasta, dejando 31 detenidos, de los cuales doce son por mantener \u00f3rdenes vigentes y el resto por diversos delitos como porte de elementos para cometer, porte de arma blanca, robo en lugar no habitado, receptaci\u00f3n, entre otros.<\/p>\n\n\n<div class=\"wp-block-image\">\n<figure class=\"aligncenter size-large\"><img data-recalc-dims=\"1\" loading=\"lazy\" decoding=\"async\" width=\"960\" height=\"638\" src=\"https:\/\/i0.wp.com\/radionorte.cl\/wp-content\/uploads\/2023\/02\/01-3-1024x680.png?resize=960%2C638&#038;ssl=1\" alt=\"\" class=\"wp-image-677\" srcset=\"https:\/\/i0.wp.com\/radionorte.cl\/wp-content\/uploads\/2023\/02\/01-3.png?resize=1024%2C680&amp;ssl=1 1024w, https:\/\/i0.wp.com\/radionorte.cl\/wp-content\/uploads\/2023\/02\/01-3.png?resize=300%2C199&amp;ssl=1 300w, https:\/\/i0.wp.com\/radionorte.cl\/wp-content\/uploads\/2023\/02\/01-3.png?resize=768%2C510&amp;ssl=1 768w, https:\/\/i0.wp.com\/radionorte.cl\/wp-content\/uploads\/2023\/02\/01-3.png?resize=1080%2C717&amp;ssl=1 1080w, https:\/\/i0.wp.com\/radionorte.cl\/wp-content\/uploads\/2023\/02\/01-3.png?resize=980%2C651&amp;ssl=1 980w, https:\/\/i0.wp.com\/radionorte.cl\/wp-content\/uploads\/2023\/02\/01-3.png?resize=480%2C319&amp;ssl=1 480w, https:\/\/i0.wp.com\/radionorte.cl\/wp-content\/uploads\/2023\/02\/01-3.png?w=1200&amp;ssl=1 1200w\" sizes=\"auto, (max-width: 960px) 100vw, 960px\" \/><\/figure>\n<\/div>\n\n\n<p>En el trabajo desarrollado que cubri\u00f3 casi todo Calama, poniendo especial \u00e9nfasis en los sectores que han presentado mayor cantidad de denuncias en el \u00faltimo mes, tambi\u00e9n se realizaron 518 controles de identidad y 335 vehiculares. Adem\u00e1s se cursaron 36 infracciones al tr\u00e1nsito.<\/p>\n\n\n\n<p>El prefecto de Carabineros, teniente coronel Alexei Chamblas explic\u00f3 que \u201cel Escuadr\u00f3n Centauro desarroll\u00f3 una importante labor durante la presente semana. Tenemos 31 detenidos por distintos delitos, los cuales se centraron en \u00f3rdenes de detenci\u00f3n pendientes lo que implica consecuencia para esas personas que ten\u00edan esas \u00f3rdenes y estaban tratando de evadir la justicia\u201d. Asimismo, agreg\u00f3 que se presentaron \u201cotros casos como conducciones en estado de ebriedad y otros que fueron sorprendidos con elementos para cometer delitos siendo la detenci\u00f3n preventiva y conforme a la normativa legal, por otra parte, tenemos una cantidad de 500 controles de identidad y m\u00e1s de 300 controles vehiculares\u201d.<\/p>\n\n\n\n<p>El delegado presidencial provincial de El Loa, Miguel Ballesteros manifest\u00f3 que \u201chab\u00edamos dicho que era un compromiso que la unidad Centauro estuviera de manera permanente y constante y estamos cumpliendo\u201d. Esto \u201cnos permite contribuir a dar sensaci\u00f3n de seguridad, prevenci\u00f3n del delito y, adem\u00e1s, estamos cumpliendo un compromiso en las acciones y estrategias de seguridad p\u00fablica que hemos propuesto para la comuna de Calama. Estas acciones dicen relaci\u00f3n que el Escuadr\u00f3n Centauro que va venir de manera constante a Calama y sus resultados son evidentes\u201d.<\/p>\n\n\n\n<p>Asimismo, la delegada regional de Antofagasta, Karen Behrens a\u00f1adi\u00f3 que \u201cesto se suma al trabajo diario que realizan los carabineros y las carabineras a lo largo de toda nuestra regi\u00f3n, pero son important\u00edsimos por cuanto refuerzan este trabajo y por cierto producen una sensaci\u00f3n de seguridad en la poblaci\u00f3n y sobre todo en nuestra provincia de El Loa\u201d.<\/p>\n","protected":false},"excerpt":{"rendered":"<p>Durante cuatro d\u00edas se desarrollaron rondas por el personal de Carabineros de Calama y la patrulla Centauro de Antofagasta, dejando 31 detenidos, de los cuales doce son por mantener \u00f3rdenes vigentes y el resto por diversos delitos como porte de elementos para cometer, porte de arma blanca, robo en lugar no habitado, receptaci\u00f3n, entre otros. En el trabajo desarrollado que cubri\u00f3 casi todo Calama, poniendo especial \u00e9nfasis en los sectores que han presentado mayor cantidad de denuncias en el \u00faltimo mes, tambi\u00e9n se realizaron 518 controles de identidad y 335 vehiculares. Adem\u00e1s se cursaron 36 infracciones al tr\u00e1nsito. El prefecto de Carabineros, teniente coronel Alexei Chamblas explic\u00f3 que \u201cel Escuadr\u00f3n Centauro desarroll\u00f3 una importante labor durante la presente semana. Tenemos 31 detenidos por distintos delitos, los cuales se centraron en \u00f3rdenes de detenci\u00f3n pendientes lo que implica consecuencia para esas personas que ten\u00edan esas \u00f3rdenes y estaban tratando de evadir la justicia\u201d. Asimismo, agreg\u00f3 que se presentaron \u201cotros casos como conducciones en estado de ebriedad y otros que fueron sorprendidos con elementos para cometer delitos siendo la detenci\u00f3n preventiva y conforme a la normativa legal, por otra parte, tenemos una cantidad de 500 controles de identidad y m\u00e1s de 300 controles vehiculares\u201d. El delegado presidencial provincial de El Loa, Miguel Ballesteros manifest\u00f3 que \u201chab\u00edamos dicho que era un compromiso que la unidad Centauro estuviera de manera permanente y constante y estamos cumpliendo\u201d. Esto \u201cnos permite contribuir a dar sensaci\u00f3n de seguridad, prevenci\u00f3n del delito y, adem\u00e1s, estamos cumpliendo un compromiso en las acciones y estrategias de seguridad p\u00fablica que hemos propuesto para la comuna de Calama. Estas acciones dicen relaci\u00f3n que el Escuadr\u00f3n Centauro que va venir de manera constante a Calama y sus resultados son evidentes\u201d. Asimismo, la delegada regional de Antofagasta, Karen Behrens a\u00f1adi\u00f3 que \u201cesto se suma al trabajo diario que realizan los carabineros y las carabineras a lo largo de toda nuestra regi\u00f3n, pero son important\u00edsimos por cuanto refuerzan este trabajo y por cierto producen una sensaci\u00f3n de seguridad en la poblaci\u00f3n y sobre todo en nuestra provincia de El Loa\u201d.<\/p>\n","protected":false},"author":1,"featured_media":677,"comment_status":"open","ping_status":"open","sticky":false,"template":"","format":"standard","meta":{"_jetpack_memberships_contains_paid_content":false,"footnotes":""},"categories":[149],"tags":[72,67,110,148],"class_list":["post-676","post","type-post","status-publish","format-standard","has-post-thumbnail","hentry","category-escucha-online-aqui","tag-antofagasta","tag-calama","tag-carabineros","tag-operativo-policial"],"yoast_head":"<!-- This site is optimized with the Yoast SEO plugin v27.5 - https:\/\/yoast.com\/product\/yoast-seo-wordpress\/ -->\n<title>Operativo en Calama concluy\u00f3 con 31 detenidos -<\/title>\n<meta name=\"robots\" content=\"index, follow, max-snippet:-1, max-image-preview:large, max-video-preview:-1\" \/>\n<link rel=\"canonical\" href=\"https:\/\/radionorte.cl\/?p=676\" \/>\n<meta property=\"og:locale\" content=\"es_ES\" \/>\n<meta property=\"og:type\" content=\"article\" \/>\n<meta property=\"og:title\" content=\"Operativo en Calama concluy\u00f3 con 31 detenidos -\" \/>\n<meta property=\"og:description\" content=\"Durante cuatro d\u00edas se desarrollaron rondas por el personal de Carabineros de Calama y la patrulla Centauro de Antofagasta, dejando 31 detenidos, de los cuales doce son por mantener \u00f3rdenes vigentes y el resto por diversos delitos como porte de elementos para cometer, porte de arma blanca, robo en lugar no habitado, receptaci\u00f3n, entre otros. En el trabajo desarrollado que cubri\u00f3 casi todo Calama, poniendo especial \u00e9nfasis en los sectores que han presentado mayor cantidad de denuncias en el \u00faltimo mes, tambi\u00e9n se realizaron 518 controles de identidad y 335 vehiculares. Adem\u00e1s se cursaron 36 infracciones al tr\u00e1nsito. El prefecto de Carabineros, teniente coronel Alexei Chamblas explic\u00f3 que \u201cel Escuadr\u00f3n Centauro desarroll\u00f3 una importante labor durante la presente semana. Tenemos 31 detenidos por distintos delitos, los cuales se centraron en \u00f3rdenes de detenci\u00f3n pendientes lo que implica consecuencia para esas personas que ten\u00edan esas \u00f3rdenes y estaban tratando de evadir la justicia\u201d. Asimismo, agreg\u00f3 que se presentaron \u201cotros casos como conducciones en estado de ebriedad y otros que fueron sorprendidos con elementos para cometer delitos siendo la detenci\u00f3n preventiva y conforme a la normativa legal, por otra parte, tenemos una cantidad de 500 controles de identidad y m\u00e1s de 300 controles vehiculares\u201d. El delegado presidencial provincial de El Loa, Miguel Ballesteros manifest\u00f3 que \u201chab\u00edamos dicho que era un compromiso que la unidad Centauro estuviera de manera permanente y constante y estamos cumpliendo\u201d. Esto \u201cnos permite contribuir a dar sensaci\u00f3n de seguridad, prevenci\u00f3n del delito y, adem\u00e1s, estamos cumpliendo un compromiso en las acciones y estrategias de seguridad p\u00fablica que hemos propuesto para la comuna de Calama. Estas acciones dicen relaci\u00f3n que el Escuadr\u00f3n Centauro que va venir de manera constante a Calama y sus resultados son evidentes\u201d. Asimismo, la delegada regional de Antofagasta, Karen Behrens a\u00f1adi\u00f3 que \u201cesto se suma al trabajo diario que realizan los carabineros y las carabineras a lo largo de toda nuestra regi\u00f3n, pero son important\u00edsimos por cuanto refuerzan este trabajo y por cierto producen una sensaci\u00f3n de seguridad en la poblaci\u00f3n y sobre todo en nuestra provincia de El Loa\u201d.\" \/>\n<meta property=\"og:url\" content=\"https:\/\/radionorte.cl\/?p=676\" \/>\n<meta property=\"article:published_time\" content=\"2023-02-04T15:31:16+00:00\" \/>\n<meta property=\"article:modified_time\" content=\"2023-02-04T15:31:19+00:00\" \/>\n<meta property=\"og:image\" content=\"http:\/\/radionorte.cl\/wp-content\/uploads\/2023\/02\/01-3.png\" \/>\n\t<meta property=\"og:image:width\" content=\"1200\" \/>\n\t<meta property=\"og:image:height\" content=\"797\" \/>\n\t<meta property=\"og:image:type\" content=\"image\/png\" \/>\n<meta name=\"author\" content=\"carocklina\" \/>\n<meta name=\"twitter:card\" content=\"summary_large_image\" \/>\n<meta name=\"twitter:label1\" content=\"Escrito por\" \/>\n\t<meta name=\"twitter:data1\" content=\"carocklina\" \/>\n\t<meta name=\"twitter:label2\" content=\"Tiempo estimado de lectura\" \/>\n\t<meta name=\"twitter:data2\" content=\"2 minutos\" \/>\n<script type=\"application\/ld+json\" class=\"yoast-schema-graph\">{\"@context\":\"https:\\\/\\\/schema.org\",\"@graph\":[{\"@type\":\"Article\",\"@id\":\"https:\\\/\\\/radionorte.cl\\\/?p=676#article\",\"isPartOf\":{\"@id\":\"https:\\\/\\\/radionorte.cl\\\/?p=676\"},\"author\":{\"name\":\"carocklina\",\"@id\":\"https:\\\/\\\/radionorte.cl\\\/#\\\/schema\\\/person\\\/baacf6923dce8651ca2587cbf14dbef2\"},\"headline\":\"Operativo en Calama concluy\u00f3 con 31 detenidos\",\"datePublished\":\"2023-02-04T15:31:16+00:00\",\"dateModified\":\"2023-02-04T15:31:19+00:00\",\"mainEntityOfPage\":{\"@id\":\"https:\\\/\\\/radionorte.cl\\\/?p=676\"},\"wordCount\":366,\"commentCount\":0,\"image\":{\"@id\":\"https:\\\/\\\/radionorte.cl\\\/?p=676#primaryimage\"},\"thumbnailUrl\":\"https:\\\/\\\/i0.wp.com\\\/radionorte.cl\\\/wp-content\\\/uploads\\\/2023\\\/02\\\/01-3.png?fit=1200%2C797&ssl=1\",\"keywords\":[\"Antofagasta\",\"Calama\",\"Carabineros\",\"operativo policial\"],\"articleSection\":[\"Radio Norte\"],\"inLanguage\":\"es-CL\",\"potentialAction\":[{\"@type\":\"CommentAction\",\"name\":\"Comment\",\"target\":[\"https:\\\/\\\/radionorte.cl\\\/?p=676#respond\"]}]},{\"@type\":\"WebPage\",\"@id\":\"https:\\\/\\\/radionorte.cl\\\/?p=676\",\"url\":\"https:\\\/\\\/radionorte.cl\\\/?p=676\",\"name\":\"Operativo en Calama concluy\u00f3 con 31 detenidos -\",\"isPartOf\":{\"@id\":\"https:\\\/\\\/radionorte.cl\\\/#website\"},\"primaryImageOfPage\":{\"@id\":\"https:\\\/\\\/radionorte.cl\\\/?p=676#primaryimage\"},\"image\":{\"@id\":\"https:\\\/\\\/radionorte.cl\\\/?p=676#primaryimage\"},\"thumbnailUrl\":\"https:\\\/\\\/i0.wp.com\\\/radionorte.cl\\\/wp-content\\\/uploads\\\/2023\\\/02\\\/01-3.png?fit=1200%2C797&ssl=1\",\"datePublished\":\"2023-02-04T15:31:16+00:00\",\"dateModified\":\"2023-02-04T15:31:19+00:00\",\"author\":{\"@id\":\"https:\\\/\\\/radionorte.cl\\\/#\\\/schema\\\/person\\\/baacf6923dce8651ca2587cbf14dbef2\"},\"breadcrumb\":{\"@id\":\"https:\\\/\\\/radionorte.cl\\\/?p=676#breadcrumb\"},\"inLanguage\":\"es-CL\",\"potentialAction\":[{\"@type\":\"ReadAction\",\"target\":[\"https:\\\/\\\/radionorte.cl\\\/?p=676\"]}]},{\"@type\":\"ImageObject\",\"inLanguage\":\"es-CL\",\"@id\":\"https:\\\/\\\/radionorte.cl\\\/?p=676#primaryimage\",\"url\":\"https:\\\/\\\/i0.wp.com\\\/radionorte.cl\\\/wp-content\\\/uploads\\\/2023\\\/02\\\/01-3.png?fit=1200%2C797&ssl=1\",\"contentUrl\":\"https:\\\/\\\/i0.wp.com\\\/radionorte.cl\\\/wp-content\\\/uploads\\\/2023\\\/02\\\/01-3.png?fit=1200%2C797&ssl=1\",\"width\":1200,\"height\":797},{\"@type\":\"BreadcrumbList\",\"@id\":\"https:\\\/\\\/radionorte.cl\\\/?p=676#breadcrumb\",\"itemListElement\":[{\"@type\":\"ListItem\",\"position\":1,\"name\":\"Home\",\"item\":\"https:\\\/\\\/radionorte.cl\\\/\"},{\"@type\":\"ListItem\",\"position\":2,\"name\":\"Operativo en Calama concluy\u00f3 con 31 detenidos\"}]},{\"@type\":\"WebSite\",\"@id\":\"https:\\\/\\\/radionorte.cl\\\/#website\",\"url\":\"https:\\\/\\\/radionorte.cl\\\/\",\"name\":\"\",\"description\":\"\",\"potentialAction\":[{\"@type\":\"SearchAction\",\"target\":{\"@type\":\"EntryPoint\",\"urlTemplate\":\"https:\\\/\\\/radionorte.cl\\\/?s={search_term_string}\"},\"query-input\":{\"@type\":\"PropertyValueSpecification\",\"valueRequired\":true,\"valueName\":\"search_term_string\"}}],\"inLanguage\":\"es-CL\"},{\"@type\":\"Person\",\"@id\":\"https:\\\/\\\/radionorte.cl\\\/#\\\/schema\\\/person\\\/baacf6923dce8651ca2587cbf14dbef2\",\"name\":\"carocklina\",\"image\":{\"@type\":\"ImageObject\",\"inLanguage\":\"es-CL\",\"@id\":\"https:\\\/\\\/secure.gravatar.com\\\/avatar\\\/9edc52d7207ebb4d2bce985a253a7e2e313a7e3ced068ec36b73c76301b89836?s=96&d=mm&r=g\",\"url\":\"https:\\\/\\\/secure.gravatar.com\\\/avatar\\\/9edc52d7207ebb4d2bce985a253a7e2e313a7e3ced068ec36b73c76301b89836?s=96&d=mm&r=g\",\"contentUrl\":\"https:\\\/\\\/secure.gravatar.com\\\/avatar\\\/9edc52d7207ebb4d2bce985a253a7e2e313a7e3ced068ec36b73c76301b89836?s=96&d=mm&r=g\",\"caption\":\"carocklina\"},\"sameAs\":[\"http:\\\/\\\/radionorte.cl\"],\"url\":\"https:\\\/\\\/radionorte.cl\\\/?author=1\"}]}<\/script>\n<!-- \/ Yoast SEO plugin. -->","yoast_head_json":{"title":"Operativo en Calama concluy\u00f3 con 31 detenidos -","robots":{"index":"index","follow":"follow","max-snippet":"max-snippet:-1","max-image-preview":"max-image-preview:large","max-video-preview":"max-video-preview:-1"},"canonical":"https:\/\/radionorte.cl\/?p=676","og_locale":"es_ES","og_type":"article","og_title":"Operativo en Calama concluy\u00f3 con 31 detenidos -","og_description":"Durante cuatro d\u00edas se desarrollaron rondas por el personal de Carabineros de Calama y la patrulla Centauro de Antofagasta, dejando 31 detenidos, de los cuales doce son por mantener \u00f3rdenes vigentes y el resto por diversos delitos como porte de elementos para cometer, porte de arma blanca, robo en lugar no habitado, receptaci\u00f3n, entre otros. En el trabajo desarrollado que cubri\u00f3 casi todo Calama, poniendo especial \u00e9nfasis en los sectores que han presentado mayor cantidad de denuncias en el \u00faltimo mes, tambi\u00e9n se realizaron 518 controles de identidad y 335 vehiculares. Adem\u00e1s se cursaron 36 infracciones al tr\u00e1nsito. El prefecto de Carabineros, teniente coronel Alexei Chamblas explic\u00f3 que \u201cel Escuadr\u00f3n Centauro desarroll\u00f3 una importante labor durante la presente semana. Tenemos 31 detenidos por distintos delitos, los cuales se centraron en \u00f3rdenes de detenci\u00f3n pendientes lo que implica consecuencia para esas personas que ten\u00edan esas \u00f3rdenes y estaban tratando de evadir la justicia\u201d. Asimismo, agreg\u00f3 que se presentaron \u201cotros casos como conducciones en estado de ebriedad y otros que fueron sorprendidos con elementos para cometer delitos siendo la detenci\u00f3n preventiva y conforme a la normativa legal, por otra parte, tenemos una cantidad de 500 controles de identidad y m\u00e1s de 300 controles vehiculares\u201d. El delegado presidencial provincial de El Loa, Miguel Ballesteros manifest\u00f3 que \u201chab\u00edamos dicho que era un compromiso que la unidad Centauro estuviera de manera permanente y constante y estamos cumpliendo\u201d. Esto \u201cnos permite contribuir a dar sensaci\u00f3n de seguridad, prevenci\u00f3n del delito y, adem\u00e1s, estamos cumpliendo un compromiso en las acciones y estrategias de seguridad p\u00fablica que hemos propuesto para la comuna de Calama. Estas acciones dicen relaci\u00f3n que el Escuadr\u00f3n Centauro que va venir de manera constante a Calama y sus resultados son evidentes\u201d. Asimismo, la delegada regional de Antofagasta, Karen Behrens a\u00f1adi\u00f3 que \u201cesto se suma al trabajo diario que realizan los carabineros y las carabineras a lo largo de toda nuestra regi\u00f3n, pero son important\u00edsimos por cuanto refuerzan este trabajo y por cierto producen una sensaci\u00f3n de seguridad en la poblaci\u00f3n y sobre todo en nuestra provincia de El Loa\u201d.","og_url":"https:\/\/radionorte.cl\/?p=676","article_published_time":"2023-02-04T15:31:16+00:00","article_modified_time":"2023-02-04T15:31:19+00:00","og_image":[{"width":1200,"height":797,"url":"http:\/\/radionorte.cl\/wp-content\/uploads\/2023\/02\/01-3.png","type":"image\/png"}],"author":"carocklina","twitter_card":"summary_large_image","twitter_misc":{"Escrito por":"carocklina","Tiempo estimado de lectura":"2 minutos"},"schema":{"@context":"https:\/\/schema.org","@graph":[{"@type":"Article","@id":"https:\/\/radionorte.cl\/?p=676#article","isPartOf":{"@id":"https:\/\/radionorte.cl\/?p=676"},"author":{"name":"carocklina","@id":"https:\/\/radionorte.cl\/#\/schema\/person\/baacf6923dce8651ca2587cbf14dbef2"},"headline":"Operativo en Calama concluy\u00f3 con 31 detenidos","datePublished":"2023-02-04T15:31:16+00:00","dateModified":"2023-02-04T15:31:19+00:00","mainEntityOfPage":{"@id":"https:\/\/radionorte.cl\/?p=676"},"wordCount":366,"commentCount":0,"image":{"@id":"https:\/\/radionorte.cl\/?p=676#primaryimage"},"thumbnailUrl":"https:\/\/i0.wp.com\/radionorte.cl\/wp-content\/uploads\/2023\/02\/01-3.png?fit=1200%2C797&ssl=1","keywords":["Antofagasta","Calama","Carabineros","operativo policial"],"articleSection":["Radio Norte"],"inLanguage":"es-CL","potentialAction":[{"@type":"CommentAction","name":"Comment","target":["https:\/\/radionorte.cl\/?p=676#respond"]}]},{"@type":"WebPage","@id":"https:\/\/radionorte.cl\/?p=676","url":"https:\/\/radionorte.cl\/?p=676","name":"Operativo en Calama concluy\u00f3 con 31 detenidos -","isPartOf":{"@id":"https:\/\/radionorte.cl\/#website"},"primaryImageOfPage":{"@id":"https:\/\/radionorte.cl\/?p=676#primaryimage"},"image":{"@id":"https:\/\/radionorte.cl\/?p=676#primaryimage"},"thumbnailUrl":"https:\/\/i0.wp.com\/radionorte.cl\/wp-content\/uploads\/2023\/02\/01-3.png?fit=1200%2C797&ssl=1","datePublished":"2023-02-04T15:31:16+00:00","dateModified":"2023-02-04T15:31:19+00:00","author":{"@id":"https:\/\/radionorte.cl\/#\/schema\/person\/baacf6923dce8651ca2587cbf14dbef2"},"breadcrumb":{"@id":"https:\/\/radionorte.cl\/?p=676#breadcrumb"},"inLanguage":"es-CL","potentialAction":[{"@type":"ReadAction","target":["https:\/\/radionorte.cl\/?p=676"]}]},{"@type":"ImageObject","inLanguage":"es-CL","@id":"https:\/\/radionorte.cl\/?p=676#primaryimage","url":"https:\/\/i0.wp.com\/radionorte.cl\/wp-content\/uploads\/2023\/02\/01-3.png?fit=1200%2C797&ssl=1","contentUrl":"https:\/\/i0.wp.com\/radionorte.cl\/wp-content\/uploads\/2023\/02\/01-3.png?fit=1200%2C797&ssl=1","width":1200,"height":797},{"@type":"BreadcrumbList","@id":"https:\/\/radionorte.cl\/?p=676#breadcrumb","itemListElement":[{"@type":"ListItem","position":1,"name":"Home","item":"https:\/\/radionorte.cl\/"},{"@type":"ListItem","position":2,"name":"Operativo en Calama concluy\u00f3 con 31 detenidos"}]},{"@type":"WebSite","@id":"https:\/\/radionorte.cl\/#website","url":"https:\/\/radionorte.cl\/","name":"","description":"","potentialAction":[{"@type":"SearchAction","target":{"@type":"EntryPoint","urlTemplate":"https:\/\/radionorte.cl\/?s={search_term_string}"},"query-input":{"@type":"PropertyValueSpecification","valueRequired":true,"valueName":"search_term_string"}}],"inLanguage":"es-CL"},{"@type":"Person","@id":"https:\/\/radionorte.cl\/#\/schema\/person\/baacf6923dce8651ca2587cbf14dbef2","name":"carocklina","image":{"@type":"ImageObject","inLanguage":"es-CL","@id":"https:\/\/secure.gravatar.com\/avatar\/9edc52d7207ebb4d2bce985a253a7e2e313a7e3ced068ec36b73c76301b89836?s=96&d=mm&r=g","url":"https:\/\/secure.gravatar.com\/avatar\/9edc52d7207ebb4d2bce985a253a7e2e313a7e3ced068ec36b73c76301b89836?s=96&d=mm&r=g","contentUrl":"https:\/\/secure.gravatar.com\/avatar\/9edc52d7207ebb4d2bce985a253a7e2e313a7e3ced068ec36b73c76301b89836?s=96&d=mm&r=g","caption":"carocklina"},"sameAs":["http:\/\/radionorte.cl"],"url":"https:\/\/radionorte.cl\/?author=1"}]}},"jetpack_featured_media_url":"https:\/\/i0.wp.com\/radionorte.cl\/wp-content\/uploads\/2023\/02\/01-3.png?fit=1200%2C797&ssl=1","jetpack-related-posts":[{"id":579,"url":"https:\/\/radionorte.cl\/?p=579","url_meta":{"origin":676,"position":0},"title":"Robo de camioneta en Calama: Delincuente fingi\u00f3 ser la v\u00edctima para evitar su detenci\u00f3n","author":"carocklina","date":"Enero 7, 2023","format":false,"excerpt":"Durante la jornada de este s\u00e1bado se concret\u00f3 la detenci\u00f3n de un sujeto involucrado en el robo con violencia de una camioneta, ocurrido el pasado mi\u00e9rcoles 4 de enero, en la ciudad de Calama. Sobre este caso, ya se hab\u00edan detenido a tres personas, sin embargo, mediante las diligencias investigativas\u2026","rel":"","context":"En &quot;Radio Norte&quot;","block_context":{"text":"Radio Norte","link":"https:\/\/radionorte.cl\/?cat=149"},"img":{"alt_text":"","src":"https:\/\/i0.wp.com\/radionorte.cl\/wp-content\/uploads\/2023\/01\/01-6.png?fit=712%2C380&ssl=1&resize=350%2C200","width":350,"height":200,"srcset":"https:\/\/i0.wp.com\/radionorte.cl\/wp-content\/uploads\/2023\/01\/01-6.png?fit=712%2C380&ssl=1&resize=350%2C200 1x, https:\/\/i0.wp.com\/radionorte.cl\/wp-content\/uploads\/2023\/01\/01-6.png?fit=712%2C380&ssl=1&resize=525%2C300 1.5x, https:\/\/i0.wp.com\/radionorte.cl\/wp-content\/uploads\/2023\/01\/01-6.png?fit=712%2C380&ssl=1&resize=700%2C400 2x"},"classes":[]},{"id":589,"url":"https:\/\/radionorte.cl\/?p=589","url_meta":{"origin":676,"position":1},"title":"Investigan muerte de joven de 21 a\u00f1os que fue atropellado y golpeado en Antofagasta","author":"carocklina","date":"Enero 10, 2023","format":false,"excerpt":"Un video viralizado por redes sociales es el crudo testimonio del atropello ocurrido el domingo 08 de enero en av. Edmundo P\u00e9rez Zujovic con los Tamarugos en el sector norte de Antofagasta. En este sentido el Prefecto de Antofagasta, coronel \u00c1lvaro Mu\u00f1oz, consultado por este hecho y que 12:00 horas\u2026","rel":"","context":"En &quot;Radio Norte&quot;","block_context":{"text":"Radio Norte","link":"https:\/\/radionorte.cl\/?cat=149"},"img":{"alt_text":"","src":"https:\/\/i0.wp.com\/radionorte.cl\/wp-content\/uploads\/2023\/01\/01-8.png?fit=894%2C603&ssl=1&resize=350%2C200","width":350,"height":200,"srcset":"https:\/\/i0.wp.com\/radionorte.cl\/wp-content\/uploads\/2023\/01\/01-8.png?fit=894%2C603&ssl=1&resize=350%2C200 1x, https:\/\/i0.wp.com\/radionorte.cl\/wp-content\/uploads\/2023\/01\/01-8.png?fit=894%2C603&ssl=1&resize=525%2C300 1.5x, https:\/\/i0.wp.com\/radionorte.cl\/wp-content\/uploads\/2023\/01\/01-8.png?fit=894%2C603&ssl=1&resize=700%2C400 2x"},"classes":[]},{"id":586,"url":"https:\/\/radionorte.cl\/?p=586","url_meta":{"origin":676,"position":2},"title":"Calama: Operativo de limpieza en Yalquincha dej\u00f3 m\u00e1s de 12 toneladas de retiro de basura","author":"carocklina","date":"Enero 9, 2023","format":false,"excerpt":"Con el compromiso de mantener un oasis libre de contaminaci\u00f3n, el municipio de Calama trabaja en distintos puntos de la ciudad para mantener sus \u00e1reas verdes. Este fin de semana se realiz\u00f3 un nuevo operativo de limpieza en la ciudad de Calama, compromiso que el Alcalde Eliecer Chamorro Vargas contin\u00faa\u2026","rel":"","context":"En &quot;Radio Norte&quot;","block_context":{"text":"Radio Norte","link":"https:\/\/radionorte.cl\/?cat=149"},"img":{"alt_text":"","src":"https:\/\/i0.wp.com\/radionorte.cl\/wp-content\/uploads\/2023\/01\/01-7.png?fit=760%2C571&ssl=1&resize=350%2C200","width":350,"height":200,"srcset":"https:\/\/i0.wp.com\/radionorte.cl\/wp-content\/uploads\/2023\/01\/01-7.png?fit=760%2C571&ssl=1&resize=350%2C200 1x, https:\/\/i0.wp.com\/radionorte.cl\/wp-content\/uploads\/2023\/01\/01-7.png?fit=760%2C571&ssl=1&resize=525%2C300 1.5x, https:\/\/i0.wp.com\/radionorte.cl\/wp-content\/uploads\/2023\/01\/01-7.png?fit=760%2C571&ssl=1&resize=700%2C400 2x"},"classes":[]},{"id":593,"url":"https:\/\/radionorte.cl\/?p=593","url_meta":{"origin":676,"position":3},"title":"Calama: Recuperan autom\u00f3vil robado en Santiago y detienen a una persona imputada por Receptaci\u00f3n","author":"carocklina","date":"Enero 11, 2023","format":false,"excerpt":"Detectives de la Brigada Investigadora de Robos Calama, en coordinaci\u00f3n con la Fiscal\u00eda Local, lograron la detenci\u00f3n flagrante de una persona a quien se le imputa el delito de Receptaci\u00f3n de Veh\u00edculo Motorizado y portar una patente falsa. El hecho se inici\u00f3 en los estacionamientos de un supermercado, cuando los\u2026","rel":"","context":"En &quot;Radio Norte&quot;","block_context":{"text":"Radio Norte","link":"https:\/\/radionorte.cl\/?cat=149"},"img":{"alt_text":"","src":"https:\/\/i0.wp.com\/radionorte.cl\/wp-content\/uploads\/2023\/01\/01-9.png?fit=765%2C500&ssl=1&resize=350%2C200","width":350,"height":200,"srcset":"https:\/\/i0.wp.com\/radionorte.cl\/wp-content\/uploads\/2023\/01\/01-9.png?fit=765%2C500&ssl=1&resize=350%2C200 1x, https:\/\/i0.wp.com\/radionorte.cl\/wp-content\/uploads\/2023\/01\/01-9.png?fit=765%2C500&ssl=1&resize=525%2C300 1.5x, https:\/\/i0.wp.com\/radionorte.cl\/wp-content\/uploads\/2023\/01\/01-9.png?fit=765%2C500&ssl=1&resize=700%2C400 2x"},"classes":[]},{"id":611,"url":"https:\/\/radionorte.cl\/?p=611","url_meta":{"origin":676,"position":4},"title":"Lanzan Plan de Verano con miras a la reactivaci\u00f3n de aprendizajes en ni\u00f1as, ni\u00f1os y adolescentes de la regi\u00f3n de Antofagasta","author":"carocklina","date":"Enero 12, 2023","format":false,"excerpt":"En las colonias escolares realizadas en el Colegio T\u00e9cnico Industrial Don Bosco de Antofagasta, el seremi de Educaci\u00f3n, Alberto Santander, junto al director regional de JUNAEB, H\u00e9ctor Andrade, hicieron el lanzamiento del Plan Verano 2023 del Ministerio de Educaci\u00f3n, una serie de actividades y acciones enmarcadas en el Plan de\u2026","rel":"","context":"En &quot;Radio Norte&quot;","block_context":{"text":"Radio Norte","link":"https:\/\/radionorte.cl\/?cat=149"},"img":{"alt_text":"","src":"https:\/\/i0.wp.com\/radionorte.cl\/wp-content\/uploads\/2023\/01\/01-10.png?fit=1068%2C801&ssl=1&resize=350%2C200","width":350,"height":200,"srcset":"https:\/\/i0.wp.com\/radionorte.cl\/wp-content\/uploads\/2023\/01\/01-10.png?fit=1068%2C801&ssl=1&resize=350%2C200 1x, https:\/\/i0.wp.com\/radionorte.cl\/wp-content\/uploads\/2023\/01\/01-10.png?fit=1068%2C801&ssl=1&resize=525%2C300 1.5x, https:\/\/i0.wp.com\/radionorte.cl\/wp-content\/uploads\/2023\/01\/01-10.png?fit=1068%2C801&ssl=1&resize=700%2C400 2x, https:\/\/i0.wp.com\/radionorte.cl\/wp-content\/uploads\/2023\/01\/01-10.png?fit=1068%2C801&ssl=1&resize=1050%2C600 3x"},"classes":[]},{"id":647,"url":"https:\/\/radionorte.cl\/?p=647","url_meta":{"origin":676,"position":5},"title":"Realizan nuevo operativo para retirar ocupaciones irregulares en el sector norte de Antofagasta","author":"carocklina","date":"Enero 25, 2023","format":false,"excerpt":"Este mi\u00e9rcoles 25 de enero, la Delegaci\u00f3n Presidencial Regional de Antofagasta, realiz\u00f3 un nuevo operativo para desalojar a las ocupaciones irregulares, esta vez en el sector norte de la capital regional. La Unidad Territorial de la DPR, en coordinaci\u00f3n con Carabineros, Armada y municipalidad, durante la ma\u00f1ana de este mi\u00e9rcoles,\u2026","rel":"","context":"En &quot;Radio Norte&quot;","block_context":{"text":"Radio Norte","link":"https:\/\/radionorte.cl\/?cat=149"},"img":{"alt_text":"","src":"https:\/\/i0.wp.com\/radionorte.cl\/wp-content\/uploads\/2023\/01\/01-19.png?fit=820%2C460&ssl=1&resize=350%2C200","width":350,"height":200,"srcset":"https:\/\/i0.wp.com\/radionorte.cl\/wp-content\/uploads\/2023\/01\/01-19.png?fit=820%2C460&ssl=1&resize=350%2C200 1x, https:\/\/i0.wp.com\/radionorte.cl\/wp-content\/uploads\/2023\/01\/01-19.png?fit=820%2C460&ssl=1&resize=525%2C300 1.5x, https:\/\/i0.wp.com\/radionorte.cl\/wp-content\/uploads\/2023\/01\/01-19.png?fit=820%2C460&ssl=1&resize=700%2C400 2x"},"classes":[]}],"jetpack_sharing_enabled":true,"_links":{"self":[{"href":"https:\/\/radionorte.cl\/index.php?rest_route=\/wp\/v2\/posts\/676","targetHints":{"allow":["GET"]}}],"collection":[{"href":"https:\/\/radionorte.cl\/index.php?rest_route=\/wp\/v2\/posts"}],"about":[{"href":"https:\/\/radionorte.cl\/index.php?rest_route=\/wp\/v2\/types\/post"}],"author":[{"embeddable":true,"href":"https:\/\/radionorte.cl\/index.php?rest_route=\/wp\/v2\/users\/1"}],"replies":[{"embeddable":true,"href":"https:\/\/radionorte.cl\/index.php?rest_route=%2Fwp%2Fv2%2Fcomments&post=676"}],"version-history":[{"count":1,"href":"https:\/\/radionorte.cl\/index.php?rest_route=\/wp\/v2\/posts\/676\/revisions"}],"predecessor-version":[{"id":678,"href":"https:\/\/radionorte.cl\/index.php?rest_route=\/wp\/v2\/posts\/676\/revisions\/678"}],"wp:featuredmedia":[{"embeddable":true,"href":"https:\/\/radionorte.cl\/index.php?rest_route=\/wp\/v2\/media\/677"}],"wp:attachment":[{"href":"https:\/\/radionorte.cl\/index.php?rest_route=%2Fwp%2Fv2%2Fmedia&parent=676"}],"wp:term":[{"taxonomy":"category","embeddable":true,"href":"https:\/\/radionorte.cl\/index.php?rest_route=%2Fwp%2Fv2%2Fcategories&post=676"},{"taxonomy":"post_tag","embeddable":true,"href":"https:\/\/radionorte.cl\/index.php?rest_route=%2Fwp%2Fv2%2Ftags&post=676"}],"curies":[{"name":"wp","href":"https:\/\/api.w.org\/{rel}","templated":true}]}}